{"id":1018,"date":"2012-08-14T19:36:27","date_gmt":"2012-08-14T19:36:27","guid":{"rendered":"http:\/\/sundalsryr.se\/?p=1018"},"modified":"2012-08-14T19:36:27","modified_gmt":"2012-08-14T19:36:27","slug":"nu-ar-det-pa-gang","status":"publish","type":"post","link":"http:\/\/sundalsryr.se\/?p=1018","title":{"rendered":"Nu \u00e4r det p\u00e5 g\u00e5ng"},"content":{"rendered":"<p><a href=\"http:\/\/sundalsryr.se\/wp-content\/uploads\/2012\/08\/DSC01254.jpg\"><img loading=\"lazy\" decoding=\"async\" class=\"aligncenter size-medium wp-image-1019\" src=\"http:\/\/sundalsryr.se\/wp-content\/uploads\/2012\/08\/DSC01254-225x300.jpg\" alt=\"\" width=\"225\" height=\"300\" srcset=\"http:\/\/sundalsryr.se\/wp-content\/uploads\/2012\/08\/DSC01254-225x300.jpg 225w, http:\/\/sundalsryr.se\/wp-content\/uploads\/2012\/08\/DSC01254.jpg 480w\" sizes=\"(max-width: 225px) 100vw, 225px\" \/><\/a><\/p>\n<p>Nu \u00e4r det dags att b\u00f6rja h\u00e5lla utkik i brevl\u00e5dan efter det nya fina Byabladet!<\/p>\n<p>F\u00f6rsta aktiviteten \u00e4r friluftsgudstj\u00e4nsten p\u00e5 granan nu p\u00e5 s\u00f6ndag den 19e. Ett \u00e5rligt sammarbetet mellan kyrkan, LRF och byalaget.<\/p>\n<p>Innan dess hoppas vi att alla har f\u00e5tt sitt byablad i brevl\u00e5dan. Har ni inte f\u00e5tt det, s\u00e5 h\u00f6r av er till n\u00e5gon i styrelsen, v\u00e5r ambition \u00e4r att ALLA \u00a0i hela sundals-ryr ska f\u00e5 \u00e5rets program i sin l\u00e5da. F\u00f6r de som bor utanf\u00f6r socknen, men \u00e4nd\u00e5 vill ha ett ex s\u00e5 \u00a0finns det byablad att h\u00e4mta p\u00e5 halloncaf\u00e9t i Evenstorp och p\u00e5 m\u00f6belh\u00f6rnan i Br\u00e5landa.<\/p>\n<p>Vi hoppas p\u00e5 en fin och aktiv h\u00f6st !<\/p>\n","protected":false},"excerpt":{"rendered":"<p>Nu \u00e4r det dags att b\u00f6rja h\u00e5lla utkik i brevl\u00e5dan efter det nya fina Byabladet! F\u00f6rsta aktiviteten \u00e4r friluftsgudstj\u00e4nsten p\u00e5 granan nu p\u00e5 s\u00f6ndag den 19e. Ett \u00e5rligt sammarbetet mellan kyrkan, LRF och byalaget. Innan dess hoppas vi att alla har f\u00e5tt sitt byablad i brevl\u00e5dan. Har ni inte f\u00e5tt det, s\u00e5 h\u00f6r av er&#8230;<\/p>\n","protected":false},"author":3,"featured_media":0,"comment_status":"open","ping_status":"open","sticky":false,"template":"","format":"standard","meta":{"_monsterinsights_skip_tracking":false,"_monsterinsights_sitenote_active":false,"_monsterinsights_sitenote_note":"","_monsterinsights_sitenote_category":0,"footnotes":""},"categories":[1],"tags":[],"class_list":["post-1018","post","type-post","status-publish","format-standard","hentry","category-aktuellt"],"_links":{"self":[{"href":"http:\/\/sundalsryr.se\/index.php?rest_route=\/wp\/v2\/posts\/1018"}],"collection":[{"href":"http:\/\/sundalsryr.se\/index.php?rest_route=\/wp\/v2\/posts"}],"about":[{"href":"http:\/\/sundalsryr.se\/index.php?rest_route=\/wp\/v2\/types\/post"}],"author":[{"embeddable":true,"href":"http:\/\/sundalsryr.se\/index.php?rest_route=\/wp\/v2\/users\/3"}],"replies":[{"embeddable":true,"href":"http:\/\/sundalsryr.se\/index.php?rest_route=%2Fwp%2Fv2%2Fcomments&post=1018"}],"version-history":[{"count":2,"href":"http:\/\/sundalsryr.se\/index.php?rest_route=\/wp\/v2\/posts\/1018\/revisions"}],"predecessor-version":[{"id":1021,"href":"http:\/\/sundalsryr.se\/index.php?rest_route=\/wp\/v2\/posts\/1018\/revisions\/1021"}],"wp:attachment":[{"href":"http:\/\/sundalsryr.se\/index.php?rest_route=%2Fwp%2Fv2%2Fmedia&parent=1018"}],"wp:term":[{"taxonomy":"category","embeddable":true,"href":"http:\/\/sundalsryr.se\/index.php?rest_route=%2Fwp%2Fv2%2Fcategories&post=1018"},{"taxonomy":"post_tag","embeddable":true,"href":"http:\/\/sundalsryr.se\/index.php?rest_route=%2Fwp%2Fv2%2Ftags&post=1018"}],"curies":[{"name":"wp","href":"https:\/\/api.w.org\/{rel}","templated":true}]}}