{"id":1031,"date":"2012-08-26T16:59:03","date_gmt":"2012-08-26T16:59:03","guid":{"rendered":"http:\/\/sundalsryr.se\/?p=1031"},"modified":"2012-08-26T16:59:03","modified_gmt":"2012-08-26T16:59:03","slug":"friluftsgudstjanst-pa-granan-2","status":"publish","type":"post","link":"http:\/\/sundalsryr.se\/?p=1031","title":{"rendered":"Friluftsgudstj\u00e4nst p\u00e5 Granan"},"content":{"rendered":"<p>S\u00f6ndagen den 19 augusti samlades n\u00e4rmare 100 personer vid Skidstugan p\u00e5 Granan f\u00f6r att delta i den tradionella friluftsgudstj\u00e4nsten. Det \u00e4 ett samarbete mellan svenska kyrkan, LRF och byalaget som nu har p\u00e5g\u00e5tt i m\u00e5nga \u00e5r. Bes\u00f6karna fick i \u00e5r avnjuta gitarrmusik. LRF bj\u00f6d p\u00e5 grillad korv.<\/p>\n<p><a href=\"http:\/\/sundalsryr.se\/wp-content\/uploads\/2012\/08\/026.jpg\"><img loading=\"lazy\" decoding=\"async\" class=\"alignleft size-medium wp-image-1032\" title=\"026\" src=\"http:\/\/sundalsryr.se\/wp-content\/uploads\/2012\/08\/026-300x225.jpg\" alt=\"\" width=\"300\" height=\"225\" srcset=\"http:\/\/sundalsryr.se\/wp-content\/uploads\/2012\/08\/026-300x225.jpg 300w, http:\/\/sundalsryr.se\/wp-content\/uploads\/2012\/08\/026-1024x768.jpg 1024w\" sizes=\"(max-width: 300px) 100vw, 300px\" \/><\/a><\/p>\n<p><a href=\"http:\/\/sundalsryr.se\/wp-content\/uploads\/2012\/08\/017.jpg\"><img loading=\"lazy\" decoding=\"async\" class=\"alignleft size-medium wp-image-1033\" title=\"Friluftsgudstj\u00e4nst 2012\" src=\"http:\/\/sundalsryr.se\/wp-content\/uploads\/2012\/08\/017-300x225.jpg\" alt=\"\" width=\"300\" height=\"225\" srcset=\"http:\/\/sundalsryr.se\/wp-content\/uploads\/2012\/08\/017-300x225.jpg 300w, http:\/\/sundalsryr.se\/wp-content\/uploads\/2012\/08\/017-1024x768.jpg 1024w\" sizes=\"(max-width: 300px) 100vw, 300px\" \/><\/a><\/p>\n","protected":false},"excerpt":{"rendered":"<p>S\u00f6ndagen den 19 augusti samlades n\u00e4rmare 100 personer vid Skidstugan p\u00e5 Granan f\u00f6r att delta i den tradionella friluftsgudstj\u00e4nsten. Det \u00e4 ett samarbete mellan svenska kyrkan, LRF och byalaget som nu har p\u00e5g\u00e5tt i m\u00e5nga \u00e5r. Bes\u00f6karna fick i \u00e5r avnjuta gitarrmusik. LRF bj\u00f6d p\u00e5 grillad korv.<\/p>\n","protected":false},"author":2,"featured_media":0,"comment_status":"open","ping_status":"open","sticky":false,"template":"","format":"standard","meta":{"_monsterinsights_skip_tracking":false,"_monsterinsights_sitenote_active":false,"_monsterinsights_sitenote_note":"","_monsterinsights_sitenote_category":0,"footnotes":""},"categories":[1],"tags":[],"class_list":["post-1031","post","type-post","status-publish","format-standard","hentry","category-aktuellt"],"_links":{"self":[{"href":"http:\/\/sundalsryr.se\/index.php?rest_route=\/wp\/v2\/posts\/1031"}],"collection":[{"href":"http:\/\/sundalsryr.se\/index.php?rest_route=\/wp\/v2\/posts"}],"about":[{"href":"http:\/\/sundalsryr.se\/index.php?rest_route=\/wp\/v2\/types\/post"}],"author":[{"embeddable":true,"href":"http:\/\/sundalsryr.se\/index.php?rest_route=\/wp\/v2\/users\/2"}],"replies":[{"embeddable":true,"href":"http:\/\/sundalsryr.se\/index.php?rest_route=%2Fwp%2Fv2%2Fcomments&post=1031"}],"version-history":[{"count":2,"href":"http:\/\/sundalsryr.se\/index.php?rest_route=\/wp\/v2\/posts\/1031\/revisions"}],"predecessor-version":[{"id":1035,"href":"http:\/\/sundalsryr.se\/index.php?rest_route=\/wp\/v2\/posts\/1031\/revisions\/1035"}],"wp:attachment":[{"href":"http:\/\/sundalsryr.se\/index.php?rest_route=%2Fwp%2Fv2%2Fmedia&parent=1031"}],"wp:term":[{"taxonomy":"category","embeddable":true,"href":"http:\/\/sundalsryr.se\/index.php?rest_route=%2Fwp%2Fv2%2Fcategories&post=1031"},{"taxonomy":"post_tag","embeddable":true,"href":"http:\/\/sundalsryr.se\/index.php?rest_route=%2Fwp%2Fv2%2Ftags&post=1031"}],"curies":[{"name":"wp","href":"https:\/\/api.w.org\/{rel}","templated":true}]}}