{"id":1063,"date":"2012-09-05T10:07:29","date_gmt":"2012-09-05T10:07:29","guid":{"rendered":"http:\/\/sundalsryr.se\/?p=1063"},"modified":"2012-09-05T10:07:29","modified_gmt":"2012-09-05T10:07:29","slug":"svampdag","status":"publish","type":"post","link":"http:\/\/sundalsryr.se\/?p=1063","title":{"rendered":"Svampdag"},"content":{"rendered":"<p>P\u00e5 s\u00f6ndag \u00e4r det dags f\u00f6r svampdag med byalaget. Karin och Anders Bohlin fr\u00e5n Trollh\u00e4ttan kommer och<a href=\"http:\/\/sundalsryr.se\/wp-content\/uploads\/2012\/09\/imagesCAU8VNVS.jpg\"><img loading=\"lazy\" decoding=\"async\" class=\"alignright size-full wp-image-1060\" src=\"http:\/\/sundalsryr.se\/wp-content\/uploads\/2012\/09\/imagesCAU8VNVS.jpg\" alt=\"\" width=\"119\" height=\"164\" \/><\/a> sortbest\u00e4mmer dina svampar. Ta en tur med svampkorgen och plocka \u00e4ven de svampar du inte <a href=\"http:\/\/sundalsryr.se\/wp-content\/uploads\/2012\/09\/pfi_13045_3.jpg\"><img loading=\"lazy\" decoding=\"async\" class=\"alignleft size-medium wp-image-1061\" src=\"http:\/\/sundalsryr.se\/wp-content\/uploads\/2012\/09\/pfi_13045_3-300x200.jpg\" alt=\"\" width=\"300\" height=\"200\" srcset=\"http:\/\/sundalsryr.se\/wp-content\/uploads\/2012\/09\/pfi_13045_3-300x200.jpg 300w, http:\/\/sundalsryr.se\/wp-content\/uploads\/2012\/09\/pfi_13045_3.jpg 450w\" sizes=\"(max-width: 300px) 100vw, 300px\" \/><\/a>vet namnet p\u00e5. Kom sedan upp till Skidstugan Granan p\u00e5 s\u00f6ndag kl. 10.00. D\u00e5 f\u00e5r du hj\u00e4lp med att reda ut vad det kan vara f\u00f6r slags svamp. \u00a0Ta med fika, s\u00e5 f\u00e5r vi en trevlig stund tillsammans i det (f\u00f6rhoppningsvis) soliga h\u00f6stv\u00e4dret. \u00c4ven du som inte har plockat n\u00e5gra svampar \u00e4r naturligtvis v\u00e4lkommen!<\/p>\n","protected":false},"excerpt":{"rendered":"<p>P\u00e5 s\u00f6ndag \u00e4r det dags f\u00f6r svampdag med byalaget. Karin och Anders Bohlin fr\u00e5n Trollh\u00e4ttan kommer och sortbest\u00e4mmer dina svampar. Ta en tur med svampkorgen och plocka \u00e4ven de svampar du inte vet namnet p\u00e5. Kom sedan upp till Skidstugan Granan p\u00e5 s\u00f6ndag kl. 10.00. D\u00e5 f\u00e5r du hj\u00e4lp med att reda ut vad det&#8230;<\/p>\n","protected":false},"author":3,"featured_media":0,"comment_status":"open","ping_status":"open","sticky":false,"template":"","format":"standard","meta":{"_monsterinsights_skip_tracking":false,"_monsterinsights_sitenote_active":false,"_monsterinsights_sitenote_note":"","_monsterinsights_sitenote_category":0,"footnotes":""},"categories":[1],"tags":[],"class_list":["post-1063","post","type-post","status-publish","format-standard","hentry","category-aktuellt"],"_links":{"self":[{"href":"http:\/\/sundalsryr.se\/index.php?rest_route=\/wp\/v2\/posts\/1063"}],"collection":[{"href":"http:\/\/sundalsryr.se\/index.php?rest_route=\/wp\/v2\/posts"}],"about":[{"href":"http:\/\/sundalsryr.se\/index.php?rest_route=\/wp\/v2\/types\/post"}],"author":[{"embeddable":true,"href":"http:\/\/sundalsryr.se\/index.php?rest_route=\/wp\/v2\/users\/3"}],"replies":[{"embeddable":true,"href":"http:\/\/sundalsryr.se\/index.php?rest_route=%2Fwp%2Fv2%2Fcomments&post=1063"}],"version-history":[{"count":0,"href":"http:\/\/sundalsryr.se\/index.php?rest_route=\/wp\/v2\/posts\/1063\/revisions"}],"wp:attachment":[{"href":"http:\/\/sundalsryr.se\/index.php?rest_route=%2Fwp%2Fv2%2Fmedia&parent=1063"}],"wp:term":[{"taxonomy":"category","embeddable":true,"href":"http:\/\/sundalsryr.se\/index.php?rest_route=%2Fwp%2Fv2%2Fcategories&post=1063"},{"taxonomy":"post_tag","embeddable":true,"href":"http:\/\/sundalsryr.se\/index.php?rest_route=%2Fwp%2Fv2%2Ftags&post=1063"}],"curies":[{"name":"wp","href":"https:\/\/api.w.org\/{rel}","templated":true}]}}