{"id":1077,"date":"2012-09-16T19:00:26","date_gmt":"2012-09-16T19:00:26","guid":{"rendered":"http:\/\/sundalsryr.se\/?p=1077"},"modified":"2017-04-23T11:14:25","modified_gmt":"2017-04-23T11:14:25","slug":"vandring-genom-ostra-sodra-vastra-bleken","status":"publish","type":"post","link":"http:\/\/sundalsryr.se\/?p=1077","title":{"rendered":"Vandring genom \u00d6stra, S\u00f6dra, V\u00e4stra Bleken"},"content":{"rendered":"<p>S\u00f6ndagen den 16 september var det drygt 10 personer som under guidning av Bo Elofsson och Gunnar Karlsson tog sig genom \u00d6stra, S\u00f6dra och V\u00e4stra Bleken. Bilarna parkerades vid parkeringen i V\u00e4stra Bleken korsen sedan gick vi mot \u00d6stra Bleken och in p\u00e5 leden. N\u00e4r vi kom till S\u00f6dra Bleken gjorde vi an avstickare till Dyane och tittade p\u00e5 ett gammalt hus.<\/p>\n<p><a href=\"http:\/\/sundalsryr.se\/wp-content\/uploads\/2012\/09\/P1100859.jpg\"><img loading=\"lazy\" decoding=\"async\" class=\"alignleft size-medium wp-image-1078\" title=\"Dyane\" src=\"http:\/\/sundalsryr.se\/wp-content\/uploads\/2012\/09\/P1100859-300x225.jpg\" alt=\"\" width=\"300\" height=\"225\" srcset=\"http:\/\/sundalsryr.se\/wp-content\/uploads\/2012\/09\/P1100859-300x225.jpg 300w, http:\/\/sundalsryr.se\/wp-content\/uploads\/2012\/09\/P1100859-1024x768.jpg 1024w\" sizes=\"(max-width: 300px) 100vw, 300px\" \/><\/a><\/p>\n<p>P\u00e5 v\u00e4g tillbaka till parkeringen i V\u00e4stra Bleken via asfaltsv\u00e4gen stannade vi och fikade p\u00e5 berget i de skarpa kurvorna. N\u00e4r kaffet var urdrucket gick in i skogen och tittade p\u00e5 lingropen. Bo och Gunnar ber\u00e4ttade hur den anv\u00e4ndes f\u00f6rr.<\/p>\n<p>Det var en mycket trevlig vandring d\u00e4r Bo och Gunnar med hj\u00e4lp av n\u00e5gra andra fr\u00e5n urbefolkningen i bygden bj\u00f6d p\u00e5 historier kring m\u00e4nniskorna i bygden, om h\u00e4ndelser som de b\u00e5de har h\u00f6rt om och sj\u00e4lva upplevt. Tex n\u00e4r l\u00e4raren B\u00e5genholm hittade eleverna p\u00e5 v\u00e4g hem fr\u00e5n skolan som satt i skogen och tjuvr\u00f6kte, Bolleruds aff\u00e4r d\u00e4r de gjort av med m\u00e5nga 50-\u00f6ringar m.m.<\/p>\n<p><a href=\"http:\/\/sundalsryr.se\/wp-content\/uploads\/2012\/09\/P1100861.jpg\"><img loading=\"lazy\" decoding=\"async\" class=\"alignleft size-medium wp-image-1079\" title=\"Lingropen\" src=\"http:\/\/sundalsryr.se\/wp-content\/uploads\/2012\/09\/P1100861-300x225.jpg\" alt=\"\" width=\"300\" height=\"225\" srcset=\"http:\/\/sundalsryr.se\/wp-content\/uploads\/2012\/09\/P1100861-300x225.jpg 300w, http:\/\/sundalsryr.se\/wp-content\/uploads\/2012\/09\/P1100861-1024x768.jpg 1024w\" sizes=\"(max-width: 300px) 100vw, 300px\" \/><\/a><a href=\"http:\/\/sundalsryr.se\/wp-content\/uploads\/2012\/09\/P1100866.jpg\"><img loading=\"lazy\" decoding=\"async\" class=\"alignleft size-medium wp-image-1080\" title=\"Vem \u00e4r det i Lingropen?\" src=\"http:\/\/sundalsryr.se\/wp-content\/uploads\/2012\/09\/P1100866-300x225.jpg\" alt=\"\" width=\"300\" height=\"225\" srcset=\"http:\/\/sundalsryr.se\/wp-content\/uploads\/2012\/09\/P1100866-300x225.jpg 300w, http:\/\/sundalsryr.se\/wp-content\/uploads\/2012\/09\/P1100866-1024x768.jpg 1024w\" sizes=\"(max-width: 300px) 100vw, 300px\" \/><\/a><\/p>\n","protected":false},"excerpt":{"rendered":"<p>S\u00f6ndagen den 16 september var det drygt 10 personer som under guidning av Bo Elofsson och Gunnar Karlsson tog sig genom \u00d6stra, S\u00f6dra och V\u00e4stra Bleken. Bilarna parkerades vid parkeringen i V\u00e4stra Bleken korsen sedan gick vi mot \u00d6stra Bleken och in p\u00e5 leden. N\u00e4r vi kom till S\u00f6dra Bleken gjorde vi an avstickare till&#8230;<\/p>\n","protected":false},"author":2,"featured_media":0,"comment_status":"open","ping_status":"open","sticky":false,"template":"","format":"standard","meta":{"_monsterinsights_skip_tracking":false,"_monsterinsights_sitenote_active":false,"_monsterinsights_sitenote_note":"","_monsterinsights_sitenote_category":0,"footnotes":""},"categories":[1,15],"tags":[],"class_list":["post-1077","post","type-post","status-publish","format-standard","hentry","category-aktuellt","category-vandringar"],"_links":{"self":[{"href":"http:\/\/sundalsryr.se\/index.php?rest_route=\/wp\/v2\/posts\/1077"}],"collection":[{"href":"http:\/\/sundalsryr.se\/index.php?rest_route=\/wp\/v2\/posts"}],"about":[{"href":"http:\/\/sundalsryr.se\/index.php?rest_route=\/wp\/v2\/types\/post"}],"author":[{"embeddable":true,"href":"http:\/\/sundalsryr.se\/index.php?rest_route=\/wp\/v2\/users\/2"}],"replies":[{"embeddable":true,"href":"http:\/\/sundalsryr.se\/index.php?rest_route=%2Fwp%2Fv2%2Fcomments&post=1077"}],"version-history":[{"count":2,"href":"http:\/\/sundalsryr.se\/index.php?rest_route=\/wp\/v2\/posts\/1077\/revisions"}],"predecessor-version":[{"id":3905,"href":"http:\/\/sundalsryr.se\/index.php?rest_route=\/wp\/v2\/posts\/1077\/revisions\/3905"}],"wp:attachment":[{"href":"http:\/\/sundalsryr.se\/index.php?rest_route=%2Fwp%2Fv2%2Fmedia&parent=1077"}],"wp:term":[{"taxonomy":"category","embeddable":true,"href":"http:\/\/sundalsryr.se\/index.php?rest_route=%2Fwp%2Fv2%2Fcategories&post=1077"},{"taxonomy":"post_tag","embeddable":true,"href":"http:\/\/sundalsryr.se\/index.php?rest_route=%2Fwp%2Fv2%2Ftags&post=1077"}],"curies":[{"name":"wp","href":"https:\/\/api.w.org\/{rel}","templated":true}]}}