{"id":1096,"date":"2012-09-27T19:18:59","date_gmt":"2012-09-27T19:18:59","guid":{"rendered":"http:\/\/sundalsryr.se\/?p=1096"},"modified":"2012-09-27T19:18:59","modified_gmt":"2012-09-27T19:18:59","slug":"gratt-ute-men-varmt-och-gemytligt-inne","status":"publish","type":"post","link":"http:\/\/sundalsryr.se\/?p=1096","title":{"rendered":"Gr\u00e5tt ute, men varmt och gemytligt inne!"},"content":{"rendered":"<p><a href=\"http:\/\/sundalsryr.se\/wp-content\/uploads\/2012\/09\/nobel.jpg\"><img loading=\"lazy\" decoding=\"async\" class=\"alignleft size-medium wp-image-1095\" src=\"http:\/\/sundalsryr.se\/wp-content\/uploads\/2012\/09\/nobel-300x201.jpg\" alt=\"\" width=\"300\" height=\"201\" srcset=\"http:\/\/sundalsryr.se\/wp-content\/uploads\/2012\/09\/nobel-300x201.jpg 300w, http:\/\/sundalsryr.se\/wp-content\/uploads\/2012\/09\/nobel.jpg 430w\" sizes=\"(max-width: 300px) 100vw, 300px\" \/><\/a><\/p>\n<p>Nej, som Nobelmiddagen \u00e4r det inte p\u00e5 torsdagsluncherna. Vi \u00e4r inte riktigt s\u00e5 m\u00e5nga och dukningen \u00e4r inte lika exklusiv.<a href=\"http:\/\/sundalsryr.se\/wp-content\/uploads\/2012\/09\/07_01_banquet_35583551.jpg\"><img loading=\"lazy\" decoding=\"async\" class=\"alignright size-medium wp-image-1097\" src=\"http:\/\/sundalsryr.se\/wp-content\/uploads\/2012\/09\/07_01_banquet_35583551-300x200.jpg\" alt=\"\" width=\"300\" height=\"200\" srcset=\"http:\/\/sundalsryr.se\/wp-content\/uploads\/2012\/09\/07_01_banquet_35583551-300x200.jpg 300w, http:\/\/sundalsryr.se\/wp-content\/uploads\/2012\/09\/07_01_banquet_35583551.jpg 400w\" sizes=\"(max-width: 300px) 100vw, 300px\" \/><\/a><\/p>\n<p>Men trevligt \u00e4r det i alla fall. Tj\u00e4lkn\u00f6l p\u00e5 \u00e4lg, potatisgrat\u00e4ng, gr\u00e4dds\u00e5s, sallad och \u00e4pplekaka med vaniljs\u00e5s bj\u00f6ds det p\u00e5 denna g\u00e5ng. Ett 30-tal personer kom och \u00e5t. Jag v\u00e5gar nog p\u00e5st\u00e5 att alla blev m\u00e4tta och n\u00f6jda. \u00a0I vimlet kunde man h\u00f6ra kommentarer som &#8221;det kan bara vara i Sundal ryr man kan \u00e4ta s\u00e5 mycket \u00e4lgstek man vill, mitt i veckan, f\u00f6r endast 60 kr&#8221;<\/p>\n<p>Om en m\u00e5nad g\u00f6r vi om det igen!<\/p>\n","protected":false},"excerpt":{"rendered":"<p>Nej, som Nobelmiddagen \u00e4r det inte p\u00e5 torsdagsluncherna. Vi \u00e4r inte riktigt s\u00e5 m\u00e5nga och dukningen \u00e4r inte lika exklusiv. Men trevligt \u00e4r det i alla fall. Tj\u00e4lkn\u00f6l p\u00e5 \u00e4lg, potatisgrat\u00e4ng, gr\u00e4dds\u00e5s, sallad och \u00e4pplekaka med vaniljs\u00e5s bj\u00f6ds det p\u00e5 denna g\u00e5ng. Ett 30-tal personer kom och \u00e5t. Jag v\u00e5gar nog p\u00e5st\u00e5 att alla blev&#8230;<\/p>\n","protected":false},"author":3,"featured_media":0,"comment_status":"open","ping_status":"open","sticky":false,"template":"","format":"standard","meta":{"_monsterinsights_skip_tracking":false,"_monsterinsights_sitenote_active":false,"_monsterinsights_sitenote_note":"","_monsterinsights_sitenote_category":0,"footnotes":""},"categories":[1],"tags":[],"class_list":["post-1096","post","type-post","status-publish","format-standard","hentry","category-aktuellt"],"_links":{"self":[{"href":"http:\/\/sundalsryr.se\/index.php?rest_route=\/wp\/v2\/posts\/1096"}],"collection":[{"href":"http:\/\/sundalsryr.se\/index.php?rest_route=\/wp\/v2\/posts"}],"about":[{"href":"http:\/\/sundalsryr.se\/index.php?rest_route=\/wp\/v2\/types\/post"}],"author":[{"embeddable":true,"href":"http:\/\/sundalsryr.se\/index.php?rest_route=\/wp\/v2\/users\/3"}],"replies":[{"embeddable":true,"href":"http:\/\/sundalsryr.se\/index.php?rest_route=%2Fwp%2Fv2%2Fcomments&post=1096"}],"version-history":[{"count":5,"href":"http:\/\/sundalsryr.se\/index.php?rest_route=\/wp\/v2\/posts\/1096\/revisions"}],"predecessor-version":[{"id":1102,"href":"http:\/\/sundalsryr.se\/index.php?rest_route=\/wp\/v2\/posts\/1096\/revisions\/1102"}],"wp:attachment":[{"href":"http:\/\/sundalsryr.se\/index.php?rest_route=%2Fwp%2Fv2%2Fmedia&parent=1096"}],"wp:term":[{"taxonomy":"category","embeddable":true,"href":"http:\/\/sundalsryr.se\/index.php?rest_route=%2Fwp%2Fv2%2Fcategories&post=1096"},{"taxonomy":"post_tag","embeddable":true,"href":"http:\/\/sundalsryr.se\/index.php?rest_route=%2Fwp%2Fv2%2Ftags&post=1096"}],"curies":[{"name":"wp","href":"https:\/\/api.w.org\/{rel}","templated":true}]}}