{"id":118,"date":"2010-08-22T20:01:26","date_gmt":"2010-08-22T20:01:26","guid":{"rendered":"http:\/\/sundalsryr.se\/?p=118"},"modified":"2010-08-22T20:01:26","modified_gmt":"2010-08-22T20:01:26","slug":"friluftsgudstjanst-pa-granan","status":"publish","type":"post","link":"http:\/\/sundalsryr.se\/?p=118","title":{"rendered":"Friluftsgudstj\u00e4nst p\u00e5 Granan"},"content":{"rendered":"<p>Det var drygt 80 personer som s\u00f6ndagen den 22 augusti kom till skidstugan p\u00e5 Granan f\u00f6r att delta i LRF, kyrkan och byalagets gemensamma friluftsgudstj\u00e4nst. Anna-Lena Forsdal h\u00f6ll i andakten, Annika Larsson och Philip Jorstig underh\u00f6ll med ett Melodikryss, LRF bj\u00f6d p\u00e5 korv och br\u00f6d och kyrkan bj\u00f6d p\u00e5 kaffe och hembakta kakor.<\/p>\n<p><a href=\"http:\/\/sundalsryr.se\/wp-content\/uploads\/2010\/08\/254.jpg\"><img loading=\"lazy\" decoding=\"async\" class=\"alignnone size-medium wp-image-121\" title=\"Friluftsgudstj\u00e4nst grillm\u00e4staren\" src=\"http:\/\/sundalsryr.se\/wp-content\/uploads\/2010\/08\/254-300x225.jpg\" alt=\"\" width=\"300\" height=\"225\" srcset=\"http:\/\/sundalsryr.se\/wp-content\/uploads\/2010\/08\/254-300x225.jpg 300w, http:\/\/sundalsryr.se\/wp-content\/uploads\/2010\/08\/254-1024x768.jpg 1024w\" sizes=\"(max-width: 300px) 100vw, 300px\" \/><\/a><a href=\"http:\/\/sundalsryr.se\/wp-content\/uploads\/2010\/08\/251.jpg\"><img loading=\"lazy\" decoding=\"async\" class=\"alignnone size-medium wp-image-120\" title=\"Friluftsgudstj\u00e4nst musikerna\" src=\"http:\/\/sundalsryr.se\/wp-content\/uploads\/2010\/08\/251-300x225.jpg\" alt=\"\" width=\"300\" height=\"225\" srcset=\"http:\/\/sundalsryr.se\/wp-content\/uploads\/2010\/08\/251-300x225.jpg 300w, http:\/\/sundalsryr.se\/wp-content\/uploads\/2010\/08\/251-1024x768.jpg 1024w\" sizes=\"(max-width: 300px) 100vw, 300px\" \/><\/a><\/p>\n<p><a href=\"http:\/\/sundalsryr.se\/wp-content\/uploads\/2010\/08\/256.jpg\"><img loading=\"lazy\" decoding=\"async\" class=\"alignnone size-medium wp-image-119\" title=\"Friluftsgudstj\u00e4nst\" src=\"http:\/\/sundalsryr.se\/wp-content\/uploads\/2010\/08\/256-300x225.jpg\" alt=\"\" width=\"300\" height=\"225\" srcset=\"http:\/\/sundalsryr.se\/wp-content\/uploads\/2010\/08\/256-300x225.jpg 300w, http:\/\/sundalsryr.se\/wp-content\/uploads\/2010\/08\/256-1024x768.jpg 1024w\" sizes=\"(max-width: 300px) 100vw, 300px\" \/><\/a><\/p>\n","protected":false},"excerpt":{"rendered":"<p>Det var drygt 80 personer som s\u00f6ndagen den 22 augusti kom till skidstugan p\u00e5 Granan f\u00f6r att delta i LRF, kyrkan och byalagets gemensamma friluftsgudstj\u00e4nst. Anna-Lena Forsdal h\u00f6ll i andakten, Annika Larsson och Philip Jorstig underh\u00f6ll med ett Melodikryss, LRF bj\u00f6d p\u00e5 korv och br\u00f6d och kyrkan bj\u00f6d p\u00e5 kaffe och hembakta kakor.<\/p>\n","protected":false},"author":2,"featured_media":0,"comment_status":"open","ping_status":"open","sticky":false,"template":"","format":"standard","meta":{"_monsterinsights_skip_tracking":false,"_monsterinsights_sitenote_active":false,"_monsterinsights_sitenote_note":"","_monsterinsights_sitenote_category":0,"footnotes":""},"categories":[1],"tags":[],"class_list":["post-118","post","type-post","status-publish","format-standard","hentry","category-aktuellt"],"_links":{"self":[{"href":"http:\/\/sundalsryr.se\/index.php?rest_route=\/wp\/v2\/posts\/118"}],"collection":[{"href":"http:\/\/sundalsryr.se\/index.php?rest_route=\/wp\/v2\/posts"}],"about":[{"href":"http:\/\/sundalsryr.se\/index.php?rest_route=\/wp\/v2\/types\/post"}],"author":[{"embeddable":true,"href":"http:\/\/sundalsryr.se\/index.php?rest_route=\/wp\/v2\/users\/2"}],"replies":[{"embeddable":true,"href":"http:\/\/sundalsryr.se\/index.php?rest_route=%2Fwp%2Fv2%2Fcomments&post=118"}],"version-history":[{"count":2,"href":"http:\/\/sundalsryr.se\/index.php?rest_route=\/wp\/v2\/posts\/118\/revisions"}],"predecessor-version":[{"id":123,"href":"http:\/\/sundalsryr.se\/index.php?rest_route=\/wp\/v2\/posts\/118\/revisions\/123"}],"wp:attachment":[{"href":"http:\/\/sundalsryr.se\/index.php?rest_route=%2Fwp%2Fv2%2Fmedia&parent=118"}],"wp:term":[{"taxonomy":"category","embeddable":true,"href":"http:\/\/sundalsryr.se\/index.php?rest_route=%2Fwp%2Fv2%2Fcategories&post=118"},{"taxonomy":"post_tag","embeddable":true,"href":"http:\/\/sundalsryr.se\/index.php?rest_route=%2Fwp%2Fv2%2Ftags&post=118"}],"curies":[{"name":"wp","href":"https:\/\/api.w.org\/{rel}","templated":true}]}}