{"id":1214,"date":"2012-11-24T18:19:35","date_gmt":"2012-11-24T18:19:35","guid":{"rendered":"http:\/\/sundalsryr.se\/?p=1214"},"modified":"2012-12-30T16:46:50","modified_gmt":"2012-12-30T16:46:50","slug":"rapport-fran-leden-del-5","status":"publish","type":"post","link":"http:\/\/sundalsryr.se\/?p=1214","title":{"rendered":"Rapport fr\u00e5n leden del 5"},"content":{"rendered":"<p>N\u00e4r h\u00f6sten g\u00f6r oss tunga i sinnet, dagarna \u00e4r korta, allt k\u00e4nns hoppl\u00f6st och det \u00e4r en evighet till v\u00e5ren. D\u00e5, just d\u00e5 \u00e4r den r\u00e4tta tiden f\u00f6r att plocka fram sommarens finaste minnen och dr\u00f6mma sig tillbaka. Fr\u00e5n den gr\u00e5 november till en ljus sommarkv\u00e4ll i Juli.<a href=\"http:\/\/sundalsryr.se\/wp-content\/uploads\/2012\/11\/DSC01653.jpg\"><img loading=\"lazy\" decoding=\"async\" class=\"alignright size-thumbnail wp-image-1215\" src=\"http:\/\/sundalsryr.se\/wp-content\/uploads\/2012\/11\/DSC01653-150x150.jpg\" alt=\"\" width=\"150\" height=\"150\" \/><\/a><\/p>\n<p>Dagen hade varit varm men kv\u00e4llen kom med lite svalka och d\u00e5 infann sig \u00e4ven orken att ta sig f\u00f6r n\u00e5got. Kartan \u00f6ver lederna studerades och vi valde snabbt bort alla delar som innebar f\u00f6r mycket v\u00e4gl\u00f6pning. Skogen lockade med sig friskhet och sin skugga. Valet f\u00f6ll p\u00e5 paradisleden. P\u00e5 den lilla inf\u00e4llda kartbilden v\u00e4ljer vi att springa den r\u00f6da slingan. Kv\u00e4llen \u00e4r l\u00e5ng och ljus, den gr\u00f6nprickade genv\u00e4gen sparar vi till en annan g\u00e5ng.<\/p>\n<p>Bilen parkerades p\u00e5 parkeringsfickan utmed v\u00e4gen i s\u00f6dra \u00e4nden av Bollungesj\u00f6n. Genast ins\u00e5g jag att denna runda skulle bli jobbigare \u00e4r jag f\u00f6rst trodde. F\u00f6rsta backen kan kn\u00e4cka vem som helst. Men ett l\u00f6fte \u00e4r ett l\u00f6fte, \u201dalla delar av leden till fots\u201d hur mycket svett och m\u00f6da det \u00e4n ska kosta.<\/p>\n<p>Dunk, dunk, dunk, hj\u00e4rtat l\u00e5ter som en st\u00e5ngj\u00e4rnshammare i br\u00f6stet innan ens halva backen \u00e4r avklarad. Lungorna skriker efter mer luft. Ingen mjukstart direkt. Sista biten upp v\u00e4ljer jag att g\u00e5, mj\u00f6lksyran har redan invaderat mina ben och \u00e4n \u00e4r det m\u00e5nga backar kvar p\u00e5 denna runda. Stannar och pustar i toppen av backen, vem kom p\u00e5 att g\u00f6ra den s\u00e5 brant? Efter backen forts\u00e4tter vi h\u00f6ger, det sluttar lite l\u00e4tt utf\u00f6r och en livgivande b\u00e4ck porlar j\u00e4mte v\u00e4gen, krafterna \u00e5terv\u00e4nder. Hoppet om att jag kommer \u00f6verleva \u00e4ven denna tur kommer tillbaka.<\/p>\n<p>Paradiset, namnet st\u00e4mmer v\u00e4l \u00f6verens med platsen. Otillg\u00e4ngligt men underbart vackert. Den r\u00f6da stugan med skogen i bakgrunden, en gr\u00f6n sluttning ner mot Bollungesj\u00f6ns spegelblanka yta, s\u00e5 rofyllt och n\u00e4stan lite sagolikt, precis som ett, just det\u2026 paradis!<\/p>\n<p>Men vi ska vidare, upp\u00e5t, upp\u00e5t. Stigen \u00e4r l\u00e4ttsprungen trots att vi avverkar h\u00f6jdmeter efter h\u00f6jdmeter. F\u00f6rutom skogens ljud h\u00f6rs bara v\u00e5ra andetag. Sida vid sida springer vi tysta n\u00e4r pl\u00f6tsligt dottern str\u00e4cker ut en arm och stoppar mig. Jag f\u00f6ljer hennes blick och uppt\u00e4cker \u00e4lgen som st\u00e5r en bit fr\u00e5n stigen. Det \u00e4r varmt och jag har bara p\u00e5 mig ett linne utan fickor, d\u00e4rf\u00f6r springer jag med mobilen i handen. Vilken tur. F\u00f6rsiktigt tar jag upp den och hinner ta ett kort innan \u00e4lgdamen v\u00e4rdigt glider iv\u00e4g in i skogen.<a href=\"http:\/\/sundalsryr.se\/wp-content\/uploads\/2012\/11\/DSC01826.jpg\"><img loading=\"lazy\" decoding=\"async\" class=\"aligncenter size-full wp-image-1216\" src=\"http:\/\/sundalsryr.se\/wp-content\/uploads\/2012\/11\/DSC01826.jpg\" alt=\"\" width=\"530\" height=\"278\" srcset=\"http:\/\/sundalsryr.se\/wp-content\/uploads\/2012\/11\/DSC01826.jpg 530w, http:\/\/sundalsryr.se\/wp-content\/uploads\/2012\/11\/DSC01826-300x157.jpg 300w\" sizes=\"(max-width: 530px) 100vw, 530px\" \/><\/a><\/p>\n<p>Sm\u00e5 svettdroppar rinner nerf\u00f6r ryggen. Men nu \u00e4r vi snart uppe p\u00e5 h\u00f6gsta toppen. Gullstenen. Vi kan v\u00e4lja att ta oss upp f\u00f6r bergsbranten med hj\u00e4lp av repet eller att f\u00f6lja stigen runt upp p\u00e5 h\u00f6jden.\u00a0 Det f\u00e5r bli bergsbranten.<\/p>\n<p>Det \u00e4r nu vi f\u00e5r bel\u00f6ningen f\u00f6r backarna. En fantastisk utsikt breder ut sig nedanf\u00f6r berget. V\u00e4dret \u00e4r klart och vi stannar en stund och tittar. Har man en ryggs\u00e4ck med fika med sig \u00e4r det b\u00e4sta platsen att ta en paus p\u00e5. Vi har ingen fika men stannar en stund \u00e4nd\u00e5, det \u00e4r sv\u00e5rt att s\u00e4ga varf\u00f6r men man dr\u00f6jer sig g\u00e4rna kvar p\u00e5 vissa platser, kanske finns det en ouppt\u00e4ckt gen i den m\u00e4nskliga kroppen som dras till storslagna vyer.<a href=\"http:\/\/sundalsryr.se\/wp-content\/uploads\/2012\/11\/DSC00818.jpg\"><img loading=\"lazy\" decoding=\"async\" class=\"alignright size-medium wp-image-1217\" src=\"http:\/\/sundalsryr.se\/wp-content\/uploads\/2012\/11\/DSC00818-300x225.jpg\" alt=\"\" width=\"300\" height=\"225\" srcset=\"http:\/\/sundalsryr.se\/wp-content\/uploads\/2012\/11\/DSC00818-300x225.jpg 300w, http:\/\/sundalsryr.se\/wp-content\/uploads\/2012\/11\/DSC00818.jpg 640w\" sizes=\"(max-width: 300px) 100vw, 300px\" \/><\/a><\/p>\n<p>N\u00e4r vi forts\u00e4tter ser vi massor av vita bollar med \u00e4ngsull. N\u00e5gra sm\u00e5 granar ser ut som om de vore pyntade av de vita tussarna. Gulligt! Nu v\u00e4ntar en \u00f6nskestig, ringlande, mjuk och sluttande ner\u00e5t. B\u00e4ttre kan man inte f\u00e5 det. Den \u00f6verg\u00e5r i en skogsv\u00e4g med gr\u00e4s i mitten. L\u00e4ttsprunget, men i hastigheten sv\u00e4ljer jag en fluga och f\u00e5r stanna och hosta en stund, (det h\u00e4nder aldrig i november) i \u00f6vrigt flyter allt p\u00e5. Strax innan vi kommer tillbaka till toppen av den branta backen som vi b\u00f6rjade med, sv\u00e4nger vi in h\u00f6ger i skogen. Det \u00e4r en sak jag m\u00e5ste visa dottern, hon var inte var med n\u00e4r byalaget hade vandring h\u00e4r f\u00f6r ett par \u00e5r sedan och har inte sett den, j\u00e4ttegranen. Det finns inte en chans att krama runt den m\u00e4ktiga stammen.<\/p>\n<p><a href=\"http:\/\/sundalsryr.se\/wp-content\/uploads\/2012\/11\/DSC00823.jpg\"><\/a><a href=\"http:\/\/sundalsryr.se\/wp-content\/uploads\/2012\/11\/DSC008231.jpg\"><img loading=\"lazy\" decoding=\"async\" class=\"alignleft size-medium wp-image-1219\" src=\"http:\/\/sundalsryr.se\/wp-content\/uploads\/2012\/11\/DSC008231-225x300.jpg\" alt=\"\" width=\"225\" height=\"300\" srcset=\"http:\/\/sundalsryr.se\/wp-content\/uploads\/2012\/11\/DSC008231-225x300.jpg 225w, http:\/\/sundalsryr.se\/wp-content\/uploads\/2012\/11\/DSC008231.jpg 480w\" sizes=\"(max-width: 225px) 100vw, 225px\" \/><\/a><\/p>\n<p>Nu v\u00e4ntar bara upploppet ner till bilen. F\u00f6ga f\u00f6rv\u00e5nande k\u00e4nns backen \u00e4r mycket, mycket \u00a0l\u00e4ttare \u00e5t det h\u00e4r h\u00e5llet!!\u00a0 och n\u00e4r vi \u00e4r nere visar gps-klockan p\u00e5 4,5 kilometer.<\/p>\n<p>En h\u00e4rlig del av leden som jag varmt kan rekommendera. Utsikten och de fina stigarna betalar anstr\u00e4ngningen mer \u00e4n v\u00e4l. En naggande god liten p\u00e4rla som ingen borde f\u00e5 missa \u00a0och ett bra minne att ta fram och leva p\u00e5 n\u00e4r h\u00f6sten k\u00e4nns som tyngst.<\/p>\n","protected":false},"excerpt":{"rendered":"<p>N\u00e4r h\u00f6sten g\u00f6r oss tunga i sinnet, dagarna \u00e4r korta, allt k\u00e4nns hoppl\u00f6st och det \u00e4r en evighet till v\u00e5ren. D\u00e5, just d\u00e5 \u00e4r den r\u00e4tta tiden f\u00f6r att plocka fram sommarens finaste minnen och dr\u00f6mma sig tillbaka. Fr\u00e5n den gr\u00e5 november till en ljus sommarkv\u00e4ll i Juli. Dagen hade varit varm men kv\u00e4llen kom&#8230;<\/p>\n","protected":false},"author":3,"featured_media":0,"comment_status":"open","ping_status":"open","sticky":false,"template":"","format":"standard","meta":{"_monsterinsights_skip_tracking":false,"_monsterinsights_sitenote_active":false,"_monsterinsights_sitenote_note":"","_monsterinsights_sitenote_category":0,"footnotes":""},"categories":[1,11],"tags":[],"class_list":["post-1214","post","type-post","status-publish","format-standard","hentry","category-aktuellt","category-rapporter-fran-leden"],"_links":{"self":[{"href":"http:\/\/sundalsryr.se\/index.php?rest_route=\/wp\/v2\/posts\/1214"}],"collection":[{"href":"http:\/\/sundalsryr.se\/index.php?rest_route=\/wp\/v2\/posts"}],"about":[{"href":"http:\/\/sundalsryr.se\/index.php?rest_route=\/wp\/v2\/types\/post"}],"author":[{"embeddable":true,"href":"http:\/\/sundalsryr.se\/index.php?rest_route=\/wp\/v2\/users\/3"}],"replies":[{"embeddable":true,"href":"http:\/\/sundalsryr.se\/index.php?rest_route=%2Fwp%2Fv2%2Fcomments&post=1214"}],"version-history":[{"count":5,"href":"http:\/\/sundalsryr.se\/index.php?rest_route=\/wp\/v2\/posts\/1214\/revisions"}],"predecessor-version":[{"id":1223,"href":"http:\/\/sundalsryr.se\/index.php?rest_route=\/wp\/v2\/posts\/1214\/revisions\/1223"}],"wp:attachment":[{"href":"http:\/\/sundalsryr.se\/index.php?rest_route=%2Fwp%2Fv2%2Fmedia&parent=1214"}],"wp:term":[{"taxonomy":"category","embeddable":true,"href":"http:\/\/sundalsryr.se\/index.php?rest_route=%2Fwp%2Fv2%2Fcategories&post=1214"},{"taxonomy":"post_tag","embeddable":true,"href":"http:\/\/sundalsryr.se\/index.php?rest_route=%2Fwp%2Fv2%2Ftags&post=1214"}],"curies":[{"name":"wp","href":"https:\/\/api.w.org\/{rel}","templated":true}]}}