{"id":1375,"date":"2013-01-09T20:33:25","date_gmt":"2013-01-09T20:33:25","guid":{"rendered":"http:\/\/sundalsryr.se\/?p=1375"},"modified":"2013-01-16T17:30:25","modified_gmt":"2013-01-16T17:30:25","slug":"januariaktiviteter","status":"publish","type":"post","link":"http:\/\/sundalsryr.se\/?p=1375","title":{"rendered":"Januariaktiviteter"},"content":{"rendered":"<p>Nytt \u00e5r, ny m\u00e5nad, nytt liv, nya l\u00f6ften. I n\u00e4stan varje vr\u00e5 funderas det nu p\u00e5 hur man ska kunna leva upp till de lovade ny\u00e5rsl\u00f6ftena. Hur vikten ska sk\u00e4ras ner och tr\u00e4ningskurvan ska skruvas upp, hur gr\u00f6nsakerna ska bli gr\u00f6nare och surdegen surare, hur sopsorteringen ska kunna sorteras \u00e4nnu mer och hur den fantastiska m\u00e4nniska vi innerst inne \u00e4r ska kunna bli \u00e4nnu mer fantastisk.<\/p>\n<p>Det \u00e4r inte f\u00f6r inte som veckorna mellan trettonhelgen och fetisdagen kallas oxveckorna i den gamla bondepraktikan. Korta m\u00f6rka dagar, l\u00e5ngt till n\u00e4sta l\u00e4ngre ledighet och v\u00e5rljuset k\u00e4nns v\u00e4ldigt avl\u00e4gset.<\/p>\n<p>Men misstr\u00f6sta inte, snart \u00e4r det dags f\u00f6r \u00e5rets f\u00f6rsta byalagsaktiviteter!<\/p>\n<p>Den andra tr\u00e4ffen p\u00e5 \u00e5rets tema \u201dmatkvalit\u00e9\u201d blir <strong>Onsdag 30 Januari kl 19:00<\/strong>. D\u00e5 kommer Cecilia Corin fr\u00e5n hush\u00e5llningss\u00e4llskapet och pratar om svinn, milj\u00f6 och ekonomi. Alla beh\u00f6ver vi \u00e4ta, d\u00e4rf\u00f6r \u00e4r detta \u00e4mnen som ber\u00f6r oss alla. Platsen \u00e4r som vanligt f\u00f6rsamlingshemmet och vi bjuder p\u00e5 fika.<\/p>\n<p><strong>En torsdag i slutet av m\u00e5naderna \u00a0januari, februari och mars<strong> <\/strong>serveras det lunch. 24\/1, \u00a028\/2 och sk\u00e4rtorsdagen den 28\/3<\/strong><strong>.<\/strong><strong> <\/strong> Mellan 12-13 st\u00e5r maten framdukad i f\u00f6rsamlingshemmet, 60 kr kostar det och alla \u00e4r varmt v\u00e4lkomna!<\/p>\n<p>Ta chansen och g\u00f6r oxveckorna lite ljusare. Kom och var med !<\/p>\n","protected":false},"excerpt":{"rendered":"<p>Nytt \u00e5r, ny m\u00e5nad, nytt liv, nya l\u00f6ften. I n\u00e4stan varje vr\u00e5 funderas det nu p\u00e5 hur man ska kunna leva upp till de lovade ny\u00e5rsl\u00f6ftena. Hur vikten ska sk\u00e4ras ner och tr\u00e4ningskurvan ska skruvas upp, hur gr\u00f6nsakerna ska bli gr\u00f6nare och surdegen surare, hur sopsorteringen ska kunna sorteras \u00e4nnu mer och hur den fantastiska&#8230;<\/p>\n","protected":false},"author":3,"featured_media":0,"comment_status":"open","ping_status":"open","sticky":false,"template":"","format":"standard","meta":{"_monsterinsights_skip_tracking":false,"_monsterinsights_sitenote_active":false,"_monsterinsights_sitenote_note":"","_monsterinsights_sitenote_category":0,"footnotes":""},"categories":[1],"tags":[],"class_list":["post-1375","post","type-post","status-publish","format-standard","hentry","category-aktuellt"],"_links":{"self":[{"href":"http:\/\/sundalsryr.se\/index.php?rest_route=\/wp\/v2\/posts\/1375"}],"collection":[{"href":"http:\/\/sundalsryr.se\/index.php?rest_route=\/wp\/v2\/posts"}],"about":[{"href":"http:\/\/sundalsryr.se\/index.php?rest_route=\/wp\/v2\/types\/post"}],"author":[{"embeddable":true,"href":"http:\/\/sundalsryr.se\/index.php?rest_route=\/wp\/v2\/users\/3"}],"replies":[{"embeddable":true,"href":"http:\/\/sundalsryr.se\/index.php?rest_route=%2Fwp%2Fv2%2Fcomments&post=1375"}],"version-history":[{"count":7,"href":"http:\/\/sundalsryr.se\/index.php?rest_route=\/wp\/v2\/posts\/1375\/revisions"}],"predecessor-version":[{"id":1396,"href":"http:\/\/sundalsryr.se\/index.php?rest_route=\/wp\/v2\/posts\/1375\/revisions\/1396"}],"wp:attachment":[{"href":"http:\/\/sundalsryr.se\/index.php?rest_route=%2Fwp%2Fv2%2Fmedia&parent=1375"}],"wp:term":[{"taxonomy":"category","embeddable":true,"href":"http:\/\/sundalsryr.se\/index.php?rest_route=%2Fwp%2Fv2%2Fcategories&post=1375"},{"taxonomy":"post_tag","embeddable":true,"href":"http:\/\/sundalsryr.se\/index.php?rest_route=%2Fwp%2Fv2%2Ftags&post=1375"}],"curies":[{"name":"wp","href":"https:\/\/api.w.org\/{rel}","templated":true}]}}