{"id":1428,"date":"2013-02-07T14:31:49","date_gmt":"2013-02-07T14:31:49","guid":{"rendered":"http:\/\/sundalsryr.se\/?p=1428"},"modified":"2013-02-10T19:23:31","modified_gmt":"2013-02-10T19:23:31","slug":"foretag-i-sundals-ryr","status":"publish","type":"post","link":"http:\/\/sundalsryr.se\/?p=1428","title":{"rendered":"F\u00f6retag i Sundals Ryr&#8230;"},"content":{"rendered":"<p>I n\u00e5gra reportage h\u00e4r p\u00e5 hemsidan t\u00e4nkte vi skriva om olika  f\u00f6retag i bygden. H\u00f6r g\u00e4rna av dig om du har ett f\u00f6retag som du vill att vi ska  skriva om, om du har f\u00f6rslag p\u00e5 n\u00e5got vi kan skriva om eller om du sj\u00e4lv vill  skriva n\u00e5got till hemsidan.<\/p>\n<p><a href=\"http:\/\/sundalsryr.se\/wp-content\/uploads\/2013\/02\/DSC01931.jpg\"><img loading=\"lazy\" decoding=\"async\" class=\"alignleft size-medium wp-image-1432\" src=\"http:\/\/sundalsryr.se\/wp-content\/uploads\/2013\/02\/DSC01931-300x225.jpg\" alt=\"\" width=\"300\" height=\"225\" srcset=\"http:\/\/sundalsryr.se\/wp-content\/uploads\/2013\/02\/DSC01931-300x225.jpg 300w, http:\/\/sundalsryr.se\/wp-content\/uploads\/2013\/02\/DSC01931.jpg 640w\" sizes=\"(max-width: 300px) 100vw, 300px\" \/><\/a><\/p>\n<p>F\u00f6rst ut \u00e4r <strong><span style=\"text-decoration: underline;\">Br\u00e5landa Motors\u00e5gar <\/span><\/strong> som ligger i  Bollerud, man ser skylten utmed v\u00e4gen n\u00e4r man \u00e5ker mellan skolan och V\u00e4stra  Blekan. I ungef\u00e4r 5 \u00e5r har <strong><em>Andreas Johansson<\/em><\/strong> drivit Br\u00e5landa  motors\u00e5gar. Han s\u00e4ljer och reparerar en m\u00e4ngd k\u00e4nda m\u00e4rken som Stihl, Jonsered,  Stiga och Klippo. Tillsammans med<a href=\"http:\/\/sundalsryr.se\/wp-content\/uploads\/2013\/02\/DSC01927.jpg\"><img loading=\"lazy\" decoding=\"async\" class=\"alignright size-thumbnail wp-image-1429\" src=\"http:\/\/sundalsryr.se\/wp-content\/uploads\/2013\/02\/DSC01927-150x150.jpg\" alt=\"\" width=\"150\" height=\"150\" \/><\/a> hush\u00e5llningss\u00e4llskapet h\u00e5ller han \u00e4ven kurser  i \u201dgr\u00f6nt kort f\u00f6r motors\u00e5g\u201d.<\/p>\n<p>Till att b\u00f6rja med hade han \u00f6ppet en dag i veckan, men allt  eftersom har antalet \u00f6ppna dagar \u00f6kat. I \u00e5r t\u00e4nker han \u00e4gna sig \u00e5t sin  verksamhet p\u00e5 heltid. Av naturliga sk\u00e4l \u00e4r det mest focus p\u00e5 motors\u00e5gar under vintern och gr\u00e4sklippare p\u00e5 sommaren.<\/p>\n<p>I sin prydliga verkstad lagar denne h\u00e4ndige man det  mesta och det \u00e4r sannerligen inte bara Sundals ryrsbor som \u00e4r hans kunder. N\u00e4r  jag var p\u00e5 bes\u00f6k var det en motors\u00e5gskund fr\u00e5n Kung\u00e4lv f\u00f6re mig. Man kan i  verkligen s\u00e4ga att han hj\u00e4lper till att s\u00e4tta Sundals ryr p\u00e5 kartan.<\/p>\n<p><a href=\"http:\/\/sundalsryr.se\/wp-content\/uploads\/2013\/02\/DSC019231.jpg\"><img loading=\"lazy\" decoding=\"async\" class=\"alignleft size-medium wp-image-1437\" src=\"http:\/\/sundalsryr.se\/wp-content\/uploads\/2013\/02\/DSC019231-300x225.jpg\" alt=\"\" width=\"300\" height=\"225\" srcset=\"http:\/\/sundalsryr.se\/wp-content\/uploads\/2013\/02\/DSC019231-300x225.jpg 300w, http:\/\/sundalsryr.se\/wp-content\/uploads\/2013\/02\/DSC019231.jpg 640w\" sizes=\"(max-width: 300px) 100vw, 300px\" \/><\/a>V\u00e4gg i v\u00e4gg med verkstaden finns en lokal d\u00e4r motors\u00e5gar,  r\u00f6js\u00e5gar, stora och sm\u00e5 gr\u00e4sklippare, skyddskl\u00e4der och allehanda tillbeh\u00f6r finns  uppst\u00e4llda. N\u00e5got som \u00e4r p\u00e5 stark frammarsch \u00e4r robotgr\u00e4sklippare. Andreas har  d\u00e4rf\u00f6r tillsammans med sin bror, Thomas, startat ett f\u00f6retag som b\u00e5de s\u00e4ljer och  installerar dessa milj\u00f6v\u00e4nliga och arbetsbesparande sm\u00e5 \u201dsk\u00f6ldpaddor\u201d som sk\u00f6ter  gr\u00e4smattan i allt fler tr\u00e4dg\u00e5rdar.<\/p>\n<p>Om ni beh\u00f6ver en fil f\u00f6r att fila motors\u00e5gen, ett par  h\u00f6rselskydd eller nya s\u00e5garst\u00f6vlar, om gr\u00e4sklipparn inte startar eller om ni  vill ha en r\u00f6js\u00e5g f\u00f6r att ogr\u00e4set v\u00e4xt er \u00f6ver huvet s\u00e5 \u00e4r hj\u00e4lpen inte l\u00e5ngt  borta\u2026  Den finns hos<strong> <\/strong>Andreas p\u00e5 <strong>Br\u00e5landa motors\u00e5gar.<\/strong><\/p>\n<p><a href=\"http:\/\/sundalsryr.se\/wp-content\/uploads\/2013\/02\/DSC01921.jpg\"><img loading=\"lazy\" decoding=\"async\" class=\"alignleft size-medium wp-image-1431\" src=\"http:\/\/sundalsryr.se\/wp-content\/uploads\/2013\/02\/DSC01921-300x225.jpg\" alt=\"\" width=\"300\" height=\"225\" srcset=\"http:\/\/sundalsryr.se\/wp-content\/uploads\/2013\/02\/DSC01921-300x225.jpg 300w, http:\/\/sundalsryr.se\/wp-content\/uploads\/2013\/02\/DSC01921.jpg 640w\" sizes=\"(max-width: 300px) 100vw, 300px\" \/><\/a><\/p>\n<p>\u00d6ppettiderna \u00e4r:<\/p>\n<ul>\n<li>\u00b7          Tisdagar och onsdagar 9-18,<\/li>\n<li> lunchst\u00e4ngt mellan 12-13.<\/li>\n<li>\u00b7          L\u00f6rdag 9-13<\/li>\n<\/ul>\n<p>Telefon 070-4910332<\/p>\n<p><a href=\"http:\/\/sundalsryr.se\/wp-content\/uploads\/2013\/02\/DSC01922.jpg\"><img loading=\"lazy\" decoding=\"async\" class=\"alignright size-medium wp-image-1435\" src=\"http:\/\/sundalsryr.se\/wp-content\/uploads\/2013\/02\/DSC01922-300x225.jpg\" alt=\"\" width=\"300\" height=\"225\" srcset=\"http:\/\/sundalsryr.se\/wp-content\/uploads\/2013\/02\/DSC01922-300x225.jpg 300w, http:\/\/sundalsryr.se\/wp-content\/uploads\/2013\/02\/DSC01922.jpg 640w\" sizes=\"(max-width: 300px) 100vw, 300px\" \/><\/a><\/p>\n","protected":false},"excerpt":{"rendered":"<p>I n\u00e5gra reportage h\u00e4r p\u00e5 hemsidan t\u00e4nkte vi skriva om olika f\u00f6retag i bygden. H\u00f6r g\u00e4rna av dig om du har ett f\u00f6retag som du vill att vi ska skriva om, om du har f\u00f6rslag p\u00e5 n\u00e5got vi kan skriva om eller om du sj\u00e4lv vill skriva n\u00e5got till hemsidan. F\u00f6rst ut \u00e4r Br\u00e5landa Motors\u00e5gar&#8230;<\/p>\n","protected":false},"author":3,"featured_media":0,"comment_status":"open","ping_status":"open","sticky":false,"template":"","format":"standard","meta":{"_monsterinsights_skip_tracking":false,"_monsterinsights_sitenote_active":false,"_monsterinsights_sitenote_note":"","_monsterinsights_sitenote_category":0,"footnotes":""},"categories":[1,12],"tags":[],"class_list":["post-1428","post","type-post","status-publish","format-standard","hentry","category-aktuellt","category-foretag-i-sundals-ryr"],"_links":{"self":[{"href":"http:\/\/sundalsryr.se\/index.php?rest_route=\/wp\/v2\/posts\/1428"}],"collection":[{"href":"http:\/\/sundalsryr.se\/index.php?rest_route=\/wp\/v2\/posts"}],"about":[{"href":"http:\/\/sundalsryr.se\/index.php?rest_route=\/wp\/v2\/types\/post"}],"author":[{"embeddable":true,"href":"http:\/\/sundalsryr.se\/index.php?rest_route=\/wp\/v2\/users\/3"}],"replies":[{"embeddable":true,"href":"http:\/\/sundalsryr.se\/index.php?rest_route=%2Fwp%2Fv2%2Fcomments&post=1428"}],"version-history":[{"count":12,"href":"http:\/\/sundalsryr.se\/index.php?rest_route=\/wp\/v2\/posts\/1428\/revisions"}],"predecessor-version":[{"id":1447,"href":"http:\/\/sundalsryr.se\/index.php?rest_route=\/wp\/v2\/posts\/1428\/revisions\/1447"}],"wp:attachment":[{"href":"http:\/\/sundalsryr.se\/index.php?rest_route=%2Fwp%2Fv2%2Fmedia&parent=1428"}],"wp:term":[{"taxonomy":"category","embeddable":true,"href":"http:\/\/sundalsryr.se\/index.php?rest_route=%2Fwp%2Fv2%2Fcategories&post=1428"},{"taxonomy":"post_tag","embeddable":true,"href":"http:\/\/sundalsryr.se\/index.php?rest_route=%2Fwp%2Fv2%2Ftags&post=1428"}],"curies":[{"name":"wp","href":"https:\/\/api.w.org\/{rel}","templated":true}]}}