{"id":1496,"date":"2013-02-20T11:20:47","date_gmt":"2013-02-20T11:20:47","guid":{"rendered":"http:\/\/sundalsryr.se\/?p=1496"},"modified":"2013-02-20T11:20:47","modified_gmt":"2013-02-20T11:20:47","slug":"bara-en-liten-paminnelse","status":"publish","type":"post","link":"http:\/\/sundalsryr.se\/?p=1496","title":{"rendered":"Bara en liten p\u00e5minnelse&#8230;."},"content":{"rendered":"<p><a href=\"http:\/\/sundalsryr.se\/wp-content\/uploads\/2013\/02\/5.3.1-Gronsaksodling-470x170.jpg\"><img loading=\"lazy\" decoding=\"async\" class=\"aligncenter size-full wp-image-1497\" title=\"5.3.1-Gronsaksodling-470x170\" src=\"http:\/\/sundalsryr.se\/wp-content\/uploads\/2013\/02\/5.3.1-Gronsaksodling-470x170.jpg\" alt=\"\" width=\"470\" height=\"170\" srcset=\"http:\/\/sundalsryr.se\/wp-content\/uploads\/2013\/02\/5.3.1-Gronsaksodling-470x170.jpg 470w, http:\/\/sundalsryr.se\/wp-content\/uploads\/2013\/02\/5.3.1-Gronsaksodling-470x170-300x108.jpg 300w\" sizes=\"(max-width: 470px) 100vw, 470px\" \/><\/a><\/p>\n<p>Onsdag den 27 februari <strong>kl 18.00 <\/strong>\u00e4r det dags f\u00f6r tredje och<strong> <\/strong>sista delen av \u00e5rets matkvalit\u00e9-tema. Denna g\u00e5ng handlar det om sj\u00e4lvhush\u00e5llning och f\u00f6rvaring. V\u00e5r ordf\u00f6rande Roger Johansson kommer att visa bilder och ber\u00e4tta om gr\u00f6nsaksodling. Ann-Charlott Hajdu-Rafis fr\u00e5n l\u00e4nsstyrelsen talar om jordk\u00e4llaren som f\u00f6rvaringsbyggnad. Hortonom Anders Ryberg pratar om praktisk f\u00f6rvaring. Till f\u00f6rt\u00e4ring serveras det gr\u00f6nsaker, kex och dip.<\/p>\n<p>Varmt v\u00e4lkomna till en inneh\u00e5llsrik kv\u00e4ll!<\/p>\n","protected":false},"excerpt":{"rendered":"<p>Onsdag den 27 februari kl 18.00 \u00e4r det dags f\u00f6r tredje och sista delen av \u00e5rets matkvalit\u00e9-tema. Denna g\u00e5ng handlar det om sj\u00e4lvhush\u00e5llning och f\u00f6rvaring. V\u00e5r ordf\u00f6rande Roger Johansson kommer att visa bilder och ber\u00e4tta om gr\u00f6nsaksodling. Ann-Charlott Hajdu-Rafis fr\u00e5n l\u00e4nsstyrelsen talar om jordk\u00e4llaren som f\u00f6rvaringsbyggnad. Hortonom Anders Ryberg pratar om praktisk f\u00f6rvaring. Till f\u00f6rt\u00e4ring&#8230;<\/p>\n","protected":false},"author":3,"featured_media":0,"comment_status":"open","ping_status":"open","sticky":false,"template":"","format":"standard","meta":{"_monsterinsights_skip_tracking":false,"_monsterinsights_sitenote_active":false,"_monsterinsights_sitenote_note":"","_monsterinsights_sitenote_category":0,"footnotes":""},"categories":[1],"tags":[],"class_list":["post-1496","post","type-post","status-publish","format-standard","hentry","category-aktuellt"],"_links":{"self":[{"href":"http:\/\/sundalsryr.se\/index.php?rest_route=\/wp\/v2\/posts\/1496"}],"collection":[{"href":"http:\/\/sundalsryr.se\/index.php?rest_route=\/wp\/v2\/posts"}],"about":[{"href":"http:\/\/sundalsryr.se\/index.php?rest_route=\/wp\/v2\/types\/post"}],"author":[{"embeddable":true,"href":"http:\/\/sundalsryr.se\/index.php?rest_route=\/wp\/v2\/users\/3"}],"replies":[{"embeddable":true,"href":"http:\/\/sundalsryr.se\/index.php?rest_route=%2Fwp%2Fv2%2Fcomments&post=1496"}],"version-history":[{"count":1,"href":"http:\/\/sundalsryr.se\/index.php?rest_route=\/wp\/v2\/posts\/1496\/revisions"}],"predecessor-version":[{"id":1498,"href":"http:\/\/sundalsryr.se\/index.php?rest_route=\/wp\/v2\/posts\/1496\/revisions\/1498"}],"wp:attachment":[{"href":"http:\/\/sundalsryr.se\/index.php?rest_route=%2Fwp%2Fv2%2Fmedia&parent=1496"}],"wp:term":[{"taxonomy":"category","embeddable":true,"href":"http:\/\/sundalsryr.se\/index.php?rest_route=%2Fwp%2Fv2%2Fcategories&post=1496"},{"taxonomy":"post_tag","embeddable":true,"href":"http:\/\/sundalsryr.se\/index.php?rest_route=%2Fwp%2Fv2%2Ftags&post=1496"}],"curies":[{"name":"wp","href":"https:\/\/api.w.org\/{rel}","templated":true}]}}