{"id":1549,"date":"2013-03-16T16:55:29","date_gmt":"2013-03-16T16:55:29","guid":{"rendered":"http:\/\/sundalsryr.se\/?p=1549"},"modified":"2013-03-16T16:55:29","modified_gmt":"2013-03-16T16:55:29","slug":"arsmote-2","status":"publish","type":"post","link":"http:\/\/sundalsryr.se\/?p=1549","title":{"rendered":"\u00c5rsm\u00f6te"},"content":{"rendered":"<p style=\"text-align: center;\">\n<p style=\"text-align: center;\"><a href=\"http:\/\/sundalsryr.se\/wp-content\/uploads\/2013\/03\/ordf\u00f6rande.jpg\"><img loading=\"lazy\" decoding=\"async\" class=\"aligncenter size-medium wp-image-1551\" title=\"ordf\u00f6rande\" src=\"http:\/\/sundalsryr.se\/wp-content\/uploads\/2013\/03\/ordf\u00f6rande-300x136.jpg\" alt=\"\" width=\"300\" height=\"136\" srcset=\"http:\/\/sundalsryr.se\/wp-content\/uploads\/2013\/03\/ordf\u00f6rande-300x136.jpg 300w, http:\/\/sundalsryr.se\/wp-content\/uploads\/2013\/03\/ordf\u00f6rande.jpg 333w\" sizes=\"(max-width: 300px) 100vw, 300px\" \/><\/a><\/p>\n<h3 style=\"text-align: center;\">T\u00e4nk vad tiden g\u00e5r, nu \u00e4r det dags f\u00f6r \u00e5rsm\u00f6te igen.<\/h3>\n<h3 style=\"text-align: center;\">Onsdag 20 mars, kl: 18.30 i f\u00f6rsamlingshemmet.<\/h3>\n<h3 style=\"text-align: center;\">Det blir konsert med musikskolans elever fr\u00e5n bygden<\/h3>\n<h3 style=\"text-align: center;\">\u00c5rsm\u00f6tesf\u00f6rhandlingar<\/h3>\n<h3 style=\"text-align: center;\">Bildspel med Olle Gustavssons bilder fr\u00e5n aktivitetslederna<\/h3>\n<h3 style=\"text-align: center;\">Prisutdelning i adventskrysst\u00e4vlingen<\/h3>\n<h3 style=\"text-align: center;\">Kaffe och sm\u00f6rg\u00e5s<\/h3>\n<p style=\"text-align: center;\"><a href=\"http:\/\/sundalsryr.se\/wp-content\/uploads\/2013\/03\/sundalsryr.png\"><img loading=\"lazy\" decoding=\"async\" class=\"aligncenter size-medium wp-image-1550\" title=\"sundalsryr\" src=\"http:\/\/sundalsryr.se\/wp-content\/uploads\/2013\/03\/sundalsryr-300x293.png\" alt=\"\" width=\"300\" height=\"293\" srcset=\"http:\/\/sundalsryr.se\/wp-content\/uploads\/2013\/03\/sundalsryr-300x293.png 300w, http:\/\/sundalsryr.se\/wp-content\/uploads\/2013\/03\/sundalsryr-1024x1000.png 1024w, http:\/\/sundalsryr.se\/wp-content\/uploads\/2013\/03\/sundalsryr.png 1040w\" sizes=\"(max-width: 300px) 100vw, 300px\" \/><\/a><\/p>\n<h1 style=\"text-align: center;\">Hj\u00e4rtligt v\u00e4lkomna!<\/h1>\n","protected":false},"excerpt":{"rendered":"<p>T\u00e4nk vad tiden g\u00e5r, nu \u00e4r det dags f\u00f6r \u00e5rsm\u00f6te igen. Onsdag 20 mars, kl: 18.30 i f\u00f6rsamlingshemmet. Det blir konsert med musikskolans elever fr\u00e5n bygden \u00c5rsm\u00f6tesf\u00f6rhandlingar Bildspel med Olle Gustavssons bilder fr\u00e5n aktivitetslederna Prisutdelning i adventskrysst\u00e4vlingen Kaffe och sm\u00f6rg\u00e5s Hj\u00e4rtligt v\u00e4lkomna!<\/p>\n","protected":false},"author":3,"featured_media":0,"comment_status":"open","ping_status":"open","sticky":false,"template":"","format":"standard","meta":{"_monsterinsights_skip_tracking":false,"_monsterinsights_sitenote_active":false,"_monsterinsights_sitenote_note":"","_monsterinsights_sitenote_category":0,"footnotes":""},"categories":[1],"tags":[],"class_list":["post-1549","post","type-post","status-publish","format-standard","hentry","category-aktuellt"],"_links":{"self":[{"href":"http:\/\/sundalsryr.se\/index.php?rest_route=\/wp\/v2\/posts\/1549"}],"collection":[{"href":"http:\/\/sundalsryr.se\/index.php?rest_route=\/wp\/v2\/posts"}],"about":[{"href":"http:\/\/sundalsryr.se\/index.php?rest_route=\/wp\/v2\/types\/post"}],"author":[{"embeddable":true,"href":"http:\/\/sundalsryr.se\/index.php?rest_route=\/wp\/v2\/users\/3"}],"replies":[{"embeddable":true,"href":"http:\/\/sundalsryr.se\/index.php?rest_route=%2Fwp%2Fv2%2Fcomments&post=1549"}],"version-history":[{"count":3,"href":"http:\/\/sundalsryr.se\/index.php?rest_route=\/wp\/v2\/posts\/1549\/revisions"}],"predecessor-version":[{"id":1554,"href":"http:\/\/sundalsryr.se\/index.php?rest_route=\/wp\/v2\/posts\/1549\/revisions\/1554"}],"wp:attachment":[{"href":"http:\/\/sundalsryr.se\/index.php?rest_route=%2Fwp%2Fv2%2Fmedia&parent=1549"}],"wp:term":[{"taxonomy":"category","embeddable":true,"href":"http:\/\/sundalsryr.se\/index.php?rest_route=%2Fwp%2Fv2%2Fcategories&post=1549"},{"taxonomy":"post_tag","embeddable":true,"href":"http:\/\/sundalsryr.se\/index.php?rest_route=%2Fwp%2Fv2%2Ftags&post=1549"}],"curies":[{"name":"wp","href":"https:\/\/api.w.org\/{rel}","templated":true}]}}