{"id":1555,"date":"2013-03-19T08:59:45","date_gmt":"2013-03-19T08:59:45","guid":{"rendered":"http:\/\/sundalsryr.se\/?p=1555"},"modified":"2013-03-19T12:24:56","modified_gmt":"2013-03-19T12:24:56","slug":"foretag-i-sundals-ryr-2","status":"publish","type":"post","link":"http:\/\/sundalsryr.se\/?p=1555","title":{"rendered":"F\u00f6retag i Sundals ryr&#8230;"},"content":{"rendered":"<p>I v\u00e5r serie om f\u00f6retagare i Sundals ryr \u00e4r det nu dags f\u00f6r \u00e4nnu en presentation. Denna g\u00e5ng har vi bes\u00f6kt<em><strong> Erik Aronsson<\/strong> <\/em>p\u00e5<a href=\"http:\/\/sundalsryr.se\/wp-content\/uploads\/2013\/03\/image2.jpeg\"><img loading=\"lazy\" decoding=\"async\" class=\"alignright size-medium wp-image-1571\" title=\"image\" src=\"http:\/\/sundalsryr.se\/wp-content\/uploads\/2013\/03\/image2-253x300.jpg\" alt=\"\" width=\"253\" height=\"300\" srcset=\"http:\/\/sundalsryr.se\/wp-content\/uploads\/2013\/03\/image2-253x300.jpg 253w, http:\/\/sundalsryr.se\/wp-content\/uploads\/2013\/03\/image2-865x1023.jpg 865w, http:\/\/sundalsryr.se\/wp-content\/uploads\/2013\/03\/image2.jpeg 1681w\" sizes=\"(max-width: 253px) 100vw, 253px\" \/><\/a> <strong><span style=\"text-decoration: underline;\">Sallebyns snickeri.<\/span><\/strong><\/p>\n<p>Alla som \u00e5kt v\u00e4gen mellan gamla kyrkan och H\u00e4ljebyn har sett skylten p\u00e5 mj\u00f6lkbordet vid v\u00e4gen. N\u00e4r man kommer fram till g\u00e5rden finns det en v\u00e4lkomnande handgjord skylt i tr\u00e4, som visar oss in till det trevliga snickeriet d\u00e4r det alltid luktar gott av tr\u00e4.<\/p>\n<p><a href=\"http:\/\/sundalsryr.se\/wp-content\/uploads\/2013\/03\/image-3.jpeg\"><\/a> <a href=\"http:\/\/sundalsryr.se\/wp-content\/uploads\/2013\/03\/image-31.jpeg\"><img loading=\"lazy\" decoding=\"async\" class=\"alignleft size-medium wp-image-1562\" title=\"image (3)\" src=\"http:\/\/sundalsryr.se\/wp-content\/uploads\/2013\/03\/image-31-300x291.jpg\" alt=\"\" width=\"300\" height=\"291\" srcset=\"http:\/\/sundalsryr.se\/wp-content\/uploads\/2013\/03\/image-31-300x291.jpg 300w, http:\/\/sundalsryr.se\/wp-content\/uploads\/2013\/03\/image-31-1024x993.jpg 1024w\" sizes=\"(max-width: 300px) 100vw, 300px\" \/><\/a><\/p>\n<p>Direkt efter grundskolan b\u00f6rjade Erik som l\u00e4rling p\u00e5 Forsane snickeri i Fr\u00e4ndefors. \u00a0Efter n\u00e5gra \u00e5r, 1986, startade han eget \u00a0hemma p\u00e5 sin f\u00f6r\u00e4ldrag\u00e5rd som ocks\u00e5 den \u00a0ligger i Sallebyn, fast p\u00e5 andra sidan \u00a0skogen. \u00c5r 1998 gick flyttlasset till den \u00a0nuvarande st\u00f6rre lokalen. En flytt som \u00a0s\u00e4kerligen inte var helt l\u00e4tt, med tanke p\u00e5 \u00a0den m\u00e4ngd med stora snickerimaskiner som Erik har. F\u00f6r den oinvigde \u00e4r det ett \u00a0mysterium hur alla dessa kan anv\u00e4ndas, men helt klart \u00e4r att n\u00e4stan inget \u00e4r \u00a0om\u00f6jligt. Undan f\u00f6r undan har han k\u00f6pt fler maskiner f\u00f6r att kunna g\u00f6ra allt f\u00f6r sina \u00a0kunder. Men maskinerna till trots, snickeri \u00e4r ett hantverk och utan kunnande och \u00a0h\u00e4ndighet skulle de inte vara mycket v\u00e4rda.<a href=\"http:\/\/sundalsryr.se\/wp-content\/uploads\/2013\/03\/s\u00e5g.jpeg\"><img loading=\"lazy\" decoding=\"async\" class=\"alignright size-thumbnail wp-image-1563\" title=\"s\u00e5g\" src=\"http:\/\/sundalsryr.se\/wp-content\/uploads\/2013\/03\/s\u00e5g-150x150.jpg\" alt=\"\" width=\"150\" height=\"150\" \/><\/a><\/p>\n<p>Utanf\u00f6r finns ett s\u00e5gverk d\u00e4r stockar s\u00e5gas till plank och br\u00e4dor, n\u00e5got som m\u00e5nga i trakten vill ha hj\u00e4lp med n\u00e4r det ska byggas hus eller renoveras. Inne i snickeriet tillverkas f\u00f6nster, trappor, m\u00f6bler, ja allt man kan t\u00e4nka sig i tr\u00e4.\u00a0 Det finns \u00e4ven ett rum f\u00f6r m\u00e5lning och lackering. Allt g\u00f6rs p\u00e5 best\u00e4llning helt efter kundens \u00f6nskem\u00e5l och n\u00e4stan inget \u00e4r om\u00f6jligt f\u00f6r en h\u00e4ndig man som Erik. Just n\u00e4r jag \u00e4r p\u00e5 bes\u00f6k tillverkar han k\u00f6kssk\u00e5p och p\u00e5 en annan plats l\u00e4ngre in i lokalen ligger ett par rej\u00e4la plankor som s\u00e5sm\u00e5ningom ska bli en trappa.<\/p>\n<p><a href=\"http:\/\/sundalsryr.se\/wp-content\/uploads\/2013\/03\/snickerit-1.jpeg\"><img loading=\"lazy\" decoding=\"async\" class=\"alignleft size-medium wp-image-1565\" title=\"snickerit 1\" src=\"http:\/\/sundalsryr.se\/wp-content\/uploads\/2013\/03\/snickerit-1-300x225.jpg\" alt=\"\" width=\"300\" height=\"225\" srcset=\"http:\/\/sundalsryr.se\/wp-content\/uploads\/2013\/03\/snickerit-1-300x225.jpg 300w, http:\/\/sundalsryr.se\/wp-content\/uploads\/2013\/03\/snickerit-1-1024x768.jpg 1024w\" sizes=\"(max-width: 300px) 100vw, 300px\" \/><\/a><\/p>\n<p>Tveka inte att ringa till Erik om du beh\u00f6ver hj\u00e4lp, stort som sm\u00e5tt fixar han. Fr\u00e5n \u00a0den minsta lilla list till hela k\u00f6k och stora trappor. F\u00f6r det mesta \u00e4r han p\u00e5 plats i \u00a0snickeriet, men det h\u00e4nder att han \u00e4r ute p\u00e5 kundbes\u00f6k, s\u00e5 ring innan om du vill \u00a0vara s\u00e4ker p\u00e5 att tr\u00e4ffa honom. 0521-35094 eller 070-6662913.<a href=\"http:\/\/sundalsryr.se\/wp-content\/uploads\/2013\/03\/erik-21.jpeg\"><img loading=\"lazy\" decoding=\"async\" class=\"alignright size-medium wp-image-1566\" title=\"erik 2\" src=\"http:\/\/sundalsryr.se\/wp-content\/uploads\/2013\/03\/erik-21-225x300.jpg\" alt=\"\" width=\"225\" height=\"300\" srcset=\"http:\/\/sundalsryr.se\/wp-content\/uploads\/2013\/03\/erik-21-225x300.jpg 225w, http:\/\/sundalsryr.se\/wp-content\/uploads\/2013\/03\/erik-21-768x1024.jpg 768w\" sizes=\"(max-width: 225px) 100vw, 225px\" \/><\/a><\/p>\n","protected":false},"excerpt":{"rendered":"<p>I v\u00e5r serie om f\u00f6retagare i Sundals ryr \u00e4r det nu dags f\u00f6r \u00e4nnu en presentation. Denna g\u00e5ng har vi bes\u00f6kt Erik Aronsson p\u00e5 Sallebyns snickeri. Alla som \u00e5kt v\u00e4gen mellan gamla kyrkan och H\u00e4ljebyn har sett skylten p\u00e5 mj\u00f6lkbordet vid v\u00e4gen. N\u00e4r man kommer fram till g\u00e5rden finns det en v\u00e4lkomnande handgjord skylt i&#8230;<\/p>\n","protected":false},"author":3,"featured_media":0,"comment_status":"open","ping_status":"open","sticky":false,"template":"","format":"standard","meta":{"_monsterinsights_skip_tracking":false,"_monsterinsights_sitenote_active":false,"_monsterinsights_sitenote_note":"","_monsterinsights_sitenote_category":0,"footnotes":""},"categories":[1,12],"tags":[],"class_list":["post-1555","post","type-post","status-publish","format-standard","hentry","category-aktuellt","category-foretag-i-sundals-ryr"],"_links":{"self":[{"href":"http:\/\/sundalsryr.se\/index.php?rest_route=\/wp\/v2\/posts\/1555"}],"collection":[{"href":"http:\/\/sundalsryr.se\/index.php?rest_route=\/wp\/v2\/posts"}],"about":[{"href":"http:\/\/sundalsryr.se\/index.php?rest_route=\/wp\/v2\/types\/post"}],"author":[{"embeddable":true,"href":"http:\/\/sundalsryr.se\/index.php?rest_route=\/wp\/v2\/users\/3"}],"replies":[{"embeddable":true,"href":"http:\/\/sundalsryr.se\/index.php?rest_route=%2Fwp%2Fv2%2Fcomments&post=1555"}],"version-history":[{"count":11,"href":"http:\/\/sundalsryr.se\/index.php?rest_route=\/wp\/v2\/posts\/1555\/revisions"}],"predecessor-version":[{"id":1578,"href":"http:\/\/sundalsryr.se\/index.php?rest_route=\/wp\/v2\/posts\/1555\/revisions\/1578"}],"wp:attachment":[{"href":"http:\/\/sundalsryr.se\/index.php?rest_route=%2Fwp%2Fv2%2Fmedia&parent=1555"}],"wp:term":[{"taxonomy":"category","embeddable":true,"href":"http:\/\/sundalsryr.se\/index.php?rest_route=%2Fwp%2Fv2%2Fcategories&post=1555"},{"taxonomy":"post_tag","embeddable":true,"href":"http:\/\/sundalsryr.se\/index.php?rest_route=%2Fwp%2Fv2%2Ftags&post=1555"}],"curies":[{"name":"wp","href":"https:\/\/api.w.org\/{rel}","templated":true}]}}