{"id":1620,"date":"2013-04-14T19:04:24","date_gmt":"2013-04-14T19:04:24","guid":{"rendered":"http:\/\/sundalsryr.se\/?p=1620"},"modified":"2013-04-15T07:45:46","modified_gmt":"2013-04-15T07:45:46","slug":"foretag-i-sundals-ryr-3","status":"publish","type":"post","link":"http:\/\/sundalsryr.se\/?p=1620","title":{"rendered":"F\u00f6retag i Sundals ryr&#8230;."},"content":{"rendered":"<p>Det \u00e4r h\u00f6g tid att presentera \u00e4nnu en f\u00f6retagare i Sundals ryr : <em><strong>Agneta Larsson<\/strong><\/em> och hennes f\u00f6retag \u00a0<strong><span style=\"text-decoration: underline;\">Agnetas honung och \u00f6rter.<a href=\"http:\/\/sundalsryr.se\/wp-content\/uploads\/2013\/04\/honumg4.jpeg\"><img loading=\"lazy\" decoding=\"async\" class=\"alignright size-medium wp-image-1621\" title=\"honumg4\" src=\"http:\/\/sundalsryr.se\/wp-content\/uploads\/2013\/04\/honumg4-300x197.jpg\" alt=\"\" width=\"300\" height=\"197\" srcset=\"http:\/\/sundalsryr.se\/wp-content\/uploads\/2013\/04\/honumg4-300x197.jpg 300w, http:\/\/sundalsryr.se\/wp-content\/uploads\/2013\/04\/honumg4-1024x674.jpg 1024w, http:\/\/sundalsryr.se\/wp-content\/uploads\/2013\/04\/honumg4.jpeg 1525w\" sizes=\"(max-width: 300px) 100vw, 300px\" \/><\/a><\/span><\/strong> Agneta bor i sitt f\u00f6r\u00e4ldrahem p\u00e5 g\u00e5rden K\u00e4rr. Sitt intresse f\u00f6r biodling har hon \u00e4rvt efter sin far Ivan Fransson, intresset f\u00f6r \u00f6rter och v\u00e4xter kommer fr\u00e5n mamma Hilka. N\u00e4r Ivan blev sjuk \u00e5r 2003 b\u00f6rjade Agneta p\u00e5 allvar l\u00e4ra sig biodlingens konst och s\u00e5 sm\u00e5ningom tog hon \u00f6ver sin far bisamh\u00e4llen.<\/p>\n<p><a href=\"http:\/\/sundalsryr.se\/wp-content\/uploads\/2013\/04\/DSC02188.jpg\"><img loading=\"lazy\" decoding=\"async\" class=\"alignleft size-medium wp-image-1622\" title=\"DSC02188\" src=\"http:\/\/sundalsryr.se\/wp-content\/uploads\/2013\/04\/DSC02188-300x205.jpg\" alt=\"\" width=\"300\" height=\"205\" srcset=\"http:\/\/sundalsryr.se\/wp-content\/uploads\/2013\/04\/DSC02188-300x205.jpg 300w, http:\/\/sundalsryr.se\/wp-content\/uploads\/2013\/04\/DSC02188.jpg 563w\" sizes=\"(max-width: 300px) 100vw, 300px\" \/><\/a><\/p>\n<p>Med hj\u00e4lp av sina bin tillverkar \u00a0hon alla t\u00e4nkbara \u00a0honungsprodukter och s\u00e4ljer dem \u00a0sedan p\u00e5 flera st\u00e4llen i v\u00e5r n\u00e4rhet. \u00a0T ex i butikerna Nature och Kl\u00f6ver o timotej i V\u00e4nersborg, p\u00e5 Evenstorps g\u00e5rd h\u00e4r \u00a0i Sundals ryr och i Gallerian i Br\u00e5landa. Vid Evenstorps g\u00e5rd har hon flera av sina \u00a0bikupor uppst\u00e4llda, bina hj\u00e4lper till att pollinera hallonen och bidrar till god sk\u00f6rd \u00a0och Agneta f\u00e5r honung. Ett sammarbete som b\u00e5da parter tj\u00e4nar p\u00e5.<\/p>\n<p>Det \u00e4r till Gallerian man ska bege sig om man vill tr\u00e4ffa Agneta och prata biodling. Hon s\u00e4ljer inte bara honung och en m\u00e4ngd honungsprodukter, \u00e4ven redskap och alla tillbeh\u00f6r som beh\u00f6vs kan man k\u00f6pa i hennes trevliga butik.<a href=\"http:\/\/sundalsryr.se\/wp-content\/uploads\/2013\/04\/hylla.jpeg\"><img loading=\"lazy\" decoding=\"async\" class=\"alignright size-medium wp-image-1623\" title=\"hylla\" src=\"http:\/\/sundalsryr.se\/wp-content\/uploads\/2013\/04\/hylla-233x300.jpg\" alt=\"\" width=\"233\" height=\"300\" srcset=\"http:\/\/sundalsryr.se\/wp-content\/uploads\/2013\/04\/hylla-233x300.jpg 233w, http:\/\/sundalsryr.se\/wp-content\/uploads\/2013\/04\/hylla-796x1024.jpg 796w, http:\/\/sundalsryr.se\/wp-content\/uploads\/2013\/04\/hylla.jpeg 1181w\" sizes=\"(max-width: 233px) 100vw, 233px\" \/><\/a><\/p>\n<p><a href=\"http:\/\/sundalsryr.se\/wp-content\/uploads\/2013\/04\/honung-5.jpeg\"><img loading=\"lazy\" decoding=\"async\" class=\"alignleft size-medium wp-image-1624\" title=\"honung 5\" src=\"http:\/\/sundalsryr.se\/wp-content\/uploads\/2013\/04\/honung-5-211x300.jpg\" alt=\"\" width=\"211\" height=\"300\" srcset=\"http:\/\/sundalsryr.se\/wp-content\/uploads\/2013\/04\/honung-5-211x300.jpg 211w, http:\/\/sundalsryr.se\/wp-content\/uploads\/2013\/04\/honung-5-722x1024.jpg 722w, http:\/\/sundalsryr.se\/wp-content\/uploads\/2013\/04\/honung-5.jpeg 1119w\" sizes=\"(max-width: 211px) 100vw, 211px\" \/><\/a><\/p>\n<p>Honungen f\u00e5r olika f\u00e4rg och smak beroende p\u00e5 var bina \u00a0samlat sin nektar. Hallonhonung \u00e4r n\u00e4stan vit i f\u00e4rgen \u00a0medan h\u00f6sthonung som mestadels kommer fr\u00e5n ljung, \u00e4r \u00a0m\u00f6rkare och smakrikare. \u00a0Man kan ocks\u00e5 smaks\u00e4tta den vid \u00a0tillverkningen med tex lime, svart vinb\u00e4r eller \u00a0pepparmynta. Fr\u00e5n en bikupa kan man f\u00e5 mellan 30 och 100 \u00a0kg honung om \u00e5ret! Agneta s\u00e4ljer ocks\u00e5 bipollen, propolis, \u00a0honung som lindrar halsont, honungsgodis mm mm och hon \u00a0\u00e4r gener\u00f6s med provsmakningen \ud83d\ude42<\/p>\n<p>Vill man ha lokalproducerad honung i morgon teet, kanske st\u00e4rka sitt immunf\u00f6rsvar med bipollen, \u00e4r sugen p\u00e5 honungspastiller,<a href=\"http:\/\/sundalsryr.se\/wp-content\/uploads\/2013\/04\/sm\u00e5-burkar1.jpeg\"><img loading=\"lazy\" decoding=\"async\" class=\"alignright size-medium wp-image-1627\" title=\"sm\u00e5 burkar\" src=\"http:\/\/sundalsryr.se\/wp-content\/uploads\/2013\/04\/sm\u00e5-burkar1-300x225.jpg\" alt=\"\" width=\"300\" height=\"225\" srcset=\"http:\/\/sundalsryr.se\/wp-content\/uploads\/2013\/04\/sm\u00e5-burkar1-300x225.jpg 300w, http:\/\/sundalsryr.se\/wp-content\/uploads\/2013\/04\/sm\u00e5-burkar1-1024x768.jpg 1024w, http:\/\/sundalsryr.se\/wp-content\/uploads\/2013\/04\/sm\u00e5-burkar1.jpeg 1280w\" sizes=\"(max-width: 300px) 100vw, 300px\" \/><\/a> intresserad av biodling och funderar p\u00e5 att skaffa sig ett eget samh\u00e4lle eller om man bara \u00e4r nyfiken och vill veta mer om binas fantastiska v\u00e4rld, \u00e4r Agneta helt r\u00e4tt person att v\u00e4nda sig till. Hennes telefonnummer \u00e4r 073-1586004, Gallerian \u00e4r \u00f6ppen alla l\u00f6rdagar 10-13.<\/p>\n","protected":false},"excerpt":{"rendered":"<p>Det \u00e4r h\u00f6g tid att presentera \u00e4nnu en f\u00f6retagare i Sundals ryr : Agneta Larsson och hennes f\u00f6retag \u00a0Agnetas honung och \u00f6rter. Agneta bor i sitt f\u00f6r\u00e4ldrahem p\u00e5 g\u00e5rden K\u00e4rr. Sitt intresse f\u00f6r biodling har hon \u00e4rvt efter sin far Ivan Fransson, intresset f\u00f6r \u00f6rter och v\u00e4xter kommer fr\u00e5n mamma Hilka. N\u00e4r Ivan blev sjuk&#8230;<\/p>\n","protected":false},"author":3,"featured_media":0,"comment_status":"open","ping_status":"open","sticky":false,"template":"","format":"standard","meta":{"_monsterinsights_skip_tracking":false,"_monsterinsights_sitenote_active":false,"_monsterinsights_sitenote_note":"","_monsterinsights_sitenote_category":0,"footnotes":""},"categories":[12],"tags":[],"class_list":["post-1620","post","type-post","status-publish","format-standard","hentry","category-foretag-i-sundals-ryr"],"_links":{"self":[{"href":"http:\/\/sundalsryr.se\/index.php?rest_route=\/wp\/v2\/posts\/1620"}],"collection":[{"href":"http:\/\/sundalsryr.se\/index.php?rest_route=\/wp\/v2\/posts"}],"about":[{"href":"http:\/\/sundalsryr.se\/index.php?rest_route=\/wp\/v2\/types\/post"}],"author":[{"embeddable":true,"href":"http:\/\/sundalsryr.se\/index.php?rest_route=\/wp\/v2\/users\/3"}],"replies":[{"embeddable":true,"href":"http:\/\/sundalsryr.se\/index.php?rest_route=%2Fwp%2Fv2%2Fcomments&post=1620"}],"version-history":[{"count":7,"href":"http:\/\/sundalsryr.se\/index.php?rest_route=\/wp\/v2\/posts\/1620\/revisions"}],"predecessor-version":[{"id":1630,"href":"http:\/\/sundalsryr.se\/index.php?rest_route=\/wp\/v2\/posts\/1620\/revisions\/1630"}],"wp:attachment":[{"href":"http:\/\/sundalsryr.se\/index.php?rest_route=%2Fwp%2Fv2%2Fmedia&parent=1620"}],"wp:term":[{"taxonomy":"category","embeddable":true,"href":"http:\/\/sundalsryr.se\/index.php?rest_route=%2Fwp%2Fv2%2Fcategories&post=1620"},{"taxonomy":"post_tag","embeddable":true,"href":"http:\/\/sundalsryr.se\/index.php?rest_route=%2Fwp%2Fv2%2Ftags&post=1620"}],"curies":[{"name":"wp","href":"https:\/\/api.w.org\/{rel}","templated":true}]}}