{"id":1684,"date":"2013-05-12T18:27:06","date_gmt":"2013-05-12T18:27:06","guid":{"rendered":"http:\/\/sundalsryr.se\/?p=1684"},"modified":"2017-04-23T11:12:04","modified_gmt":"2017-04-23T11:12:04","slug":"vandring-till-grottorna","status":"publish","type":"post","link":"http:\/\/sundalsryr.se\/?p=1684","title":{"rendered":"Vandring till grottorna"},"content":{"rendered":"<p>Ett 15-tal vandrare m\u00f6tte upp vid badplatsen f\u00f6r att f\u00f6lja med p\u00e5 v\u00e5rens vandring.<\/p>\n<p>Under ledning av Bosse Elofsson guidades vi via grusgropen, grottorna, Bustugan, Lindeskogen och tillbaka till Bollungen.<\/p>\n<p style=\"text-align: center;\"><a href=\"http:\/\/sundalsryr.se\/wp-content\/uploads\/2013\/05\/DSCN0832.jpg\"><img loading=\"lazy\" decoding=\"async\" class=\"aligncenter size-full wp-image-1683\" title=\"DSCN0832\" src=\"http:\/\/sundalsryr.se\/wp-content\/uploads\/2013\/05\/DSCN0832.jpg\" alt=\"\" width=\"560\" height=\"420\" \/><\/a><\/p>\n<p>Vi f\u00f6ljde den markerade leden, f\u00f6rbi g\u00e5rden som bebotts av tre generationer riksdagsm\u00e4n! upp till \u00f6verkanten av K\u00e4rrs bergt\u00e4ckt. Vid vindskyddetet, med den storslagna utsikten, ovanf\u00f6r grusgropen nj\u00f6t vi av v\u00e5r mats\u00e4ck. Efter ytterligare en stunds vandring v\u00e5gade sig n\u00e5gra sedan uppf\u00f6r den branta, hala stigen till grottorna.<\/p>\n<p><a href=\"http:\/\/sundalsryr.se\/wp-content\/uploads\/2013\/05\/DSCN0841.jpg\"><img loading=\"lazy\" decoding=\"async\" class=\"alignleft size-full wp-image-1685\" title=\"DSCN0841\" src=\"http:\/\/sundalsryr.se\/wp-content\/uploads\/2013\/05\/DSCN0841.jpg\" alt=\"\" width=\"336\" height=\"252\" \/><\/a><\/p>\n<p>P\u00e5 v\u00e4g mot Bustugan kikade vi mellan tr\u00e4den och s\u00e5g att berget p\u00e5 flera st\u00e4llen \u00a0\u00e4r gult av svavel, n\u00e5got som man annars aldrig t\u00e4nkt p\u00e5. Men p\u00e5 byalagets \u00a0vandringar f\u00e5r man upp \u00f6gonen f\u00f6r nya saker.<\/p>\n<p><a href=\"http:\/\/sundalsryr.se\/wp-content\/uploads\/2013\/05\/DSCN0845.jpg\"><img loading=\"lazy\" decoding=\"async\" class=\"alignright size-full wp-image-1686\" title=\"DSCN0845\" src=\"http:\/\/sundalsryr.se\/wp-content\/uploads\/2013\/05\/DSCN0845.jpg\" alt=\"\" width=\"560\" height=\"420\" \/><\/a><\/p>\n<p>Ett stycke efter Bustugan viker vi av fr\u00e5n leden och en h\u00e4rlig skogsv\u00e4g tog oss via Mon och Lindeskogen tillbaka till bilarna. Strax f\u00f6re Bollungen gick vi f\u00f6rbi en av f\u00f6rsvarsbunkrarna som ligger bara ett stenkast fr\u00e5n v\u00e4gen. Det finns mycket sp\u00e4nnande att uppt\u00e4cka i v\u00e5r fina bygd.<\/p>\n<p>Under den drygt 5 km l\u00e5nga vandringen bj\u00f6ds p\u00e5 intressanta ber\u00e4ttelser om platser och svunna tider. Naturligtvis ingick frisk luft och trevligt s\u00e4llskap, som alltid p\u00e5 v\u00e5ra vandringar.<\/p>\n<p>Ett stort tack till Bosse f\u00f6r en j\u00e4ttefin tur.<a href=\"http:\/\/sundalsryr.se\/wp-content\/uploads\/2013\/05\/DSCN0848.jpg\"><img loading=\"lazy\" decoding=\"async\" class=\"size-full wp-image-1687 alignleft\" title=\"DSCN0848\" src=\"http:\/\/sundalsryr.se\/wp-content\/uploads\/2013\/05\/DSCN0848.jpg\" alt=\"\" width=\"336\" height=\"252\" \/><\/a><\/p>\n","protected":false},"excerpt":{"rendered":"<p>Ett 15-tal vandrare m\u00f6tte upp vid badplatsen f\u00f6r att f\u00f6lja med p\u00e5 v\u00e5rens vandring. Under ledning av Bosse Elofsson guidades vi via grusgropen, grottorna, Bustugan, Lindeskogen och tillbaka till Bollungen. Vi f\u00f6ljde den markerade leden, f\u00f6rbi g\u00e5rden som bebotts av tre generationer riksdagsm\u00e4n! upp till \u00f6verkanten av K\u00e4rrs bergt\u00e4ckt. Vid vindskyddetet, med den storslagna utsikten,&#8230;<\/p>\n","protected":false},"author":3,"featured_media":0,"comment_status":"open","ping_status":"open","sticky":false,"template":"","format":"standard","meta":{"_monsterinsights_skip_tracking":false,"_monsterinsights_sitenote_active":false,"_monsterinsights_sitenote_note":"","_monsterinsights_sitenote_category":0,"footnotes":""},"categories":[1,15],"tags":[],"class_list":["post-1684","post","type-post","status-publish","format-standard","hentry","category-aktuellt","category-vandringar"],"_links":{"self":[{"href":"http:\/\/sundalsryr.se\/index.php?rest_route=\/wp\/v2\/posts\/1684"}],"collection":[{"href":"http:\/\/sundalsryr.se\/index.php?rest_route=\/wp\/v2\/posts"}],"about":[{"href":"http:\/\/sundalsryr.se\/index.php?rest_route=\/wp\/v2\/types\/post"}],"author":[{"embeddable":true,"href":"http:\/\/sundalsryr.se\/index.php?rest_route=\/wp\/v2\/users\/3"}],"replies":[{"embeddable":true,"href":"http:\/\/sundalsryr.se\/index.php?rest_route=%2Fwp%2Fv2%2Fcomments&post=1684"}],"version-history":[{"count":3,"href":"http:\/\/sundalsryr.se\/index.php?rest_route=\/wp\/v2\/posts\/1684\/revisions"}],"predecessor-version":[{"id":3904,"href":"http:\/\/sundalsryr.se\/index.php?rest_route=\/wp\/v2\/posts\/1684\/revisions\/3904"}],"wp:attachment":[{"href":"http:\/\/sundalsryr.se\/index.php?rest_route=%2Fwp%2Fv2%2Fmedia&parent=1684"}],"wp:term":[{"taxonomy":"category","embeddable":true,"href":"http:\/\/sundalsryr.se\/index.php?rest_route=%2Fwp%2Fv2%2Fcategories&post=1684"},{"taxonomy":"post_tag","embeddable":true,"href":"http:\/\/sundalsryr.se\/index.php?rest_route=%2Fwp%2Fv2%2Ftags&post=1684"}],"curies":[{"name":"wp","href":"https:\/\/api.w.org\/{rel}","templated":true}]}}