{"id":1696,"date":"2013-05-26T20:26:54","date_gmt":"2013-05-26T20:26:54","guid":{"rendered":"http:\/\/sundalsryr.se\/?p=1696"},"modified":"2013-05-26T20:26:54","modified_gmt":"2013-05-26T20:26:54","slug":"foretag-i-sundals-ryr-4","status":"publish","type":"post","link":"http:\/\/sundalsryr.se\/?p=1696","title":{"rendered":"F\u00f6retag i Sundals ryr&#8230;"},"content":{"rendered":"<p style=\"text-align: center;\">N\u00e4sta f\u00f6retagare i v\u00e5r Sundals ryrs serie \u00e4r <em>Henning N\u00f8r<\/em> som driver <strong><span style=\"text-decoration: underline;\">kaffestugan p\u00e5 Granan<\/span><\/strong>. \u00a0P\u00e5 Granan har det funnits caf\u00e9 i 53 \u00e5r! Henning drev med framg\u00e5ng r\u00f6relsen n\u00e5gra \u00e5r i slutet p\u00e5 70-talet. \u00a0F\u00f6r tre \u00e5r sedan blev han tillfr\u00e5gad av \u00e4garen, Jutta Waller, om han kunde t\u00e4nka sig att ta \u00f6ver igen. Visst kunde han det och sedan dess driver han \u00e5terigen Kaffestugan, fast han egentligen \u00e4r pension\u00e4r.<a href=\"http:\/\/sundalsryr.se\/wp-content\/uploads\/2013\/05\/DSCN0904.jpg\"><img loading=\"lazy\" decoding=\"async\" class=\"aligncenter size-full wp-image-1697\" title=\"DSCN0904\" src=\"http:\/\/sundalsryr.se\/wp-content\/uploads\/2013\/05\/DSCN0904.jpg\" alt=\"\" width=\"560\" height=\"420\" \/><\/a><\/p>\n<p>Kaffestugan p\u00e5 Granan \u00e4r raka motsatsen till m\u00e5nga kaffebarer d\u00e4r man serveras kaffe i pappmugg p\u00e5 l\u00f6pande band. H\u00e4r \u00e4r det riktiga koppar av fint porslin med egen gammaldags kaffekanna p\u00e5 bordet som g\u00e4ller. Specialiten \u00e4r v\u00e5fflor, men det finns \u00e4ven sm\u00f6rg\u00e5sar och annat kaffedopp att v\u00e4lja p\u00e5. V\u00e5ffelreceptet har Henning \u00e4rvt av sin mor och de \u00e4r underbart goda. Dessutom f\u00e5r man tv\u00e5 till priset av en och naturligtvis med gr\u00e4dde och sylt p\u00e5.<a href=\"http:\/\/sundalsryr.se\/wp-content\/uploads\/2013\/05\/DSCN0901.jpg\"><img loading=\"lazy\" decoding=\"async\" class=\"alignright size-full wp-image-1698\" title=\"DSCN0901\" src=\"http:\/\/sundalsryr.se\/wp-content\/uploads\/2013\/05\/DSCN0901.jpg\" alt=\"\" width=\"336\" height=\"252\" \/><\/a><\/p>\n<p>Marken har tidigare varit statligt \u00e4gd. Huset var d\u00e5 bostad \u00e5t kronoj\u00e4garen som sk\u00f6tte skogen och jakten p\u00e5 fastighetens marker. Till huset h\u00f6r en stor tr\u00e4dg\u00e5rd eller snarare park, d\u00e4r man kan v\u00e4lja att sitta och fika om v\u00e4dret till\u00e5ter. D\u00e4r finns ocks\u00e5 2 stugor som Henning hyr ut. Allt \u00e4r mycket v\u00e4lsk\u00f6tt och hemtrevligt. Vandrar man all\u00e9n som g\u00e5r fr\u00e5n huset, bjuds man efter en kort promenad p\u00e5 en fantastisk utsikt. \u00c4ven fr\u00e5n kaffestugan som ligger 186 m \u00f6ver havet \u00e4r det fin utsikt, men den skyms till en del av flera stora tr\u00e4d. Dess dagar \u00e4r dock r\u00e4knade och snart ska man kunna njuta av utsikten \u00e4ven fr\u00e5n huset igen.<\/p>\n<p><a href=\"http:\/\/sundalsryr.se\/wp-content\/uploads\/2013\/05\/DSCN0906.jpg\"><img loading=\"lazy\" decoding=\"async\" class=\"alignleft size-full wp-image-1699\" title=\"DSCN0906\" src=\"http:\/\/sundalsryr.se\/wp-content\/uploads\/2013\/05\/DSCN0906.jpg\" alt=\"\" width=\"420\" height=\"560\" \/><\/a><\/p>\n<p>Hela sommaren \u00e4r kaffestugan \u00f6ppen fr\u00e5n kl \u00a012.00 torsdag- \u00a0s\u00f6ndag. Telefonnummer: 076-2139285. Henning med personal \u00a0h\u00e4lsar alla v\u00e4lkomna och jag kan varmt rekommendera ett \u00a0bes\u00f6k.<\/p>\n","protected":false},"excerpt":{"rendered":"<p>N\u00e4sta f\u00f6retagare i v\u00e5r Sundals ryrs serie \u00e4r Henning N\u00f8r som driver kaffestugan p\u00e5 Granan. \u00a0P\u00e5 Granan har det funnits caf\u00e9 i 53 \u00e5r! Henning drev med framg\u00e5ng r\u00f6relsen n\u00e5gra \u00e5r i slutet p\u00e5 70-talet. \u00a0F\u00f6r tre \u00e5r sedan blev han tillfr\u00e5gad av \u00e4garen, Jutta Waller, om han kunde t\u00e4nka sig att ta \u00f6ver igen&#8230;.<\/p>\n","protected":false},"author":3,"featured_media":0,"comment_status":"open","ping_status":"open","sticky":false,"template":"","format":"standard","meta":{"_monsterinsights_skip_tracking":false,"_monsterinsights_sitenote_active":false,"_monsterinsights_sitenote_note":"","_monsterinsights_sitenote_category":0,"footnotes":""},"categories":[12],"tags":[],"class_list":["post-1696","post","type-post","status-publish","format-standard","hentry","category-foretag-i-sundals-ryr"],"_links":{"self":[{"href":"http:\/\/sundalsryr.se\/index.php?rest_route=\/wp\/v2\/posts\/1696"}],"collection":[{"href":"http:\/\/sundalsryr.se\/index.php?rest_route=\/wp\/v2\/posts"}],"about":[{"href":"http:\/\/sundalsryr.se\/index.php?rest_route=\/wp\/v2\/types\/post"}],"author":[{"embeddable":true,"href":"http:\/\/sundalsryr.se\/index.php?rest_route=\/wp\/v2\/users\/3"}],"replies":[{"embeddable":true,"href":"http:\/\/sundalsryr.se\/index.php?rest_route=%2Fwp%2Fv2%2Fcomments&post=1696"}],"version-history":[{"count":3,"href":"http:\/\/sundalsryr.se\/index.php?rest_route=\/wp\/v2\/posts\/1696\/revisions"}],"predecessor-version":[{"id":1702,"href":"http:\/\/sundalsryr.se\/index.php?rest_route=\/wp\/v2\/posts\/1696\/revisions\/1702"}],"wp:attachment":[{"href":"http:\/\/sundalsryr.se\/index.php?rest_route=%2Fwp%2Fv2%2Fmedia&parent=1696"}],"wp:term":[{"taxonomy":"category","embeddable":true,"href":"http:\/\/sundalsryr.se\/index.php?rest_route=%2Fwp%2Fv2%2Fcategories&post=1696"},{"taxonomy":"post_tag","embeddable":true,"href":"http:\/\/sundalsryr.se\/index.php?rest_route=%2Fwp%2Fv2%2Ftags&post=1696"}],"curies":[{"name":"wp","href":"https:\/\/api.w.org\/{rel}","templated":true}]}}