{"id":1734,"date":"2013-06-24T20:15:42","date_gmt":"2013-06-24T20:15:42","guid":{"rendered":"http:\/\/sundalsryr.se\/?p=1734"},"modified":"2013-06-26T15:44:10","modified_gmt":"2013-06-26T15:44:10","slug":"foretag-i-sundals-ryr-5","status":"publish","type":"post","link":"http:\/\/sundalsryr.se\/?p=1734","title":{"rendered":"F\u00f6retag i Sundals ryr&#8230;"},"content":{"rendered":"<p><a href=\"http:\/\/sundalsryr.se\/wp-content\/uploads\/2013\/06\/DSCN0997.jpg\"><img loading=\"lazy\" decoding=\"async\" class=\"alignleft size-full wp-image-1736\" title=\"DSCN0997\" src=\"http:\/\/sundalsryr.se\/wp-content\/uploads\/2013\/06\/DSCN0997.jpg\" alt=\"\" width=\"202\" height=\"151\" \/><\/a><\/p>\n<p>N\u00e4sta f\u00f6retagare att presentera \u00e4r <em>Sofia och Magnus Karlsson<\/em> som har f\u00f6retaget <strong><span style=\"text-decoration: underline;\">Evenstorps g\u00e5rd. <\/span><\/strong>\u00c5r 1995 k\u00f6pte de g\u00e5rden och har sedan dess bedrivit v\u00e4xtodling och n\u00f6tk\u00f6ttsproduktion. Undan f\u00f6r undan har de utvecklat sitt f\u00f6retag. 2009 planterades de f\u00f6rsta hallonplantorna, d\u00e4refter har det blivit b\u00e5de rabarber och vinb\u00e4r. 2011 byggde de g\u00e5rdsbutik, caf\u00e9 och k\u00f6k d\u00e4r Sofia f\u00f6r\u00e4dlar och s\u00e4ljer det som odlas. F\u00f6rutom traditionell saft och sylt g\u00f6rs sp\u00e4nnande produkter som hallonvin\u00e4ger, whiskeymarmelad med hallon, rabarber chutney, hallon ketchup mm mm.<a href=\"http:\/\/sundalsryr.se\/wp-content\/uploads\/2013\/06\/DSCN0982.jpg\"><img loading=\"lazy\" decoding=\"async\" class=\"aligncenter size-full wp-image-1735\" title=\"DSCN0982\" src=\"http:\/\/sundalsryr.se\/wp-content\/uploads\/2013\/06\/DSCN0982.jpg\" alt=\"\" width=\"560\" height=\"420\" \/><\/a>I den trevliga g\u00e5rdsbutiken kan man \u00e4ven k\u00f6pa varor fr\u00e5n andra sm\u00e5skaliga tillverkare som tex honung, korv, rapsolja, choklad, havtornsprodukter och getost. Sofia \u00e4r en m\u00e4stare p\u00e5 att komponera och sl\u00e5 in fina presentl\u00e5dor! Man kan \u00e4ven k\u00f6pa \u00e4gg och best\u00e4lla n\u00f6tk\u00f6ttsl\u00e5dor fr\u00e5n g\u00e5rdens egna krav-uppf\u00f6dda k\u00f6ttdjur. H\u00e4r finns ocks\u00e5 kartor att k\u00f6pa \u00f6ver sundals ryrs-leden.<a href=\"http:\/\/sundalsryr.se\/wp-content\/uploads\/2013\/06\/DSCN0992.jpg\"><img loading=\"lazy\" decoding=\"async\" class=\"size-full wp-image-1737 alignleft\" title=\"DSCN0992\" src=\"http:\/\/sundalsryr.se\/wp-content\/uploads\/2013\/06\/DSCN0992.jpg\" alt=\"\" width=\"560\" height=\"420\" \/><\/a><\/p>\n<p>I caf\u00e9t kan man f\u00e5 en kaffekorg med \u00a0bakverk, paj eller glass med inslag fr\u00e5n \u00a0g\u00e5rdens odlingar, att ta med sig ut och \u00a0njuta av vid n\u00e5got av fikaborden. Om \u00a0man vill kan man v\u00e4lja att g\u00e5 den korta \u00a0biten till Evenstorps h\u00e4llristningar som h\u00e4rstammar fr\u00e5n brons\u00e5ldern. Att \u00e4ta hallonpaj med \u00a0vaniljs\u00e5s i gr\u00f6nskan vid ristningarna \u00e4r \u00a0en m\u00e4ktig upplevelse. Har man barn i \u00a0s\u00e4llskapet v\u00e4ljer man sj\u00e4lvklart att fika \u00a0vid det nybyggda sm\u00e5djurshuset. H\u00e4r kan \u00a0man tr\u00e4ffa minigrisar, getter, h\u00f6nor och \u00a0kaniner. P\u00e5 g\u00e5rden finns ocks\u00e5 en fr\u00e4sch \u00a0semesterl\u00e4genhet och en m\u00f6teslokal som \u00a0man kan hyra.<\/p>\n<p>Evenstorps g\u00e5rd \u00e4r ett mycket trevligt utflyktsm\u00e5l f\u00f6r hela familjen. Den mest v\u00e4lbes\u00f6kta dagen \u00e4r utan tvekan 1 maj, d\u00e5 kosl\u00e4ppet lockar tusentals m\u00e4nniskor.<a href=\"http:\/\/sundalsryr.se\/wp-content\/uploads\/2013\/06\/DSCN0988.jpg\"><img loading=\"lazy\" decoding=\"async\" class=\"aligncenter size-medium wp-image-1738\" title=\"DSCN0988\" src=\"http:\/\/sundalsryr.se\/wp-content\/uploads\/2013\/06\/DSCN0988-285x300.jpg\" alt=\"\" width=\"285\" height=\"300\" srcset=\"http:\/\/sundalsryr.se\/wp-content\/uploads\/2013\/06\/DSCN0988-285x300.jpg 285w, http:\/\/sundalsryr.se\/wp-content\/uploads\/2013\/06\/DSCN0988-973x1024.jpg 973w\" sizes=\"(max-width: 285px) 100vw, 285px\" \/><\/a><\/p>\n<p>Magnus och Sofia h\u00e4lsar alla v\u00e4lkomna! \u00d6ppettiderna varierar under \u00e5ret, under sommaren har man \u00f6ppet dagligen, l\u00e4s g\u00e4rna mer om \u00f6ppettider och produkterna p\u00e5 hemsidan <a href=\"http:\/\/www.ekologiskahallon.se\/\">www.ekologiskahallon.se<\/a><\/p>\n","protected":false},"excerpt":{"rendered":"<p>N\u00e4sta f\u00f6retagare att presentera \u00e4r Sofia och Magnus Karlsson som har f\u00f6retaget Evenstorps g\u00e5rd. \u00c5r 1995 k\u00f6pte de g\u00e5rden och har sedan dess bedrivit v\u00e4xtodling och n\u00f6tk\u00f6ttsproduktion. Undan f\u00f6r undan har de utvecklat sitt f\u00f6retag. 2009 planterades de f\u00f6rsta hallonplantorna, d\u00e4refter har det blivit b\u00e5de rabarber och vinb\u00e4r. 2011 byggde de g\u00e5rdsbutik, caf\u00e9 och k\u00f6k&#8230;<\/p>\n","protected":false},"author":3,"featured_media":0,"comment_status":"open","ping_status":"open","sticky":false,"template":"","format":"standard","meta":{"_monsterinsights_skip_tracking":false,"_monsterinsights_sitenote_active":false,"_monsterinsights_sitenote_note":"","_monsterinsights_sitenote_category":0,"footnotes":""},"categories":[1,12],"tags":[],"class_list":["post-1734","post","type-post","status-publish","format-standard","hentry","category-aktuellt","category-foretag-i-sundals-ryr"],"_links":{"self":[{"href":"http:\/\/sundalsryr.se\/index.php?rest_route=\/wp\/v2\/posts\/1734"}],"collection":[{"href":"http:\/\/sundalsryr.se\/index.php?rest_route=\/wp\/v2\/posts"}],"about":[{"href":"http:\/\/sundalsryr.se\/index.php?rest_route=\/wp\/v2\/types\/post"}],"author":[{"embeddable":true,"href":"http:\/\/sundalsryr.se\/index.php?rest_route=\/wp\/v2\/users\/3"}],"replies":[{"embeddable":true,"href":"http:\/\/sundalsryr.se\/index.php?rest_route=%2Fwp%2Fv2%2Fcomments&post=1734"}],"version-history":[{"count":6,"href":"http:\/\/sundalsryr.se\/index.php?rest_route=\/wp\/v2\/posts\/1734\/revisions"}],"predecessor-version":[{"id":1741,"href":"http:\/\/sundalsryr.se\/index.php?rest_route=\/wp\/v2\/posts\/1734\/revisions\/1741"}],"wp:attachment":[{"href":"http:\/\/sundalsryr.se\/index.php?rest_route=%2Fwp%2Fv2%2Fmedia&parent=1734"}],"wp:term":[{"taxonomy":"category","embeddable":true,"href":"http:\/\/sundalsryr.se\/index.php?rest_route=%2Fwp%2Fv2%2Fcategories&post=1734"},{"taxonomy":"post_tag","embeddable":true,"href":"http:\/\/sundalsryr.se\/index.php?rest_route=%2Fwp%2Fv2%2Ftags&post=1734"}],"curies":[{"name":"wp","href":"https:\/\/api.w.org\/{rel}","templated":true}]}}