{"id":1769,"date":"2013-08-02T20:16:57","date_gmt":"2013-08-02T20:16:57","guid":{"rendered":"http:\/\/sundalsryr.se\/?p=1769"},"modified":"2013-08-02T20:21:12","modified_gmt":"2013-08-02T20:21:12","slug":"rapport-fran-leden-del-7","status":"publish","type":"post","link":"http:\/\/sundalsryr.se\/?p=1769","title":{"rendered":"Rapport fr\u00e5n leden del 7"},"content":{"rendered":"<p>Det \u00e4r tidigt, morgonen \u00e4r tyst och vacker. Den nordiska sommarnatten \u00e4r f\u00f6r fin f\u00f6r att sovas bort. Dimmorna ligger som sl\u00f6jor \u00f6ver<a href=\"http:\/\/sundalsryr.se\/wp-content\/uploads\/2013\/08\/DSCN1099.jpg\"><img loading=\"lazy\" decoding=\"async\" class=\"alignright size-full wp-image-1770\" title=\"DSCN1099\" src=\"http:\/\/sundalsryr.se\/wp-content\/uploads\/2013\/08\/DSCN1099.jpg\" alt=\"\" width=\"336\" height=\"252\" \/><\/a> \u00e5krarna. \u00c4nnu en del av leden ska utforskas till fots. Vi ska springa en kombination av Sundals ryrs leden och en led i naturreservatet p\u00e5 Kroppefj\u00e4ll. Bilen parkeras p\u00e5 Ringedalsv\u00e4gen. Kommer man fr\u00e5n V Blekan k\u00f6r man mot Hallsj\u00f6n, efter n\u00e5gra kilometer ser man de r\u00f6da markeringarna visa \u00e5t v\u00e4nster in p\u00e5 Ringedalsv\u00e4gen. Efter knappt tv\u00e5 kilometer kommer man till parkeringen.<\/p>\n<p><a href=\"http:\/\/sundalsryr.se\/wp-content\/uploads\/2013\/08\/DSCN1022.jpg\"><img loading=\"lazy\" decoding=\"async\" class=\"alignleft size-full wp-image-1771\" title=\"DSCN1022\" src=\"http:\/\/sundalsryr.se\/wp-content\/uploads\/2013\/08\/DSCN1022.jpg\" alt=\"\" width=\"202\" height=\"151\" \/><\/a><\/p>\n<p>Kroppen k\u00e4nns stel, fast lite tr\u00f6gstartad har \u00a0man v\u00e4l r\u00e4tt att vara denna tid p\u00e5 dygnet. \u00a0Solen som fortfarande bara kommit en liten \u00a0bit \u00f6ver horisonten v\u00e4rmer oss i ryggen. \u00a0Lungorna fylls av krispig morgonluft. Vi \u00a0springer i and\u00e4ktig tystnad. Bara det rytmiska trampet av v\u00e5ra f\u00f6tter h\u00f6rs svagt. Ett tv\u00e5, ett tv\u00e5, i \u00a0takt som soldater. Men motst\u00e5ndaren \u00e4r ingen gr\u00f6nkl\u00e4dd milit\u00e4r som v\u00e4ntar vid fronten. Fienden \u00e4r den tidiga timman, l\u00e4ttjan och tr\u00f6ttheten. Men s\u00e4ngen \u00f6vergiven och skorna \u00e4r p\u00e5, s\u00e5 mer \u00e4n halva segern \u00e4r redan vunnen.<\/p>\n<p>S\u00e5sm\u00e5ningom vaknar kroppen och stegen k\u00e4nns l\u00e4ttare. Grusv\u00e4gen avslutas med en v\u00e4ndplan och vi f\u00f6ljer de r\u00f6da snitslarna rakt ut i terr\u00e4ngen. \u00d6ver myr och grenar. F\u00e5glarna har startat sin morgonkonsert. Daggen i det mjuka gr\u00e4set bl\u00f6ter v\u00e5ra bara ben. Allt \u00e4r stilla n\u00e4r pl\u00f6tsligt en orrh\u00f6na flaxar upp strax j\u00e4mte oss. F\u00f6rl\u00e5t lilla h\u00f6na, vi vill inte st\u00f6ra, bara vara g\u00e4ster i naturen f\u00f6r en kort stund.<\/p>\n<p>Snart \u00e4r vi ute p\u00e5 en grusv\u00e4g igen, Tr\u00f6tav\u00e4gen. Det \u00e4r h\u00e4r n\u00e5gonstans som Tr\u00f6ta-tomten bor, men i dag syns han inte till. Efter bara en liten bit sv\u00e4nger vi in p\u00e5 en smal stig \u00e5t h\u00f6ger. Fr\u00e5n Sundals ryrs ledens r\u00f6da snitslar och in i reservatet. H\u00e4r \u00e4r det orange markeringar som g\u00e4ller. Stigen \u00e4r smal och inte s\u00e4rskilt v\u00e4ltrampad. N\u00e5gra omogna hjortron glimmar r\u00f6tt. I kanten av en myr klafsar vattnet i v\u00e5ra skor tjipp, tjipp, tjipp , men det \u00e4r sommar och varmt s\u00e5 det bekymrar oss inte ett dugg.<\/p>\n<p style=\"text-align: center;\"><a href=\"http:\/\/sundalsryr.se\/wp-content\/uploads\/2013\/08\/DSCN1008.jpg\"><img loading=\"lazy\" decoding=\"async\" class=\"aligncenter size-full wp-image-1772\" title=\"DSCN1008\" src=\"http:\/\/sundalsryr.se\/wp-content\/uploads\/2013\/08\/DSCN1008.jpg\" alt=\"\" width=\"933\" height=\"700\" \/><\/a><\/p>\n<p>\u00d6ver norra \u00e4nden av sj\u00f6n \u00c5levattnet g\u00e5r en sp\u00e5ng som sett sina b\u00e4sta dagar. En del av den ligger helt under vattnet. Med sm\u00e5 f\u00f6rsiktiga hasande steg tar vi oss \u00f6ver. Ramlar man i h\u00e4r \u00e4r det inte bara f\u00f6tterna som bli bl\u00f6ta. Men det g\u00e5r bra och vi kan f\u00e4rdas vidare. N\u00e4r vi kommer till \u00c5lestugan stannar vi, dricker ett par klunkar av v\u00e5rt vatten och skriver i g\u00e4stboken.\u00a0 Det var ett par m\u00e5nader sedan n\u00e5gon skrev i den sist. Synd, dessa stigar f\u00f6rtj\u00e4nar ett b\u00e4ttre \u00f6de \u00e4n att v\u00e4xa igen och gl\u00f6mmas bort.<a href=\"http:\/\/sundalsryr.se\/wp-content\/uploads\/2013\/08\/DSCN1010.jpg\"><img loading=\"lazy\" decoding=\"async\" class=\"alignright size-full wp-image-1773\" title=\"DSCN1010\" src=\"http:\/\/sundalsryr.se\/wp-content\/uploads\/2013\/08\/DSCN1010.jpg\" alt=\"\" width=\"560\" height=\"420\" \/><\/a><\/p>\n<p>Vi s\u00e4tter fart p\u00e5 nytt. Detta \u00e4r vildmark n\u00e4r den \u00e4r som b\u00e4st. Varje steg \u00e4r en njutning, varje andetag en g\u00e5va, varje hj\u00e4rtslag en sk\u00e4nk fr\u00e5n livet. Upp och ner, r\u00f6tter och kvistar, hala berg och bl\u00f6ta myrar. Vackert men tidskr\u00e4vande. \u00a0P\u00e5 n\u00e5gra st\u00e4llen springer vi f\u00f6rbi \u201dstenk\u00e4rringar\u201d. Stenpyramider fr\u00e5n gamla tider som man byggde f\u00f6r att l\u00e4ttare kunna hitta p\u00e5 fj\u00e4llet. P\u00e5 den tiden var det glest med skog och kikade man i \u201dh\u00e5let\u201d som fanns l\u00e4ngst upp p\u00e5 pyramiden s\u00e5g man antingen till en annan stenk\u00e4rring eller till ett kyrktorn. Men det finns inte l\u00e4ngre n\u00e5gra h\u00e5l att kika igenom och hade det funnits, s\u00e5 skulle skogen \u00e4nd\u00e5 hindrat oss fr\u00e5n att se till n\u00e4sta. Den st\u00f6rsta har f\u00e5tt ett eget namn, hon heter \u201dGammel-johanna\u201d och finns ett stenkast fr\u00e5n stigen efter den lilla sj\u00f6n Ox\u00f6gat.<\/p>\n<p><a href=\"http:\/\/sundalsryr.se\/wp-content\/uploads\/2013\/08\/DSC022391.jpg\"><img loading=\"lazy\" decoding=\"async\" class=\"alignleft size-medium wp-image-1775\" title=\"DSC02239\" src=\"http:\/\/sundalsryr.se\/wp-content\/uploads\/2013\/08\/DSC022391-225x300.jpg\" alt=\"\" width=\"225\" height=\"300\" srcset=\"http:\/\/sundalsryr.se\/wp-content\/uploads\/2013\/08\/DSC022391-225x300.jpg 225w, http:\/\/sundalsryr.se\/wp-content\/uploads\/2013\/08\/DSC022391.jpg 480w\" sizes=\"(max-width: 225px) 100vw, 225px\" \/><\/a><\/p>\n<p>Vi kommer till \u201dDalen\u201d h\u00e4r ser vi sp\u00e5r fr\u00e5n de som levde p\u00e5 fj\u00e4llet f\u00f6r l\u00e4nge sedan. Halvt \u00a0igenvuxna \u00e5krar, stenmurar och \u00e4ppletr\u00e4d vittnar om att det bott m\u00e4nniskor h\u00e4r. Vi springer \u00a0h\u00f6ger mot V\u00e4nnest\u00e5ngen medan tankarna f\u00e4rdas bak\u00e5t i tiden. T\u00e4nk att bo h\u00e4r och leva p\u00e5 dessa sm\u00e5 \u00e5kerlappar. S\u00e5 \u00a0m\u00e5nga stenar man brutit. D\u00e5 arbetade och svettades man f\u00f6r att f\u00e5 n\u00e5got att \u00e4ta, nu k\u00e4mpar och \u00a0svettas vi f\u00f6r att bli av med det vi \u00e4tit. Tiderna f\u00f6r\u00e4ndras. \u00a0<a href=\"http:\/\/sundalsryr.se\/wp-content\/uploads\/2013\/08\/DSCN1013.jpg\"><img loading=\"lazy\" decoding=\"async\" class=\"alignright size-full wp-image-1776\" title=\"DSCN1013\" src=\"http:\/\/sundalsryr.se\/wp-content\/uploads\/2013\/08\/DSCN1013.jpg\" alt=\"\" width=\"336\" height=\"252\" \/><\/a><\/p>\n<p>En skog \u00e4r mer \u00e4n bara tr\u00e4d, den \u00e4r dofter, silat solljus, gr\u00f6nska och fuktig mossa. \u00a0Jag ser mig \u00a0omkring och memorerar s\u00e5 mycket jag kan av den underbara morgonen, till vintern ska jag \u00a0v\u00e4rma mig vid minnet. S\u00e4nder en tanke till stackarna som springer p\u00e5 l\u00f6pband med musik i \u00a0\u00f6ronen, inneslutna i sin egen bubbla, som en flykt fr\u00e5n verkligheten. T\u00e4nk att aldrig f\u00e5 k\u00e4nna \u00a0vassa sn\u00f6flingor eller bl\u00e4ndande solljus mot kinder som t\u00e5rats av fartvinden. Aldrig f\u00e5 se den \u00a0blanka ytan p\u00e5 ett skogstj\u00e4rns m\u00f6rka vatten. Aldrig besegra en backe s\u00e5 brant att man m\u00e5ste ta \u00a0h\u00e4nderna till hj\u00e4lp. Att till fots ta sig fram i v\u00e5r vackra natur \u00e4r en m\u00f6jlighet ingen borde f\u00f6rsumma.<\/p>\n<p><a href=\"http:\/\/sundalsryr.se\/wp-content\/uploads\/2013\/08\/DSC01299.jpg\"><img loading=\"lazy\" decoding=\"async\" class=\"aligncenter size-full wp-image-1777\" title=\"DSC01299\" src=\"http:\/\/sundalsryr.se\/wp-content\/uploads\/2013\/08\/DSC01299.jpg\" alt=\"\" width=\"640\" height=\"480\" srcset=\"http:\/\/sundalsryr.se\/wp-content\/uploads\/2013\/08\/DSC01299.jpg 640w, http:\/\/sundalsryr.se\/wp-content\/uploads\/2013\/08\/DSC01299-300x225.jpg 300w\" sizes=\"(max-width: 640px) 100vw, 640px\" \/><\/a><\/p>\n<p>Alltf\u00f6r snart ser vi bilen skymta mellan tr\u00e4den. 7.5 km \u00e4ventyr \u00e4r slut. Det kommer bli en varm dag, vi dricker upp resten av vattnet. Morgonen \u00e4r f\u00f6rbi, v\u00e4rlden kallar oss tillbaka. Denna del av leden och turen in i reservatet \u00e4r vild och vacker. Kanske l\u00e4mpar den sig b\u00e4ttre f\u00f6r vandring \u00e4n l\u00f6pning. T\u00e4nker man g\u00f6ra en bra kilometertid b\u00f6r man t\u00e4nka om, men den \u00e4r absolut v\u00e4rd varenda minut det tar. Efter den korta bilturen hem v\u00e4ntar en efterl\u00e4ngtad frukost. Det har varit en underbar start p\u00e5 dagen.<\/p>\n","protected":false},"excerpt":{"rendered":"<p>Det \u00e4r tidigt, morgonen \u00e4r tyst och vacker. Den nordiska sommarnatten \u00e4r f\u00f6r fin f\u00f6r att sovas bort. Dimmorna ligger som sl\u00f6jor \u00f6ver \u00e5krarna. \u00c4nnu en del av leden ska utforskas till fots. Vi ska springa en kombination av Sundals ryrs leden och en led i naturreservatet p\u00e5 Kroppefj\u00e4ll. Bilen parkeras p\u00e5 Ringedalsv\u00e4gen. Kommer man&#8230;<\/p>\n","protected":false},"author":3,"featured_media":0,"comment_status":"open","ping_status":"open","sticky":false,"template":"","format":"standard","meta":{"_monsterinsights_skip_tracking":false,"_monsterinsights_sitenote_active":false,"_monsterinsights_sitenote_note":"","_monsterinsights_sitenote_category":0,"footnotes":""},"categories":[1,11],"tags":[],"class_list":["post-1769","post","type-post","status-publish","format-standard","hentry","category-aktuellt","category-rapporter-fran-leden"],"_links":{"self":[{"href":"http:\/\/sundalsryr.se\/index.php?rest_route=\/wp\/v2\/posts\/1769"}],"collection":[{"href":"http:\/\/sundalsryr.se\/index.php?rest_route=\/wp\/v2\/posts"}],"about":[{"href":"http:\/\/sundalsryr.se\/index.php?rest_route=\/wp\/v2\/types\/post"}],"author":[{"embeddable":true,"href":"http:\/\/sundalsryr.se\/index.php?rest_route=\/wp\/v2\/users\/3"}],"replies":[{"embeddable":true,"href":"http:\/\/sundalsryr.se\/index.php?rest_route=%2Fwp%2Fv2%2Fcomments&post=1769"}],"version-history":[{"count":4,"href":"http:\/\/sundalsryr.se\/index.php?rest_route=\/wp\/v2\/posts\/1769\/revisions"}],"predecessor-version":[{"id":1780,"href":"http:\/\/sundalsryr.se\/index.php?rest_route=\/wp\/v2\/posts\/1769\/revisions\/1780"}],"wp:attachment":[{"href":"http:\/\/sundalsryr.se\/index.php?rest_route=%2Fwp%2Fv2%2Fmedia&parent=1769"}],"wp:term":[{"taxonomy":"category","embeddable":true,"href":"http:\/\/sundalsryr.se\/index.php?rest_route=%2Fwp%2Fv2%2Fcategories&post=1769"},{"taxonomy":"post_tag","embeddable":true,"href":"http:\/\/sundalsryr.se\/index.php?rest_route=%2Fwp%2Fv2%2Ftags&post=1769"}],"curies":[{"name":"wp","href":"https:\/\/api.w.org\/{rel}","templated":true}]}}