{"id":1811,"date":"2013-08-21T19:42:36","date_gmt":"2013-08-21T19:42:36","guid":{"rendered":"http:\/\/sundalsryr.se\/?p=1811"},"modified":"2013-08-21T19:42:36","modified_gmt":"2013-08-21T19:42:36","slug":"byabladet-2","status":"publish","type":"post","link":"http:\/\/sundalsryr.se\/?p=1811","title":{"rendered":"Byabladet"},"content":{"rendered":"<p>Nu b\u00f6r alla ha f\u00e5tt h\u00f6stens byablad i sin l\u00e5da. Har ni inte det s\u00e5 h\u00f6r av er till n\u00e5gon i styrelsen. H\u00e4r kommer det i alla fall i bloggform. Som vanligt hoppas vi att m\u00e5nga vill komma p\u00e5 v\u00e5ra aktiviteter, b\u00e5de nya och gamla medverkande h\u00e4lsas varmt v\u00e4lkomna!<\/p>\n<p><strong> Program f\u00f6r h\u00f6sten 2013<\/strong><\/p>\n<p>Under h\u00f6sten forts\u00e4tter n\u00e5gra aktiviteter som vanligt<strong>. Viktminskningsgruppen<\/strong> k\u00e4mpar vidare, den som \u00e4r intresserad av att vara med kontaktar Lena Hansson tele: 35116<strong>. Mulle:<\/strong> Vill du f\u00f6lja med ut i skogen p\u00e5 uppt\u00e4cksf\u00e4rd \u00a0och \u00e4ventyr\u00a0med utg\u00e5ngspunkt Granan. Knytte 2-4 \u00e5r, Mulle 5-6 \u00e5r Str\u00f6vare 7-9 \u00e5r Lufsare 10- \u00e5r. Kontakta Susanne Broberg 0521-35030 070-3915704 <a href=\"mailto:ennasus78@hotmail.com\" target=\"_blank\">ennasus78@hotmail.com<\/a>.<\/p>\n<p>Gl\u00f6m inte heller att kolla in p\u00e5 v\u00e5r hemsida och v\u00e5r facebooksida, d\u00e4r meddelas extrainsatta aktiviteter och ev \u00e4ndringar. <a href=\"http:\/\/www.sundalsryr.se\">www.sundalsryr.se<\/a><\/p>\n<p><em><strong>Augusti<\/strong><\/em><\/p>\n<p><strong>Lerduveskytte<\/strong> sista g\u00e5ngen f\u00f6r s\u00e4songen den 7\/8 kl: 18.00 vid skjutbanan i V Blekan.<\/p>\n<p><strong>Friluftsgudstj\u00e4nst<\/strong> vid skidans hus, Granan. S\u00f6ndag den 18\/8. Kl: 15.00 Ukulelegruppen spelar och byalaget ordnar bingo till kaffet.<\/p>\n<p><strong><em>September<\/em><\/strong><\/p>\n<p><strong>Vandring<\/strong> Gunnar i ryr guidar oss i K\u00e4rr. S\u00f6ndag den 15\/9. Samling vid nya kyrkan Kl: 15.00<\/p>\n<p><strong>\u00c4lgskyttetr\u00e4ning<\/strong> p\u00e5 skjutbanan i Sk\u00e5llerud, onsdag den 18\/9. Samling vid parkeringen i V blekan kl:16.00. Senare anslutning i Sk\u00e5llerud \u00e4r m\u00f6jlig. Anm\u00e4lan till Robert Lindstr\u00f6m senast 11\/9, tele 30647.<\/p>\n<p><em><strong>Oktober<\/strong><\/em><\/p>\n<p><strong>Teaterresa <\/strong>L\u00f6rdag den 26\/10 \u00e5ker vi med Trestad buss till Lorensbergsteatern i G\u00f6teborg f\u00f6r att se Broadwaysucc\u00e9n \u201dFamiljen Addams\u201d. Den kultf\u00f6rklarade 60-tals serien som nu blivit musical med Claes Malmberg, Lasse Kron\u00e9r, Petra Nilsen, Jessica Zanden, Stefan Ljungqvist m fl. Buss, teaterbiljett och mat kostar 1245 kr. F\u00f6rest\u00e4llningen b\u00f6rjar kl: 15.30 och \u00e4r ca 2 h 45 min, efter \u00e4ter vi buff\u00e9 p\u00e5 Lorens bar. Avresetid och plats meddelas senare. Bindande anm\u00e4lan senast 27\/8 till Anna-Lena Hoffman 0521-30230 eller mail <a href=\"mailto:lars-anna@telia.com\">lars-anna@telia.com<\/a>.\u00a0 passa p\u00e5 f\u00f6rst till kvarn g\u00e4ller\u2026<\/p>\n<p><em><strong>November<\/strong><\/em><\/p>\n<p><strong>F\u00f6rel\u00e4sning<\/strong> \u201d50 \u00e5r inom motorsporten \u2013fr\u00e5n tv\u00e5 till fyra hjul\u201d Ferdinand Gustavsson fr\u00e5n Hj\u00e4rtum, b\u00f6rjade t\u00e4vla -58 med en hemmabygd motorcykel. Senare gick han \u00f6ver till racing och t\u00e4vlar nu historisk formel III med Ronny Peterssons racingbil. Onsdag 6\/11 kl:19.00 kommer han till f\u00f6rsamlingshemmet och ber\u00e4ttar sin historia f\u00f6r oss. Fika till sj\u00e4lvkostnad.<\/p>\n<p><strong> <em>December<\/em><\/strong><\/p>\n<p><strong>Gl\u00f6ggkv\u00e4ll <\/strong>traditionsenlig gl\u00f6ggkv\u00e4ll dagen innan Br\u00e5landa julmarknad. Fredag 6\/12 kl: 18.30 Hos fam Thorsson i Gunnersbyn. Mat och dryck tar var och en med till sig, det finns m\u00f6jlighet till grillning. Vid fr\u00e5gor kontakta Nettan 0733-143074<\/p>\n<p><strong>Tomteparaden<\/strong> i Br\u00e5landa. L\u00f6rdag 7\/12. Alla, b\u00e5de stora och sm\u00e5 tomtar f\u00e5r \u00e5ka eller g\u00e5 med byalagets vagn. Samling vid Gamla v\u00e4gf\u00f6rvaltningen i Br\u00e5landa kl 15.00<\/p>\n<p><strong>Adventskryss<\/strong> Vi kommer \u00e4ven i \u00e5r att ha n\u00e5gon form av t\u00e4vling p\u00e5 hemsidan i advent.<\/p>\n<p>Vi vill redan nu flagga f\u00f6r att vi kommer ha en ny bygdeauktion n\u00e5gon g\u00e5ng under sommaren 2014. Kanske bra att veta redan nu, i fall du har n\u00e5got du vill s\u00e4lja\u2026<\/p>\n","protected":false},"excerpt":{"rendered":"<p>Nu b\u00f6r alla ha f\u00e5tt h\u00f6stens byablad i sin l\u00e5da. Har ni inte det s\u00e5 h\u00f6r av er till n\u00e5gon i styrelsen. H\u00e4r kommer det i alla fall i bloggform. Som vanligt hoppas vi att m\u00e5nga vill komma p\u00e5 v\u00e5ra aktiviteter, b\u00e5de nya och gamla medverkande h\u00e4lsas varmt v\u00e4lkomna! Program f\u00f6r h\u00f6sten 2013 Under h\u00f6sten&#8230;<\/p>\n","protected":false},"author":3,"featured_media":0,"comment_status":"open","ping_status":"open","sticky":false,"template":"","format":"standard","meta":{"_monsterinsights_skip_tracking":false,"_monsterinsights_sitenote_active":false,"_monsterinsights_sitenote_note":"","_monsterinsights_sitenote_category":0,"footnotes":""},"categories":[1],"tags":[],"class_list":["post-1811","post","type-post","status-publish","format-standard","hentry","category-aktuellt"],"_links":{"self":[{"href":"http:\/\/sundalsryr.se\/index.php?rest_route=\/wp\/v2\/posts\/1811"}],"collection":[{"href":"http:\/\/sundalsryr.se\/index.php?rest_route=\/wp\/v2\/posts"}],"about":[{"href":"http:\/\/sundalsryr.se\/index.php?rest_route=\/wp\/v2\/types\/post"}],"author":[{"embeddable":true,"href":"http:\/\/sundalsryr.se\/index.php?rest_route=\/wp\/v2\/users\/3"}],"replies":[{"embeddable":true,"href":"http:\/\/sundalsryr.se\/index.php?rest_route=%2Fwp%2Fv2%2Fcomments&post=1811"}],"version-history":[{"count":2,"href":"http:\/\/sundalsryr.se\/index.php?rest_route=\/wp\/v2\/posts\/1811\/revisions"}],"predecessor-version":[{"id":1813,"href":"http:\/\/sundalsryr.se\/index.php?rest_route=\/wp\/v2\/posts\/1811\/revisions\/1813"}],"wp:attachment":[{"href":"http:\/\/sundalsryr.se\/index.php?rest_route=%2Fwp%2Fv2%2Fmedia&parent=1811"}],"wp:term":[{"taxonomy":"category","embeddable":true,"href":"http:\/\/sundalsryr.se\/index.php?rest_route=%2Fwp%2Fv2%2Fcategories&post=1811"},{"taxonomy":"post_tag","embeddable":true,"href":"http:\/\/sundalsryr.se\/index.php?rest_route=%2Fwp%2Fv2%2Ftags&post=1811"}],"curies":[{"name":"wp","href":"https:\/\/api.w.org\/{rel}","templated":true}]}}