{"id":1821,"date":"2013-09-06T20:33:53","date_gmt":"2013-09-06T20:33:53","guid":{"rendered":"http:\/\/sundalsryr.se\/?p=1821"},"modified":"2013-09-06T20:33:53","modified_gmt":"2013-09-06T20:33:53","slug":"onsdag-sista-dag-for-anmalan","status":"publish","type":"post","link":"http:\/\/sundalsryr.se\/?p=1821","title":{"rendered":"Onsdag sista dag f\u00f6r anm\u00e4lan&#8230;"},"content":{"rendered":"<p><a href=\"http:\/\/sundalsryr.se\/wp-content\/uploads\/2013\/09\/algtjur.jpg\"><img loading=\"lazy\" decoding=\"async\" class=\"aligncenter size-full wp-image-1820\" title=\"algtjur\" src=\"http:\/\/sundalsryr.se\/wp-content\/uploads\/2013\/09\/algtjur.jpg\" alt=\"\" width=\"250\" height=\"159\" \/><\/a><\/p>\n<p><strong>Den 18 september \u00e5ker vi p\u00e5 skjuttr\u00e4ning till \u00e4lgbanan i Sk\u00e5llerud. Avf\u00e4rd \u00a0Kl:16.00 fr\u00e5n parkeringen i V Blekan. Senare anslutning i Sk\u00e5llerud \u00e4r m\u00f6jlig. F\u00f6r fr\u00e5gor och anm\u00e4lan ring Robert Lindstr\u00f6m 30647, \u00a0senast onsdag 11\/9. <\/strong><\/p>\n","protected":false},"excerpt":{"rendered":"<p>Den 18 september \u00e5ker vi p\u00e5 skjuttr\u00e4ning till \u00e4lgbanan i Sk\u00e5llerud. Avf\u00e4rd \u00a0Kl:16.00 fr\u00e5n parkeringen i V Blekan. Senare anslutning i Sk\u00e5llerud \u00e4r m\u00f6jlig. F\u00f6r fr\u00e5gor och anm\u00e4lan ring Robert Lindstr\u00f6m 30647, \u00a0senast onsdag 11\/9.<\/p>\n","protected":false},"author":3,"featured_media":0,"comment_status":"open","ping_status":"open","sticky":false,"template":"","format":"standard","meta":{"_monsterinsights_skip_tracking":false,"_monsterinsights_sitenote_active":false,"_monsterinsights_sitenote_note":"","_monsterinsights_sitenote_category":0,"footnotes":""},"categories":[1],"tags":[],"class_list":["post-1821","post","type-post","status-publish","format-standard","hentry","category-aktuellt"],"_links":{"self":[{"href":"http:\/\/sundalsryr.se\/index.php?rest_route=\/wp\/v2\/posts\/1821"}],"collection":[{"href":"http:\/\/sundalsryr.se\/index.php?rest_route=\/wp\/v2\/posts"}],"about":[{"href":"http:\/\/sundalsryr.se\/index.php?rest_route=\/wp\/v2\/types\/post"}],"author":[{"embeddable":true,"href":"http:\/\/sundalsryr.se\/index.php?rest_route=\/wp\/v2\/users\/3"}],"replies":[{"embeddable":true,"href":"http:\/\/sundalsryr.se\/index.php?rest_route=%2Fwp%2Fv2%2Fcomments&post=1821"}],"version-history":[{"count":2,"href":"http:\/\/sundalsryr.se\/index.php?rest_route=\/wp\/v2\/posts\/1821\/revisions"}],"predecessor-version":[{"id":1823,"href":"http:\/\/sundalsryr.se\/index.php?rest_route=\/wp\/v2\/posts\/1821\/revisions\/1823"}],"wp:attachment":[{"href":"http:\/\/sundalsryr.se\/index.php?rest_route=%2Fwp%2Fv2%2Fmedia&parent=1821"}],"wp:term":[{"taxonomy":"category","embeddable":true,"href":"http:\/\/sundalsryr.se\/index.php?rest_route=%2Fwp%2Fv2%2Fcategories&post=1821"},{"taxonomy":"post_tag","embeddable":true,"href":"http:\/\/sundalsryr.se\/index.php?rest_route=%2Fwp%2Fv2%2Ftags&post=1821"}],"curies":[{"name":"wp","href":"https:\/\/api.w.org\/{rel}","templated":true}]}}