{"id":1838,"date":"2013-09-18T19:22:31","date_gmt":"2013-09-18T19:22:31","guid":{"rendered":"http:\/\/sundalsryr.se\/?p=1838"},"modified":"2013-09-18T19:22:31","modified_gmt":"2013-09-18T19:22:31","slug":"aktiva-gubbar","status":"publish","type":"post","link":"http:\/\/sundalsryr.se\/?p=1838","title":{"rendered":"Aktiva gubbar"},"content":{"rendered":"<figure id=\"attachment_1837\" aria-describedby=\"caption-attachment-1837\" style=\"width: 678px\" class=\"wp-caption aligncenter\"><a href=\"http:\/\/sundalsryr.se\/wp-content\/uploads\/2013\/09\/DSCN1205.jpg\"><img loading=\"lazy\" decoding=\"async\" class=\"size-full wp-image-1837      \" title=\"DSCN1205\" src=\"http:\/\/sundalsryr.se\/wp-content\/uploads\/2013\/09\/DSCN1205.jpg\" alt=\"\" width=\"678\" height=\"508\" srcset=\"http:\/\/sundalsryr.se\/wp-content\/uploads\/2013\/09\/DSCN1205.jpg 4320w, http:\/\/sundalsryr.se\/wp-content\/uploads\/2013\/09\/DSCN1205-300x225.jpg 300w, http:\/\/sundalsryr.se\/wp-content\/uploads\/2013\/09\/DSCN1205-1024x768.jpg 1024w\" sizes=\"(max-width: 678px) 100vw, 678px\" \/><\/a><figcaption id=\"caption-attachment-1837\" class=\"wp-caption-text\">Aktiva gubbar<\/figcaption><\/figure>\n<p>Sedan 2006 har de tr\u00e4ffats varje onsdag f\u00f6rmiddag, med bara korta avbrott f\u00f6r jullov och sommarledighet<strong>. De Aktiva gubbarna <\/strong>eller \u201dde attraktiva grabbarna\u201d som n\u00e5gon sk\u00e4mtsamt tycker att de ska kallas, tr\u00e4ffas i ur och skur.<\/p>\n<p>Trots att jag inte riktigt kan klassa mig som gubbe, fick jag \u00e4nd\u00e5 komma och vara med p\u00e5 en onsdagstr\u00e4ff. Min k\u00e4nsla blev densamma som den man fick som barn n\u00e4r man tr\u00e4ffade n\u00e5gon man beundrade, \u201dn\u00e4r jag blir stor ska jag bli som han \u2013 k\u00e4nslan\u201d. Motionera, umg\u00e5s, diskutera, dricka kaffe och skratta. Nu \u00e4r jag ju i och f\u00f6r sig redan stor och n\u00e5gon gubbe kommer jag v\u00e4l inte bli och det \u00e4r ju synd, f\u00f6r de verkar ha riktigt kul d\u00e4r p\u00e5 Granan p\u00e5 sina tr\u00e4ffar.<\/p>\n<figure id=\"attachment_1839\" aria-describedby=\"caption-attachment-1839\" style=\"width: 300px\" class=\"wp-caption alignright\"><a href=\"http:\/\/sundalsryr.se\/wp-content\/uploads\/2013\/09\/DSCN1202.jpg\"><img loading=\"lazy\" decoding=\"async\" class=\"size-medium wp-image-1839\" title=\"DSCN1202\" src=\"http:\/\/sundalsryr.se\/wp-content\/uploads\/2013\/09\/DSCN1202-300x221.jpg\" alt=\"\" width=\"300\" height=\"221\" srcset=\"http:\/\/sundalsryr.se\/wp-content\/uploads\/2013\/09\/DSCN1202-300x221.jpg 300w, http:\/\/sundalsryr.se\/wp-content\/uploads\/2013\/09\/DSCN1202-1024x755.jpg 1024w\" sizes=\"(max-width: 300px) 100vw, 300px\" \/><\/a><figcaption id=\"caption-attachment-1839\" class=\"wp-caption-text\">Motionen avklarad, nu v\u00e4ntar v\u00e4lf\u00f6rtj\u00e4nt kaffe.<\/figcaption><\/figure>\n<p>Vid 9-tiden kommer de f\u00f6rsta och man motionerar efter eget tycke. Promenad, stavg\u00e5ng, l\u00f6pning eller inte alls, det finns inga krav, var en g\u00f6r som den vill. Vid 10 har de flesta b\u00e4nkat sig i stugan f\u00f6r att dricka kaffe. Det pratas om h\u00f6gt och l\u00e5gt, stort och sm\u00e5tt, den som vill kan satsa en tia p\u00e5 trav, n\u00e5gon ber\u00e4ttar en historia, st\u00e4mningen \u00e4r p\u00e5 topp och s\u00e5 skriver man sina namn i g\u00e4stboken. F\u00f6r att inte avsl\u00f6ja att det just denna onsdagen varit en katt bland hermelinerna skriver jag inte Susanne utan Sune\u2026<\/p>\n<p>Antalet gubbar varierar, ungef\u00e4r 60 namn finns med p\u00e5 deltagarlistan men alla kommer inte samtidigt. Vanligtvis \u00e4r det runt 30. Kanske \u00e4r det enkelheten i detta s\u00e4tt att tr\u00e4ffas som g\u00f6r det s\u00e5 lyckat, inget krav p\u00e5 n\u00e5got medlemskap eller p\u00e5 att man ska motionera, det \u00e4r alltid samma tid, det kostar inget, var och en tar med kaffekopp och ev kaffebr\u00f6d till sig sj\u00e4lv, man kommer de onsdagar man kan och alla m\u00e4n, killar, gubbar, karlar, grabbar \u00e4r v\u00e4lkomna.<\/p>\n<p>Har du inget annat f\u00f6r dig s\u00e5 kom och var med i Granans goa, glada, grabbars g\u00e4ng!<\/p>\n","protected":false},"excerpt":{"rendered":"<p>Sedan 2006 har de tr\u00e4ffats varje onsdag f\u00f6rmiddag, med bara korta avbrott f\u00f6r jullov och sommarledighet. De Aktiva gubbarna eller \u201dde attraktiva grabbarna\u201d som n\u00e5gon sk\u00e4mtsamt tycker att de ska kallas, tr\u00e4ffas i ur och skur. Trots att jag inte riktigt kan klassa mig som gubbe, fick jag \u00e4nd\u00e5 komma och vara med p\u00e5 en&#8230;<\/p>\n","protected":false},"author":3,"featured_media":0,"comment_status":"open","ping_status":"open","sticky":false,"template":"","format":"standard","meta":{"_monsterinsights_skip_tracking":false,"_monsterinsights_sitenote_active":false,"_monsterinsights_sitenote_note":"","_monsterinsights_sitenote_category":0,"footnotes":""},"categories":[1],"tags":[],"class_list":["post-1838","post","type-post","status-publish","format-standard","hentry","category-aktuellt"],"_links":{"self":[{"href":"http:\/\/sundalsryr.se\/index.php?rest_route=\/wp\/v2\/posts\/1838"}],"collection":[{"href":"http:\/\/sundalsryr.se\/index.php?rest_route=\/wp\/v2\/posts"}],"about":[{"href":"http:\/\/sundalsryr.se\/index.php?rest_route=\/wp\/v2\/types\/post"}],"author":[{"embeddable":true,"href":"http:\/\/sundalsryr.se\/index.php?rest_route=\/wp\/v2\/users\/3"}],"replies":[{"embeddable":true,"href":"http:\/\/sundalsryr.se\/index.php?rest_route=%2Fwp%2Fv2%2Fcomments&post=1838"}],"version-history":[{"count":3,"href":"http:\/\/sundalsryr.se\/index.php?rest_route=\/wp\/v2\/posts\/1838\/revisions"}],"predecessor-version":[{"id":1842,"href":"http:\/\/sundalsryr.se\/index.php?rest_route=\/wp\/v2\/posts\/1838\/revisions\/1842"}],"wp:attachment":[{"href":"http:\/\/sundalsryr.se\/index.php?rest_route=%2Fwp%2Fv2%2Fmedia&parent=1838"}],"wp:term":[{"taxonomy":"category","embeddable":true,"href":"http:\/\/sundalsryr.se\/index.php?rest_route=%2Fwp%2Fv2%2Fcategories&post=1838"},{"taxonomy":"post_tag","embeddable":true,"href":"http:\/\/sundalsryr.se\/index.php?rest_route=%2Fwp%2Fv2%2Ftags&post=1838"}],"curies":[{"name":"wp","href":"https:\/\/api.w.org\/{rel}","templated":true}]}}