{"id":1870,"date":"2013-09-22T16:38:42","date_gmt":"2013-09-22T16:38:42","guid":{"rendered":"http:\/\/sundalsryr.se\/?p=1870"},"modified":"2013-09-22T16:38:42","modified_gmt":"2013-09-22T16:38:42","slug":"host-3","status":"publish","type":"post","link":"http:\/\/sundalsryr.se\/?p=1870","title":{"rendered":"H\u00f6st"},"content":{"rendered":"<p>Sommarlediga hj\u00e4rnor ska v\u00e4ckas p\u00e5 nytt,           <a href=\"http:\/\/sundalsryr.se\/wp-content\/uploads\/2013\/09\/h\u00f6stl\u00f6v1.jpg\"><img loading=\"lazy\" decoding=\"async\" src=\"http:\/\/sundalsryr.se\/wp-content\/uploads\/2013\/09\/h\u00f6stl\u00f6v1-300x199.jpg\" alt=\"\" title=\"h\u00f6stl\u00f6v\" width=\"300\" height=\"199\" class=\"alignright size-medium wp-image-1869\" srcset=\"http:\/\/sundalsryr.se\/wp-content\/uploads\/2013\/09\/h\u00f6stl\u00f6v1-300x199.jpg 300w, http:\/\/sundalsryr.se\/wp-content\/uploads\/2013\/09\/h\u00f6stl\u00f6v1.jpg 425w\" sizes=\"(max-width: 300px) 100vw, 300px\" \/><\/a><br \/>\nsemester och goda viner.<br \/>\nByts mot tr\u00e4ning, jobb och rutiner.<\/p>\n<p>Svamppromenad och f\u00e5glar<br \/>\nsom mot s\u00f6der st\u00e4cker.<br \/>\nGula l\u00f6v snart marken t\u00e4cker.<\/p>\n<p>Bl\u00e5st och regn mot f\u00f6nstret smattrar,<br \/>\nvi stannar inomhus.<br \/>\nKurar i filt och t\u00e4nder ett ljus.<\/p>\n<p>Vackra f\u00e4rger, sk\u00f6rd p\u00e5 \u00e5ker,<br \/>\ni tr\u00e4dg\u00e5rd och skog.<br \/>\nBonden g\u00f6r \u00e5kern svart med sin plog.<\/p>\n<p>Rotfrukter, mustiga grytor<br \/>\noch \u00e4pplekaka.<br \/>\nJust s\u00e5 ska h\u00f6sten smaka.<\/p>\n<p>Ivriga hundar och kaffe i termos,<br \/>\nj\u00e4garna skyr inget v\u00e4der.<br \/>\nB\u00f6ssan p\u00e5 axeln och gr\u00f6na kl\u00e4der.<\/p>\n<p>Gummist\u00f6vlar, varma strumpor<br \/>\noch stickad tr\u00f6ja.<br \/>\nVintern den f\u00e5r g\u00e4rna dr\u00f6ja\u2026.<\/p>\n","protected":false},"excerpt":{"rendered":"<p>Sommarlediga hj\u00e4rnor ska v\u00e4ckas p\u00e5 nytt, semester och goda viner. Byts mot tr\u00e4ning, jobb och rutiner. Svamppromenad och f\u00e5glar som mot s\u00f6der st\u00e4cker. Gula l\u00f6v snart marken t\u00e4cker. Bl\u00e5st och regn mot f\u00f6nstret smattrar, vi stannar inomhus. Kurar i filt och t\u00e4nder ett ljus. Vackra f\u00e4rger, sk\u00f6rd p\u00e5 \u00e5ker, i tr\u00e4dg\u00e5rd och skog. Bonden g\u00f6r&#8230;<\/p>\n","protected":false},"author":3,"featured_media":0,"comment_status":"open","ping_status":"open","sticky":false,"template":"","format":"standard","meta":{"_monsterinsights_skip_tracking":false,"_monsterinsights_sitenote_active":false,"_monsterinsights_sitenote_note":"","_monsterinsights_sitenote_category":0,"footnotes":""},"categories":[1],"tags":[],"class_list":["post-1870","post","type-post","status-publish","format-standard","hentry","category-aktuellt"],"_links":{"self":[{"href":"http:\/\/sundalsryr.se\/index.php?rest_route=\/wp\/v2\/posts\/1870"}],"collection":[{"href":"http:\/\/sundalsryr.se\/index.php?rest_route=\/wp\/v2\/posts"}],"about":[{"href":"http:\/\/sundalsryr.se\/index.php?rest_route=\/wp\/v2\/types\/post"}],"author":[{"embeddable":true,"href":"http:\/\/sundalsryr.se\/index.php?rest_route=\/wp\/v2\/users\/3"}],"replies":[{"embeddable":true,"href":"http:\/\/sundalsryr.se\/index.php?rest_route=%2Fwp%2Fv2%2Fcomments&post=1870"}],"version-history":[{"count":5,"href":"http:\/\/sundalsryr.se\/index.php?rest_route=\/wp\/v2\/posts\/1870\/revisions"}],"predecessor-version":[{"id":1875,"href":"http:\/\/sundalsryr.se\/index.php?rest_route=\/wp\/v2\/posts\/1870\/revisions\/1875"}],"wp:attachment":[{"href":"http:\/\/sundalsryr.se\/index.php?rest_route=%2Fwp%2Fv2%2Fmedia&parent=1870"}],"wp:term":[{"taxonomy":"category","embeddable":true,"href":"http:\/\/sundalsryr.se\/index.php?rest_route=%2Fwp%2Fv2%2Fcategories&post=1870"},{"taxonomy":"post_tag","embeddable":true,"href":"http:\/\/sundalsryr.se\/index.php?rest_route=%2Fwp%2Fv2%2Ftags&post=1870"}],"curies":[{"name":"wp","href":"https:\/\/api.w.org\/{rel}","templated":true}]}}