{"id":1876,"date":"2013-10-02T16:47:20","date_gmt":"2013-10-02T16:47:20","guid":{"rendered":"http:\/\/sundalsryr.se\/?p=1876"},"modified":"2013-10-03T19:31:48","modified_gmt":"2013-10-03T19:31:48","slug":"det-var-en-gang","status":"publish","type":"post","link":"http:\/\/sundalsryr.se\/?p=1876","title":{"rendered":"Det var en g\u00e5ng&#8230;"},"content":{"rendered":"<p>Det var en g\u00e5ng\u2026<br \/>\nAlla platser har ett f\u00f6rflutet. Gl\u00e4dje och sorg, str\u00e4van och vila, vardag och fest, v\u00e4vs ihop till en v\u00e4v, som med tiden blir en bygds historia. Denna ber\u00e4ttelse \u00e4r en liten del av Sundals ryrs historia och kanske den hemskaste av dem alla.<\/p>\n<p>M\u00e5ndag den 15 september \u00e5r 1930.<br \/>\nSommaren dr\u00f6jde sig kvar med en kvav v\u00e4rme, men vid horisonten hopade sig m\u00f6rka moln. L\u00e5ngt borta b\u00f6rjade \u00e5skan mullra. P\u00e5 g\u00e5rden H\u00f6gen, som var en av de f\u00f6rsta som f\u00e5tt elektricitet i bygden, s\u00f6kte man sig inomhus n\u00e4r himlen m\u00f6rknade och de f\u00f6rsta tunga regndropparna b\u00f6rjade falla.<\/p>\n<figure id=\"attachment_1877\" aria-describedby=\"caption-attachment-1877\" style=\"width: 614px\" class=\"wp-caption alignright\"><a href=\"http:\/\/sundalsryr.se\/wp-content\/uploads\/2013\/10\/h\u00f6gen-1920.jpg\"><img loading=\"lazy\" decoding=\"async\" class=\"size-large wp-image-1877 \" title=\"h\u00f6gen 1920\" src=\"http:\/\/sundalsryr.se\/wp-content\/uploads\/2013\/10\/h\u00f6gen-1920-1024x682.jpg\" alt=\"\" width=\"614\" height=\"409\" srcset=\"http:\/\/sundalsryr.se\/wp-content\/uploads\/2013\/10\/h\u00f6gen-1920-1024x682.jpg 1024w, http:\/\/sundalsryr.se\/wp-content\/uploads\/2013\/10\/h\u00f6gen-1920-300x199.jpg 300w, http:\/\/sundalsryr.se\/wp-content\/uploads\/2013\/10\/h\u00f6gen-1920.jpg 1430w\" sizes=\"(max-width: 614px) 100vw, 614px\" \/><\/a><figcaption id=\"caption-attachment-1877\" class=\"wp-caption-text\">G\u00e5rden Backarne H\u00f6gen m\u00e5lad 1920 av den k\u00e4nde g\u00e5rdam\u00e5laren Gustaf Pettersson<\/figcaption><\/figure>\n<p>Lantbrukare Karl Andersson 57 \u00e5r, hans fru Anna-Kajsa, deras dotter Olga och tj\u00e4nsteflickan Greta h\u00f6rde \u00e5skov\u00e4dret n\u00e4rma sig. Ett ov\u00e4der som senare beskrevs som det v\u00e4rsta i mannaminne. Blixtar lyste oavbrutet upp himlen och n\u00e4stan direkt h\u00f6rdes sm\u00e4llarna. S\u00e5 kommer en explosion, ett vitt ljussken lyser upp den m\u00f6rka eftermiddagen samtidigt som ett \u00f6ronbed\u00f6vande d\u00e5n h\u00f6rs. \u00c5skan har slagit ner mycket n\u00e4ra och f\u00f6ljer elledningarna till g\u00e5rden H\u00f6gens nybyggda lada, som vid den h\u00e4r tiden p\u00e5 \u00e5ret \u00e4r full med \u00e5rets sk\u00f6rd. D\u00e4r brinner ledningen av och faller sprakande ner p\u00e5 marken, p\u00e5 samma g\u00e5ng som ladan fattar eld.<\/p>\n<p>Trots ov\u00e4dret springer den 22-\u00e5riga Greta ut i f\u00f6r att se till s\u00e5 att inga djur finns i n\u00e4rheten av elden. Ovetande om faran tar hon tag i den sprakande elledningen f\u00f6r att dra den ifr\u00e5n den nyuppf\u00f6rda ladan. Hon faller genast omkull livl\u00f6s. Hennes husbonde skyndar till f\u00f6r att f\u00f6rs\u00f6ka rycka henne ifr\u00e5n ledningen, men \u00e4ven han tr\u00e4ffas av str\u00f6mmen och faller ihop. Dottern Olga, 35\u00e5r, inser nu att elledningen \u00e4r livsfarlig och f\u00f6rs\u00f6ker med hj\u00e4lp av en hacka rycka undan sin far och Greta fr\u00e5n ledningen, men i det kraftiga regnet isolerar inte ens hackans tr\u00e4skaft mot str\u00f6mmen. \u00c4ven hon m\u00f6ter samma \u00f6de som de b\u00e5da andra och tragedin \u00e4r ett faktum.<\/p>\n<p>Fru Andersson rycker i sin mans kl\u00e4der, men f\u00e5r en kraftig st\u00f6t och drar sig undan. R\u00e5diga grannar ingriper, st\u00e4nger av str\u00f6mmen i transformatorn och larmar brandk\u00e5ren. Men fr\u00e5n de tre olycksoffren finns inga livstecken. N\u00e4r Landsfiskal Wikstr\u00f6m kommer till platsen f\u00f6rs\u00f6ker han med konstgjord andning. Men det \u00e4r naturligtvis f\u00f6r sent. Doktor H\u00e4ger fr\u00e5n V\u00e4nersborg konstaterar senare att inga yttre skador finns \u201dblott den bl\u00e5aktiga f\u00e4rgton \u00e5 vissa kroppsdelar, som pl\u00e4gar utm\u00e4rka den elektriska d\u00f6dens offer\u201d.<\/p>\n<p>Br\u00e5landa brandk\u00e5r, under ledning av Axel Eriksson, ryckte snabbt ut f\u00f6r att sl\u00e4cka den brinnande ladan. Men v\u00e4garna \u00e4r vid denna tid d\u00e5liga och den sista 700 metrarna f\u00e5r brandsprutan fraktas med h\u00e4st. Ladan g\u00e5r inte att r\u00e4dda och brinner ner till grunden. Den h\u00e5rd pr\u00f6vade hustrun Anna-Kajsa \u00e4r nu ensam. Kvar i livet har hon endast en son, i Amerika.<\/p>\n<p><a href=\"http:\/\/sundalsryr.se\/wp-content\/uploads\/2013\/10\/DSCN1226.jpg\"><img loading=\"lazy\" decoding=\"async\" class=\"alignright size-medium wp-image-1878\" title=\"DSCN1226\" src=\"http:\/\/sundalsryr.se\/wp-content\/uploads\/2013\/10\/DSCN1226-225x300.jpg\" alt=\"\" width=\"225\" height=\"300\" srcset=\"http:\/\/sundalsryr.se\/wp-content\/uploads\/2013\/10\/DSCN1226-225x300.jpg 225w, http:\/\/sundalsryr.se\/wp-content\/uploads\/2013\/10\/DSCN1226-768x1024.jpg 768w\" sizes=\"(max-width: 225px) 100vw, 225px\" \/><\/a><\/p>\n<p>Elva dagar senare, den 26 september h\u00e5lls begravningen i nya kyrkan. M\u00e5nga m\u00e4nniskor kommer f\u00f6r att ta farv\u00e4l av de goda och v\u00e4nliga m\u00e4nniskor vars liv s\u00e5 hastigt \u00e4ndats. Det blir en mycket gripande begravning som f\u00f6rr\u00e4ttas gemensamt av b\u00e5de kyrkoherde Engstr\u00f6m och komminister Lindblom. Kistorna med de tre d\u00f6da s\u00e4nks ner i en gemensam grav. En grav som kantas av en stor blomsterg\u00e4rd. Under den mycket r\u00f6rande ceremonin medverkar \u00e4ven Br\u00e5landa s\u00e5ngk\u00f6r.<\/p>\n<p>En m\u00f6rk och sorglig tr\u00e5d v\u00e4vdes in i bygdens historiev\u00e4v, den d\u00e4r septemberdagen f\u00f6r 83 \u00e5r sedan. En h\u00f6g svarta gravstenen p\u00e5 den del av kyrkog\u00e5rden som ligger utmed v\u00e4gen och ganska n\u00e4ra parkeringen, minner om h\u00e4ndelsen.  En sten d\u00e4r tre namn har samma d\u00f6dsdatum\u2026.<\/p>\n","protected":false},"excerpt":{"rendered":"<p>Det var en g\u00e5ng\u2026 Alla platser har ett f\u00f6rflutet. Gl\u00e4dje och sorg, str\u00e4van och vila, vardag och fest, v\u00e4vs ihop till en v\u00e4v, som med tiden blir en bygds historia. Denna ber\u00e4ttelse \u00e4r en liten del av Sundals ryrs historia och kanske den hemskaste av dem alla. M\u00e5ndag den 15 september \u00e5r 1930. Sommaren dr\u00f6jde&#8230;<\/p>\n","protected":false},"author":3,"featured_media":0,"comment_status":"open","ping_status":"open","sticky":false,"template":"","format":"standard","meta":{"_monsterinsights_skip_tracking":false,"_monsterinsights_sitenote_active":false,"_monsterinsights_sitenote_note":"","_monsterinsights_sitenote_category":0,"footnotes":""},"categories":[1,13],"tags":[],"class_list":["post-1876","post","type-post","status-publish","format-standard","hentry","category-aktuellt","category-det-var-en-gang"],"_links":{"self":[{"href":"http:\/\/sundalsryr.se\/index.php?rest_route=\/wp\/v2\/posts\/1876"}],"collection":[{"href":"http:\/\/sundalsryr.se\/index.php?rest_route=\/wp\/v2\/posts"}],"about":[{"href":"http:\/\/sundalsryr.se\/index.php?rest_route=\/wp\/v2\/types\/post"}],"author":[{"embeddable":true,"href":"http:\/\/sundalsryr.se\/index.php?rest_route=\/wp\/v2\/users\/3"}],"replies":[{"embeddable":true,"href":"http:\/\/sundalsryr.se\/index.php?rest_route=%2Fwp%2Fv2%2Fcomments&post=1876"}],"version-history":[{"count":6,"href":"http:\/\/sundalsryr.se\/index.php?rest_route=\/wp\/v2\/posts\/1876\/revisions"}],"predecessor-version":[{"id":1884,"href":"http:\/\/sundalsryr.se\/index.php?rest_route=\/wp\/v2\/posts\/1876\/revisions\/1884"}],"wp:attachment":[{"href":"http:\/\/sundalsryr.se\/index.php?rest_route=%2Fwp%2Fv2%2Fmedia&parent=1876"}],"wp:term":[{"taxonomy":"category","embeddable":true,"href":"http:\/\/sundalsryr.se\/index.php?rest_route=%2Fwp%2Fv2%2Fcategories&post=1876"},{"taxonomy":"post_tag","embeddable":true,"href":"http:\/\/sundalsryr.se\/index.php?rest_route=%2Fwp%2Fv2%2Ftags&post=1876"}],"curies":[{"name":"wp","href":"https:\/\/api.w.org\/{rel}","templated":true}]}}