{"id":1945,"date":"2013-11-23T10:09:35","date_gmt":"2013-11-23T10:09:35","guid":{"rendered":"http:\/\/sundalsryr.se\/?p=1945"},"modified":"2013-11-23T22:01:02","modified_gmt":"2013-11-23T22:01:02","slug":"grananstugan","status":"publish","type":"post","link":"http:\/\/sundalsryr.se\/?p=1945","title":{"rendered":"Grananstugan"},"content":{"rendered":"<p>I f\u00f6rra veckan hade byalaget styrelsem\u00f6te i Granans kaffestuga. Sedan September drivs caf\u00e9t av Katarina Karlsson, som \u00e4ven har<a href=\"http:\/\/sundalsryr.se\/wp-content\/uploads\/2013\/11\/379311_350020161779233_1755752929_n.jpg\"><img loading=\"lazy\" decoding=\"async\" class=\"alignright size-full wp-image-1944\" title=\"379311_350020161779233_1755752929_n\" src=\"http:\/\/sundalsryr.se\/wp-content\/uploads\/2013\/11\/379311_350020161779233_1755752929_n.jpg\" alt=\"\" width=\"160\" height=\"160\" srcset=\"http:\/\/sundalsryr.se\/wp-content\/uploads\/2013\/11\/379311_350020161779233_1755752929_n.jpg 160w, http:\/\/sundalsryr.se\/wp-content\/uploads\/2013\/11\/379311_350020161779233_1755752929_n-150x150.jpg 150w\" sizes=\"(max-width: 160px) 100vw, 160px\" \/><\/a> <em>Katarinas hem och hush\u00e5llsservice<\/em> i F\u00e4rgelanda. P\u00e5 best\u00e4llning bakar hon br\u00f6d, kaffebr\u00f6d, sm\u00f6rg\u00e5st\u00e5rtor och t\u00e5rtor. Grananstugan \u00e4r nu \u00f6ppet f\u00f6r kaffeg\u00e4ster alla helger 12-17. Fr\u00e5n 30 november till 22 december serveras julbord, men det m\u00e5ste bokas innan. Tele 070-6710988<\/p>\n<p>Byalaget h\u00e5ller just nu p\u00e5 med v\u00e5rens program. Flera aktiviteter kommer ni k\u00e4nna igen, men n\u00e5gra nya blir det ocks\u00e5. Vi \u00e4r extra glada \u00f6ver att \u00e5ter kunna erbjuda de popul\u00e4ra torsdags luncherna. Det \u00e4r Katarina som lovat hj\u00e4lpa oss med dem. Sista torsdagen i januari, februari och mars, vanliga tiden mellan 12-13, kommer det serveras lunch p\u00e5 Granan. Vi i byalaget kommer hj\u00e4lpa till med sam\u00e5kning eller skjuts f\u00f6r dem som har sv\u00e5rt att ta sig dit. Men det \u00e5terkommer vi till senare.<\/p>\n<p>I mitten av Januari kommer ett nytt byablad med v\u00e5rens aktiviteter \u00a0i din brevl\u00e5da.<\/p>\n","protected":false},"excerpt":{"rendered":"<p>I f\u00f6rra veckan hade byalaget styrelsem\u00f6te i Granans kaffestuga. Sedan September drivs caf\u00e9t av Katarina Karlsson, som \u00e4ven har Katarinas hem och hush\u00e5llsservice i F\u00e4rgelanda. P\u00e5 best\u00e4llning bakar hon br\u00f6d, kaffebr\u00f6d, sm\u00f6rg\u00e5st\u00e5rtor och t\u00e5rtor. Grananstugan \u00e4r nu \u00f6ppet f\u00f6r kaffeg\u00e4ster alla helger 12-17. Fr\u00e5n 30 november till 22 december serveras julbord, men det m\u00e5ste bokas&#8230;<\/p>\n","protected":false},"author":3,"featured_media":0,"comment_status":"open","ping_status":"open","sticky":false,"template":"","format":"standard","meta":{"_monsterinsights_skip_tracking":false,"_monsterinsights_sitenote_active":false,"_monsterinsights_sitenote_note":"","_monsterinsights_sitenote_category":0,"footnotes":""},"categories":[1],"tags":[],"class_list":["post-1945","post","type-post","status-publish","format-standard","hentry","category-aktuellt"],"_links":{"self":[{"href":"http:\/\/sundalsryr.se\/index.php?rest_route=\/wp\/v2\/posts\/1945"}],"collection":[{"href":"http:\/\/sundalsryr.se\/index.php?rest_route=\/wp\/v2\/posts"}],"about":[{"href":"http:\/\/sundalsryr.se\/index.php?rest_route=\/wp\/v2\/types\/post"}],"author":[{"embeddable":true,"href":"http:\/\/sundalsryr.se\/index.php?rest_route=\/wp\/v2\/users\/3"}],"replies":[{"embeddable":true,"href":"http:\/\/sundalsryr.se\/index.php?rest_route=%2Fwp%2Fv2%2Fcomments&post=1945"}],"version-history":[{"count":2,"href":"http:\/\/sundalsryr.se\/index.php?rest_route=\/wp\/v2\/posts\/1945\/revisions"}],"predecessor-version":[{"id":1947,"href":"http:\/\/sundalsryr.se\/index.php?rest_route=\/wp\/v2\/posts\/1945\/revisions\/1947"}],"wp:attachment":[{"href":"http:\/\/sundalsryr.se\/index.php?rest_route=%2Fwp%2Fv2%2Fmedia&parent=1945"}],"wp:term":[{"taxonomy":"category","embeddable":true,"href":"http:\/\/sundalsryr.se\/index.php?rest_route=%2Fwp%2Fv2%2Fcategories&post=1945"},{"taxonomy":"post_tag","embeddable":true,"href":"http:\/\/sundalsryr.se\/index.php?rest_route=%2Fwp%2Fv2%2Ftags&post=1945"}],"curies":[{"name":"wp","href":"https:\/\/api.w.org\/{rel}","templated":true}]}}