{"id":1949,"date":"2013-11-25T20:31:26","date_gmt":"2013-11-25T20:31:26","guid":{"rendered":"http:\/\/sundalsryr.se\/?p=1949"},"modified":"2013-11-25T20:31:26","modified_gmt":"2013-11-25T20:31:26","slug":"efterlysning","status":"publish","type":"post","link":"http:\/\/sundalsryr.se\/?p=1949","title":{"rendered":"Efterlysning"},"content":{"rendered":"<p>Finns det n\u00e5gon som har plats f\u00f6r tomteparadsvagnen? <a href=\"http:\/\/sundalsryr.se\/wp-content\/uploads\/2013\/11\/tomtet\u00e5g.jpg\"><img loading=\"lazy\" decoding=\"async\" class=\"alignright size-medium wp-image-1948\" title=\"tomtet\u00e5g\" src=\"http:\/\/sundalsryr.se\/wp-content\/uploads\/2013\/11\/tomtet\u00e5g-300x168.jpg\" alt=\"\" width=\"300\" height=\"168\" srcset=\"http:\/\/sundalsryr.se\/wp-content\/uploads\/2013\/11\/tomtet\u00e5g-300x168.jpg 300w, http:\/\/sundalsryr.se\/wp-content\/uploads\/2013\/11\/tomtet\u00e5g.jpg 960w\" sizes=\"(max-width: 300px) 100vw, 300px\" \/><\/a><\/p>\n<p>Som alla vet har byalaget en vagn i form av ett stort badkar i tr\u00e4. Med denna vagn deltar vi varje \u00e5r i Br\u00e5landas v\u00e4rldsber\u00f6mda tomtet\u00e5g. Alla barn som vill f\u00e5r \u00e5ka med och s\u00e5 blir det naturligtvis i \u00e5r ocks\u00e5.<\/p>\n<p>Men, badkaret skulle beh\u00f6va n\u00e5gonstans att st\u00e5 resten av \u00e5ret. Ladan d\u00e4r den hittills st\u00e5tt har bytt \u00e4gare och nye \u00e4garen har andra planer f\u00f6r ladan. S\u00e5 sn\u00e4lla, finns det n\u00e5gon som har plats f\u00f6r en vagn, ungef\u00e4r lika stor som en balvagn, h\u00f6r av er till n\u00e5gon i byalagets styrelse.<\/p>\n<p>Till alla barn \u2013 Ni har v\u00e4l kollat s\u00e5 tomteluvan passar och ni \u00f6var v\u00e4l p\u00e5 att vinka till publiken! Den 7 december \u00e4r det dags\u2026<\/p>\n","protected":false},"excerpt":{"rendered":"<p>Finns det n\u00e5gon som har plats f\u00f6r tomteparadsvagnen? Som alla vet har byalaget en vagn i form av ett stort badkar i tr\u00e4. Med denna vagn deltar vi varje \u00e5r i Br\u00e5landas v\u00e4rldsber\u00f6mda tomtet\u00e5g. Alla barn som vill f\u00e5r \u00e5ka med och s\u00e5 blir det naturligtvis i \u00e5r ocks\u00e5. Men, badkaret skulle beh\u00f6va n\u00e5gonstans att&#8230;<\/p>\n","protected":false},"author":3,"featured_media":0,"comment_status":"open","ping_status":"open","sticky":false,"template":"","format":"standard","meta":{"_monsterinsights_skip_tracking":false,"_monsterinsights_sitenote_active":false,"_monsterinsights_sitenote_note":"","_monsterinsights_sitenote_category":0,"footnotes":""},"categories":[1],"tags":[],"class_list":["post-1949","post","type-post","status-publish","format-standard","hentry","category-aktuellt"],"_links":{"self":[{"href":"http:\/\/sundalsryr.se\/index.php?rest_route=\/wp\/v2\/posts\/1949"}],"collection":[{"href":"http:\/\/sundalsryr.se\/index.php?rest_route=\/wp\/v2\/posts"}],"about":[{"href":"http:\/\/sundalsryr.se\/index.php?rest_route=\/wp\/v2\/types\/post"}],"author":[{"embeddable":true,"href":"http:\/\/sundalsryr.se\/index.php?rest_route=\/wp\/v2\/users\/3"}],"replies":[{"embeddable":true,"href":"http:\/\/sundalsryr.se\/index.php?rest_route=%2Fwp%2Fv2%2Fcomments&post=1949"}],"version-history":[{"count":0,"href":"http:\/\/sundalsryr.se\/index.php?rest_route=\/wp\/v2\/posts\/1949\/revisions"}],"wp:attachment":[{"href":"http:\/\/sundalsryr.se\/index.php?rest_route=%2Fwp%2Fv2%2Fmedia&parent=1949"}],"wp:term":[{"taxonomy":"category","embeddable":true,"href":"http:\/\/sundalsryr.se\/index.php?rest_route=%2Fwp%2Fv2%2Fcategories&post=1949"},{"taxonomy":"post_tag","embeddable":true,"href":"http:\/\/sundalsryr.se\/index.php?rest_route=%2Fwp%2Fv2%2Ftags&post=1949"}],"curies":[{"name":"wp","href":"https:\/\/api.w.org\/{rel}","templated":true}]}}