{"id":2172,"date":"2014-01-06T21:58:52","date_gmt":"2014-01-06T21:58:52","guid":{"rendered":"http:\/\/sundalsryr.se\/?p=2172"},"modified":"2014-01-06T22:06:24","modified_gmt":"2014-01-06T22:06:24","slug":"vardag-igen","status":"publish","type":"post","link":"http:\/\/sundalsryr.se\/?p=2172","title":{"rendered":"Vardag igen"},"content":{"rendered":"<p style=\"text-align: center;\"><a href=\"http:\/\/sundalsryr.se\/wp-content\/uploads\/2014\/01\/DSCN1194.jpg\"><img loading=\"lazy\" decoding=\"async\" class=\"aligncenter size-large wp-image-2171\" title=\"DSCN1194\" src=\"http:\/\/sundalsryr.se\/wp-content\/uploads\/2014\/01\/DSCN1194-1024x768.jpg\" alt=\"\" width=\"614\" height=\"461\" srcset=\"http:\/\/sundalsryr.se\/wp-content\/uploads\/2014\/01\/DSCN1194-1024x768.jpg 1024w, http:\/\/sundalsryr.se\/wp-content\/uploads\/2014\/01\/DSCN1194-300x225.jpg 300w\" sizes=\"(max-width: 614px) 100vw, 614px\" \/><\/a><\/p>\n<p>S\u00e5 var helger och kl\u00e4mdagar \u00f6ver f\u00f6r denna g\u00e5ng. Julgr\u00f6ten \u00e4r upp\u00e4ten och \u00e4nnu en \u00e5rsring har ristats i livets stam. Midvintern har passerat och ljuset \u00e4r sakta, sakta p\u00e5 v\u00e4g tillbaka. \u00c4ven om denna vinter tycks gr\u00e5, s\u00e5 \u00e4r solen faktiskt uppe drygt 6\u00bd tim, om en vecka \u00e4r det mer \u00e4n 7 tim.<\/p>\n<p>Den kalla vintern \u00e5r 1747 skrev blomsterkungen Linn\u00e9 \u00a0<em>\u201dw\u00e5ra kalla wintrar gi\u00f6r oss det n\u00f6je som aldrig s\u00f6derl\u00e4nningarnas hetta kan giwa dem, ty d\u00e5 deras mark st\u00e5r bar och f\u00f6rbr\u00e4nd, \u00e4r w\u00e5r t\u00e4ckt med krithwit sn\u00f6, som skimrar emot dagen, som wore han bestr\u00f6dd med det klaraste demantpulfver\u201d<\/em><\/p>\n<p>Han skriver vidare att vintern h\u00e4rdar, den skr\u00e4mmer undan alla slags sjukdomar och g\u00f6r vattnet friskt och luften sund. Folk i varmare l\u00e4nder \u00e4r <em>\u201daf hetta l\u00f6shullade, matte, swage, lata och tr\u00f6tta\u201d <\/em> Medan vi nordbor <em>\u201dwinna en stark och frodig kropp, kylan gi\u00f6r oss prompte och muntrare\u201d<\/em> (prompte=raska, korrekta)<\/p>\n<p>Om vi efter julmat och ledighet k\u00e4nner oss <em>l\u00f6shullade<\/em> och<em> swage<\/em> kan vi allts\u00e5 skylla p\u00e5 den milda vintern.<\/p>\n<p>Vad det nya \u00e5ret har att bjuda p\u00e5 kan vi inte veta. \u00a0Gl\u00e4dje och gr\u00e5t, vardag och fest, arbete och vila, framg\u00e5ngar och motg\u00e5ngar. Tiden g\u00e5r och vi f\u00f6ljer med. Men i vanlig ordning kommer byalaget ha en m\u00e4ngd aktiviteter.<\/p>\n<p>Vi vill g\u00e4rna ha tips, id\u00e9er och \u00f6nskem\u00e5l om vad vi ska skriva om h\u00e4r p\u00e5 hemsidan. H\u00f6r g\u00e4rna av er och ber\u00e4tta om det \u00e4r n\u00e5got ni tycker \u00e4r bra och om n\u00e5got inte \u00e4r det. Och vi tar tacksamt emot inl\u00e4gg om n\u00e5gon vill skriva.<\/p>\n<p>V\u00e5rens Byablad kommer n\u00e5gon g\u00e5ng under Januari. Som vanligt hoppas vi att det ska finnas n\u00e5got f\u00f6r alla och att v\u00e5ra aktiviteter blir v\u00e4lbes\u00f6kta. \u00a0F\u00f6rst ut \u00e4r torsdagslunch p\u00e5 kaffestugan Granan den 30\/1.<\/p>\n<p>God forts\u00e4ttning !<\/p>\n","protected":false},"excerpt":{"rendered":"<p>S\u00e5 var helger och kl\u00e4mdagar \u00f6ver f\u00f6r denna g\u00e5ng. Julgr\u00f6ten \u00e4r upp\u00e4ten och \u00e4nnu en \u00e5rsring har ristats i livets stam. Midvintern har passerat och ljuset \u00e4r sakta, sakta p\u00e5 v\u00e4g tillbaka. \u00c4ven om denna vinter tycks gr\u00e5, s\u00e5 \u00e4r solen faktiskt uppe drygt 6\u00bd tim, om en vecka \u00e4r det mer \u00e4n 7 tim&#8230;.<\/p>\n","protected":false},"author":3,"featured_media":0,"comment_status":"open","ping_status":"open","sticky":false,"template":"","format":"standard","meta":{"_monsterinsights_skip_tracking":false,"_monsterinsights_sitenote_active":false,"_monsterinsights_sitenote_note":"","_monsterinsights_sitenote_category":0,"footnotes":""},"categories":[1],"tags":[],"class_list":["post-2172","post","type-post","status-publish","format-standard","hentry","category-aktuellt"],"_links":{"self":[{"href":"http:\/\/sundalsryr.se\/index.php?rest_route=\/wp\/v2\/posts\/2172"}],"collection":[{"href":"http:\/\/sundalsryr.se\/index.php?rest_route=\/wp\/v2\/posts"}],"about":[{"href":"http:\/\/sundalsryr.se\/index.php?rest_route=\/wp\/v2\/types\/post"}],"author":[{"embeddable":true,"href":"http:\/\/sundalsryr.se\/index.php?rest_route=\/wp\/v2\/users\/3"}],"replies":[{"embeddable":true,"href":"http:\/\/sundalsryr.se\/index.php?rest_route=%2Fwp%2Fv2%2Fcomments&post=2172"}],"version-history":[{"count":4,"href":"http:\/\/sundalsryr.se\/index.php?rest_route=\/wp\/v2\/posts\/2172\/revisions"}],"predecessor-version":[{"id":2174,"href":"http:\/\/sundalsryr.se\/index.php?rest_route=\/wp\/v2\/posts\/2172\/revisions\/2174"}],"wp:attachment":[{"href":"http:\/\/sundalsryr.se\/index.php?rest_route=%2Fwp%2Fv2%2Fmedia&parent=2172"}],"wp:term":[{"taxonomy":"category","embeddable":true,"href":"http:\/\/sundalsryr.se\/index.php?rest_route=%2Fwp%2Fv2%2Fcategories&post=2172"},{"taxonomy":"post_tag","embeddable":true,"href":"http:\/\/sundalsryr.se\/index.php?rest_route=%2Fwp%2Fv2%2Ftags&post=2172"}],"curies":[{"name":"wp","href":"https:\/\/api.w.org\/{rel}","templated":true}]}}