{"id":2179,"date":"2014-01-16T18:24:15","date_gmt":"2014-01-16T18:24:15","guid":{"rendered":"http:\/\/sundalsryr.se\/?p=2179"},"modified":"2014-01-16T18:24:15","modified_gmt":"2014-01-16T18:24:15","slug":"ratta-svaren-2","status":"publish","type":"post","link":"http:\/\/sundalsryr.se\/?p=2179","title":{"rendered":"R\u00e4tta svaren"},"content":{"rendered":"<p>Tack f\u00f6r alla svar vi f\u00e5tt p\u00e5 adventskrysset! Det \u00e4r flera som har alla r\u00e4tt och \u00f6vriga har m\u00e5nga r\u00e4tt.<\/p>\n<p>Det blir prisutdelning p\u00e5 \u00e5rsm\u00f6tet den 19 mars. H\u00e4r kommer de r\u00e4tta svaren.<\/p>\n<ol>\n<li>X \u00a0Brevl\u00e5dor i V\u00e4stra Blekan<\/li>\n<li>1 \u00a0Soptunnor i Lers\u00e4ter<\/li>\n<li>X \u00a01930 dog tre personer efter \u00e5sknedslag<\/li>\n<li>2 \u00a0Brevl\u00e5dor i Evenstorp<\/li>\n<li>1 \u00a0Nya bron p\u00e5 Stenhammarsv\u00e4gen<\/li>\n<li>2 \u00a02013 hade vi \u00e5rsm\u00f6te den 20 mars<\/li>\n<li>2 \u00a0Busskur i Blekan<\/li>\n<li>1 \u00a0Tr\u00e4h\u00e4starna finns i Evenstorp<\/li>\n<li>X \u00a0Kyrkoarkitekten heter Adrian Pettersson<\/li>\n<li>X \u00a0Brevl\u00e5dor i V\u00e4stra Blekan<\/li>\n<li>1 \u00a0Aktivitetsleden invigdes 2011<\/li>\n<li>1 \u00a0Busskur i H\u00e4gnan<\/li>\n<li>X \u00a0Skolan i \u00c5rbol startade 1955<\/li>\n<li>2 \u00a0Brevl\u00e5dor i S\u00f6dra Blekan<\/li>\n<li>2 \u00a0H\u00e4r bor fler m\u00e4n \u00e4n kvinnor<\/li>\n<li>2 \u00a0Vi tillh\u00f6r Karlstad stift<\/li>\n<li>X \u00a0Gul-r\u00f6da skylten finns i Bj\u00f6rserud<\/li>\n<li>1 \u00a0P\u00e5 skylten i H\u00e4ljebyn st\u00e5r det Br\u00e5landa 8<\/li>\n<li>X \u00a0Ryr betyder r\u00f6jning\/nyodling<\/li>\n<li>X \u00a0V\u00e4gstenen finns i Bj\u00f6rserud<\/li>\n<li>2 \u00a0Parkeringen i V\u00e4stra Blekan<\/li>\n<li>1 \u00a0Bilderna i kyrkan f\u00f6rest\u00e4ller l\u00e4rljungarna<\/li>\n<li>2 \u00a0Parkeringen i Sj\u00f6botten<\/li>\n<li>2 \u00a0Kortet \u00e4r taget i B\u00f6n\/Holmerud<\/li>\n<\/ol>\n","protected":false},"excerpt":{"rendered":"<p>Tack f\u00f6r alla svar vi f\u00e5tt p\u00e5 adventskrysset! Det \u00e4r flera som har alla r\u00e4tt och \u00f6vriga har m\u00e5nga r\u00e4tt. Det blir prisutdelning p\u00e5 \u00e5rsm\u00f6tet den 19 mars. H\u00e4r kommer de r\u00e4tta svaren. X \u00a0Brevl\u00e5dor i V\u00e4stra Blekan 1 \u00a0Soptunnor i Lers\u00e4ter X \u00a01930 dog tre personer efter \u00e5sknedslag 2 \u00a0Brevl\u00e5dor i Evenstorp 1 \u00a0Nya&#8230;<\/p>\n","protected":false},"author":3,"featured_media":0,"comment_status":"open","ping_status":"open","sticky":false,"template":"","format":"standard","meta":{"_monsterinsights_skip_tracking":false,"_monsterinsights_sitenote_active":false,"_monsterinsights_sitenote_note":"","_monsterinsights_sitenote_category":0,"footnotes":""},"categories":[1],"tags":[],"class_list":["post-2179","post","type-post","status-publish","format-standard","hentry","category-aktuellt"],"_links":{"self":[{"href":"http:\/\/sundalsryr.se\/index.php?rest_route=\/wp\/v2\/posts\/2179"}],"collection":[{"href":"http:\/\/sundalsryr.se\/index.php?rest_route=\/wp\/v2\/posts"}],"about":[{"href":"http:\/\/sundalsryr.se\/index.php?rest_route=\/wp\/v2\/types\/post"}],"author":[{"embeddable":true,"href":"http:\/\/sundalsryr.se\/index.php?rest_route=\/wp\/v2\/users\/3"}],"replies":[{"embeddable":true,"href":"http:\/\/sundalsryr.se\/index.php?rest_route=%2Fwp%2Fv2%2Fcomments&post=2179"}],"version-history":[{"count":1,"href":"http:\/\/sundalsryr.se\/index.php?rest_route=\/wp\/v2\/posts\/2179\/revisions"}],"predecessor-version":[{"id":2180,"href":"http:\/\/sundalsryr.se\/index.php?rest_route=\/wp\/v2\/posts\/2179\/revisions\/2180"}],"wp:attachment":[{"href":"http:\/\/sundalsryr.se\/index.php?rest_route=%2Fwp%2Fv2%2Fmedia&parent=2179"}],"wp:term":[{"taxonomy":"category","embeddable":true,"href":"http:\/\/sundalsryr.se\/index.php?rest_route=%2Fwp%2Fv2%2Fcategories&post=2179"},{"taxonomy":"post_tag","embeddable":true,"href":"http:\/\/sundalsryr.se\/index.php?rest_route=%2Fwp%2Fv2%2Ftags&post=2179"}],"curies":[{"name":"wp","href":"https:\/\/api.w.org\/{rel}","templated":true}]}}