{"id":2188,"date":"2014-01-26T19:57:03","date_gmt":"2014-01-26T19:57:03","guid":{"rendered":"http:\/\/sundalsryr.se\/?p=2188"},"modified":"2014-01-26T19:57:03","modified_gmt":"2014-01-26T19:57:03","slug":"antligen-ar-det-dags-for-torsdagslunch-igen","status":"publish","type":"post","link":"http:\/\/sundalsryr.se\/?p=2188","title":{"rendered":"\u00c4ntligen \u00e4r det dags f\u00f6r torsdagslunch igen!"},"content":{"rendered":"<p style=\"text-align: center;\"><a href=\"http:\/\/sundalsryr.se\/wp-content\/uploads\/2014\/01\/mat.jpg\"><img loading=\"lazy\" decoding=\"async\" class=\"aligncenter size-full wp-image-2189\" title=\"mat\" src=\"http:\/\/sundalsryr.se\/wp-content\/uploads\/2014\/01\/mat.jpg\" alt=\"\" width=\"225\" height=\"224\" srcset=\"http:\/\/sundalsryr.se\/wp-content\/uploads\/2014\/01\/mat.jpg 225w, http:\/\/sundalsryr.se\/wp-content\/uploads\/2014\/01\/mat-150x150.jpg 150w\" sizes=\"(max-width: 225px) 100vw, 225px\" \/><\/a><\/p>\n<p style=\"text-align: center;\">Kom och tr\u00e4ffas, prata och njut av god mat.<\/p>\n<p style=\"text-align: center;\">Nu p\u00e5 torsdag den 30:e Januari, mellan kl:12-13, serveras det lunch p\u00e5 kaffestugan Granan.<\/p>\n<p style=\"text-align: center;\">Denna g\u00e5ng bjuds det p\u00e5 helstekt fl\u00e4skytterfil\u00e9, gr\u00e4dds\u00e5s, potatis och gr\u00f6nsaker.<\/p>\n<p style=\"text-align: center;\">Efter\u00e5t blir det kaffe och kaka. Allt f\u00f6r endast 60 kr.<\/p>\n<p style=\"text-align: center;\">Visst l\u00e5ter det trevligt och gott.<\/p>\n<p style=\"text-align: center;\">Om det \u00e4r n\u00e5gon som har sv\u00e5rt att ta sig dit s\u00e5 h\u00f6r av er senast onsdag,<\/p>\n<p style=\"text-align: center;\">byalaget kan ordna skjuts eller sam\u00e5kning. Ring Susanne Borss\u00e9n 35031.<\/p>\n<p style=\"text-align: center;\">\n<p style=\"text-align: center;\"><strong>Katarina p\u00e5 Granan och byalaget h\u00e4lsar alla varmt v\u00e4lkomna.<\/strong><\/p>\n","protected":false},"excerpt":{"rendered":"<p>Kom och tr\u00e4ffas, prata och njut av god mat. Nu p\u00e5 torsdag den 30:e Januari, mellan kl:12-13, serveras det lunch p\u00e5 kaffestugan Granan. Denna g\u00e5ng bjuds det p\u00e5 helstekt fl\u00e4skytterfil\u00e9, gr\u00e4dds\u00e5s, potatis och gr\u00f6nsaker. Efter\u00e5t blir det kaffe och kaka. Allt f\u00f6r endast 60 kr. Visst l\u00e5ter det trevligt och gott. Om det \u00e4r n\u00e5gon&#8230;<\/p>\n","protected":false},"author":3,"featured_media":0,"comment_status":"open","ping_status":"open","sticky":false,"template":"","format":"standard","meta":{"_monsterinsights_skip_tracking":false,"_monsterinsights_sitenote_active":false,"_monsterinsights_sitenote_note":"","_monsterinsights_sitenote_category":0,"footnotes":""},"categories":[1],"tags":[],"class_list":["post-2188","post","type-post","status-publish","format-standard","hentry","category-aktuellt"],"_links":{"self":[{"href":"http:\/\/sundalsryr.se\/index.php?rest_route=\/wp\/v2\/posts\/2188"}],"collection":[{"href":"http:\/\/sundalsryr.se\/index.php?rest_route=\/wp\/v2\/posts"}],"about":[{"href":"http:\/\/sundalsryr.se\/index.php?rest_route=\/wp\/v2\/types\/post"}],"author":[{"embeddable":true,"href":"http:\/\/sundalsryr.se\/index.php?rest_route=\/wp\/v2\/users\/3"}],"replies":[{"embeddable":true,"href":"http:\/\/sundalsryr.se\/index.php?rest_route=%2Fwp%2Fv2%2Fcomments&post=2188"}],"version-history":[{"count":1,"href":"http:\/\/sundalsryr.se\/index.php?rest_route=\/wp\/v2\/posts\/2188\/revisions"}],"predecessor-version":[{"id":2190,"href":"http:\/\/sundalsryr.se\/index.php?rest_route=\/wp\/v2\/posts\/2188\/revisions\/2190"}],"wp:attachment":[{"href":"http:\/\/sundalsryr.se\/index.php?rest_route=%2Fwp%2Fv2%2Fmedia&parent=2188"}],"wp:term":[{"taxonomy":"category","embeddable":true,"href":"http:\/\/sundalsryr.se\/index.php?rest_route=%2Fwp%2Fv2%2Fcategories&post=2188"},{"taxonomy":"post_tag","embeddable":true,"href":"http:\/\/sundalsryr.se\/index.php?rest_route=%2Fwp%2Fv2%2Ftags&post=2188"}],"curies":[{"name":"wp","href":"https:\/\/api.w.org\/{rel}","templated":true}]}}