{"id":2199,"date":"2014-01-30T21:08:00","date_gmt":"2014-01-30T21:08:00","guid":{"rendered":"http:\/\/sundalsryr.se\/?p=2199"},"modified":"2014-01-30T21:08:35","modified_gmt":"2014-01-30T21:08:35","slug":"torsdagslunch-5","status":"publish","type":"post","link":"http:\/\/sundalsryr.se\/?p=2199","title":{"rendered":"Torsdagslunch"},"content":{"rendered":"<p><a href=\"http:\/\/sundalsryr.se\/wp-content\/uploads\/2014\/01\/image-1.jpeg\"><img loading=\"lazy\" decoding=\"async\" class=\"alignleft size-medium wp-image-2200\" title=\"image (1)\" src=\"http:\/\/sundalsryr.se\/wp-content\/uploads\/2014\/01\/image-1-300x225.jpg\" alt=\"\" width=\"300\" height=\"225\" srcset=\"http:\/\/sundalsryr.se\/wp-content\/uploads\/2014\/01\/image-1-300x225.jpg 300w, http:\/\/sundalsryr.se\/wp-content\/uploads\/2014\/01\/image-1.jpeg 640w\" sizes=\"(max-width: 300px) 100vw, 300px\" \/><\/a><\/p>\n<p>Trots sn\u00f6 v\u00e5gade sig ett 25-tal personer upp till kaffestugan p\u00e5 Granan f\u00f6r att \u00e4ta lunch tillsammans i dag. <a href=\"http:\/\/sundalsryr.se\/wp-content\/uploads\/2014\/01\/bild.jpg\"><img loading=\"lazy\" decoding=\"async\" class=\"alignright size-medium wp-image-2198\" title=\"bild\" src=\"http:\/\/sundalsryr.se\/wp-content\/uploads\/2014\/01\/bild-300x225.jpg\" alt=\"\" width=\"300\" height=\"225\" srcset=\"http:\/\/sundalsryr.se\/wp-content\/uploads\/2014\/01\/bild-300x225.jpg 300w, http:\/\/sundalsryr.se\/wp-content\/uploads\/2014\/01\/bild.jpg 640w\" sizes=\"(max-width: 300px) 100vw, 300px\" \/><\/a><\/p>\n<p>Inne i stugan var det varmt, gemytligt och fyllt med trevligt s\u00e4llskap.<\/p>\n<p>Maten var j\u00e4ttegod och chokladpajen till kaffet var himmelsk!<\/p>\n<p><a href=\"http:\/\/sundalsryr.se\/wp-content\/uploads\/2014\/01\/image.jpeg\"><img loading=\"lazy\" decoding=\"async\" class=\"alignleft size-medium wp-image-2201\" title=\"image\" src=\"http:\/\/sundalsryr.se\/wp-content\/uploads\/2014\/01\/image-300x225.jpg\" alt=\"\" width=\"300\" height=\"225\" srcset=\"http:\/\/sundalsryr.se\/wp-content\/uploads\/2014\/01\/image-300x225.jpg 300w, http:\/\/sundalsryr.se\/wp-content\/uploads\/2014\/01\/image.jpeg 640w\" sizes=\"(max-width: 300px) 100vw, 300px\" \/><\/a><\/p>\n<p>Tack Katarina! Om en m\u00e5nad kommer vi igen.<\/p>\n","protected":false},"excerpt":{"rendered":"<p>Trots sn\u00f6 v\u00e5gade sig ett 25-tal personer upp till kaffestugan p\u00e5 Granan f\u00f6r att \u00e4ta lunch tillsammans i dag. Inne i stugan var det varmt, gemytligt och fyllt med trevligt s\u00e4llskap. Maten var j\u00e4ttegod och chokladpajen till kaffet var himmelsk! Tack Katarina! Om en m\u00e5nad kommer vi igen.<\/p>\n","protected":false},"author":3,"featured_media":0,"comment_status":"open","ping_status":"open","sticky":false,"template":"","format":"standard","meta":{"_monsterinsights_skip_tracking":false,"_monsterinsights_sitenote_active":false,"_monsterinsights_sitenote_note":"","_monsterinsights_sitenote_category":0,"footnotes":""},"categories":[1],"tags":[],"class_list":["post-2199","post","type-post","status-publish","format-standard","hentry","category-aktuellt"],"_links":{"self":[{"href":"http:\/\/sundalsryr.se\/index.php?rest_route=\/wp\/v2\/posts\/2199"}],"collection":[{"href":"http:\/\/sundalsryr.se\/index.php?rest_route=\/wp\/v2\/posts"}],"about":[{"href":"http:\/\/sundalsryr.se\/index.php?rest_route=\/wp\/v2\/types\/post"}],"author":[{"embeddable":true,"href":"http:\/\/sundalsryr.se\/index.php?rest_route=\/wp\/v2\/users\/3"}],"replies":[{"embeddable":true,"href":"http:\/\/sundalsryr.se\/index.php?rest_route=%2Fwp%2Fv2%2Fcomments&post=2199"}],"version-history":[{"count":6,"href":"http:\/\/sundalsryr.se\/index.php?rest_route=\/wp\/v2\/posts\/2199\/revisions"}],"predecessor-version":[{"id":2207,"href":"http:\/\/sundalsryr.se\/index.php?rest_route=\/wp\/v2\/posts\/2199\/revisions\/2207"}],"wp:attachment":[{"href":"http:\/\/sundalsryr.se\/index.php?rest_route=%2Fwp%2Fv2%2Fmedia&parent=2199"}],"wp:term":[{"taxonomy":"category","embeddable":true,"href":"http:\/\/sundalsryr.se\/index.php?rest_route=%2Fwp%2Fv2%2Fcategories&post=2199"},{"taxonomy":"post_tag","embeddable":true,"href":"http:\/\/sundalsryr.se\/index.php?rest_route=%2Fwp%2Fv2%2Ftags&post=2199"}],"curies":[{"name":"wp","href":"https:\/\/api.w.org\/{rel}","templated":true}]}}