{"id":2222,"date":"2014-02-14T18:51:22","date_gmt":"2014-02-14T18:51:22","guid":{"rendered":"http:\/\/sundalsryr.se\/?p=2222"},"modified":"2014-02-14T18:51:22","modified_gmt":"2014-02-14T18:51:22","slug":"sportlovsaktivitet","status":"publish","type":"post","link":"http:\/\/sundalsryr.se\/?p=2222","title":{"rendered":"Sportlovsaktivitet"},"content":{"rendered":"<p><a href=\"http:\/\/sundalsryr.se\/wp-content\/uploads\/2014\/02\/film.jpg\"><img loading=\"lazy\" decoding=\"async\" class=\"aligncenter size-full wp-image-2221\" title=\"film\" src=\"http:\/\/sundalsryr.se\/wp-content\/uploads\/2014\/02\/film.jpg\" alt=\"\" width=\"536\" height=\"94\" srcset=\"http:\/\/sundalsryr.se\/wp-content\/uploads\/2014\/02\/film.jpg 536w, http:\/\/sundalsryr.se\/wp-content\/uploads\/2014\/02\/film-300x52.jpg 300w\" sizes=\"(max-width: 536px) 100vw, 536px\" \/><\/a><\/p>\n<p>Nu p\u00e5 m\u00e5ndag den 27\/2 ordnar byalaget sportlovsmys f\u00f6r barn och familjer. Vi leker, fikar och tittar p\u00e5 film tillsammans. Kl 17.00 \u2013 18.30 f\u00f6r barn 0-6 \u00e5r med f\u00f6r\u00e4ldrar. Kl 18.30 \u2013 21.00\u00a0 f\u00f6r barn 7 \u00e5r och upp\u00e5t.<\/p>\n<p>Fr\u00e5n b\u00f6rjan var det meningen att vi skulle h\u00e5lla till i skidans hus p\u00e5 Granan, men d\u00e4r p\u00e5g\u00e5r det f\u00f6r n\u00e4rvarande renovering efter en vattenskada och vi m\u00e5ste d\u00e4rf\u00f6r vara n\u00e5gonannan stans. Platsen beror p\u00e5 hur m\u00e5nga vi blir. H\u00f6r d\u00e4rf\u00f6r g\u00e4rna av dig till Susanne Broberg 35031 eller <a href=\"mailto:ennasus78@hotmail.com\">ennasus78@hotmail.com<\/a> och ber\u00e4tta om ni vill vara med, s\u00e5 best\u00e4mmer vi plats n\u00e4r vi vet hur m\u00e5nga som kommer.<\/p>\n<p>Det kommer bli j\u00e4ttekul och vi hoppas att just du och dina barn vill komma!<\/p>\n","protected":false},"excerpt":{"rendered":"<p>Nu p\u00e5 m\u00e5ndag den 27\/2 ordnar byalaget sportlovsmys f\u00f6r barn och familjer. Vi leker, fikar och tittar p\u00e5 film tillsammans. Kl 17.00 \u2013 18.30 f\u00f6r barn 0-6 \u00e5r med f\u00f6r\u00e4ldrar. Kl 18.30 \u2013 21.00\u00a0 f\u00f6r barn 7 \u00e5r och upp\u00e5t. Fr\u00e5n b\u00f6rjan var det meningen att vi skulle h\u00e5lla till i skidans hus p\u00e5 Granan,&#8230;<\/p>\n","protected":false},"author":3,"featured_media":0,"comment_status":"open","ping_status":"open","sticky":false,"template":"","format":"standard","meta":{"_monsterinsights_skip_tracking":false,"_monsterinsights_sitenote_active":false,"_monsterinsights_sitenote_note":"","_monsterinsights_sitenote_category":0,"footnotes":""},"categories":[1],"tags":[],"class_list":["post-2222","post","type-post","status-publish","format-standard","hentry","category-aktuellt"],"_links":{"self":[{"href":"http:\/\/sundalsryr.se\/index.php?rest_route=\/wp\/v2\/posts\/2222"}],"collection":[{"href":"http:\/\/sundalsryr.se\/index.php?rest_route=\/wp\/v2\/posts"}],"about":[{"href":"http:\/\/sundalsryr.se\/index.php?rest_route=\/wp\/v2\/types\/post"}],"author":[{"embeddable":true,"href":"http:\/\/sundalsryr.se\/index.php?rest_route=\/wp\/v2\/users\/3"}],"replies":[{"embeddable":true,"href":"http:\/\/sundalsryr.se\/index.php?rest_route=%2Fwp%2Fv2%2Fcomments&post=2222"}],"version-history":[{"count":1,"href":"http:\/\/sundalsryr.se\/index.php?rest_route=\/wp\/v2\/posts\/2222\/revisions"}],"predecessor-version":[{"id":2223,"href":"http:\/\/sundalsryr.se\/index.php?rest_route=\/wp\/v2\/posts\/2222\/revisions\/2223"}],"wp:attachment":[{"href":"http:\/\/sundalsryr.se\/index.php?rest_route=%2Fwp%2Fv2%2Fmedia&parent=2222"}],"wp:term":[{"taxonomy":"category","embeddable":true,"href":"http:\/\/sundalsryr.se\/index.php?rest_route=%2Fwp%2Fv2%2Fcategories&post=2222"},{"taxonomy":"post_tag","embeddable":true,"href":"http:\/\/sundalsryr.se\/index.php?rest_route=%2Fwp%2Fv2%2Ftags&post=2222"}],"curies":[{"name":"wp","href":"https:\/\/api.w.org\/{rel}","templated":true}]}}