{"id":2234,"date":"2014-03-01T18:44:37","date_gmt":"2014-03-01T18:44:37","guid":{"rendered":"http:\/\/sundalsryr.se\/?p=2234"},"modified":"2014-03-02T20:56:37","modified_gmt":"2014-03-02T20:56:37","slug":"rapport-fran-leden-8","status":"publish","type":"post","link":"http:\/\/sundalsryr.se\/?p=2234","title":{"rendered":"Rapport fr\u00e5n leden 8"},"content":{"rendered":"<p>S\u00e5 som en luffare om v\u00e5ren l\u00e4ngtar ut till v\u00e4garna, s\u00e5 l\u00e4ngtar ocks\u00e5 jag. Kanske till och med mer till v\u00e4garna \u00e4n till v\u00e5ren. D\u00e4rf\u00f6r \u00e4r det med gl\u00e4dje jag noterar att det f\u00f6rra \u00e5ret tillkom en ny str\u00e4cka p\u00e5 Sundalsryrsleden, en v\u00e4g fr\u00e5n halloncaf\u00e9t till Bollungesj\u00f6n. En st\u00e4cka som \u00e4r l\u00e4tt att kombinera med de andra s\u00e5 att det bildas flera rundor i olika l\u00e4ngder. L\u00e5ngt eller kort, helt efter vad man sj\u00e4lv tycker passar.<a href=\"http:\/\/sundalsryr.se\/wp-content\/uploads\/2014\/03\/IMG_0183.jpg\"><img loading=\"lazy\" decoding=\"async\" class=\"alignright size-large wp-image-2235\" title=\"IMG_0183\" src=\"http:\/\/sundalsryr.se\/wp-content\/uploads\/2014\/03\/IMG_0183-1024x768.jpg\" alt=\"\" width=\"368\" height=\"277\" srcset=\"http:\/\/sundalsryr.se\/wp-content\/uploads\/2014\/03\/IMG_0183-1024x768.jpg 1024w, http:\/\/sundalsryr.se\/wp-content\/uploads\/2014\/03\/IMG_0183-300x225.jpg 300w\" sizes=\"(max-width: 368px) 100vw, 368px\" \/><\/a><\/p>\n<p>Mitt i hallonodlingen g\u00e5r en grusv\u00e4g, f\u00f6rbi de vackert bl\u00e5 bikuporna. Jag l\u00e4ser p\u00e5 skylten att bina \u00e4r fredliga s\u00e5 l\u00e4nge de inte blir hotade eller st\u00f6rda och att de om sommaren jobbar som naturv\u00e5rdare f\u00f6r en riklig sk\u00f6rd av fr\u00f6, b\u00e4r och frukt. Men nu \u00e4r de tysta, jag gissar att de vilar inf\u00f6r sitt kommande uppdrag. Vila \u00e4r dock inget jag ska t\u00e4nka p\u00e5. Nu ska det springas.<\/p>\n<p>V\u00e4gen \u00e4r bred och fin, p\u00e5 ena sidan \u00e4r det skog och p\u00e5 den andra betesmark. Staketen vittnar om att det om somrarna g\u00e5r djur h\u00e4r. Jag fantiserar om ystra kalvar p\u00e5 gr\u00f6na \u00e4ngar. Det ligger lite sn\u00f6 kvar i diken och p\u00e5 skuggiga partier. Men med den hastighet tiden tycks ha nu f\u00f6r tiden, s\u00e5 \u00e4r det inte l\u00e5ngt kvar innan den \u00e4r borta.<\/p>\n<p><a href=\"http:\/\/sundalsryr.se\/wp-content\/uploads\/2014\/03\/IMG_0213.jpg\"><img loading=\"lazy\" decoding=\"async\" class=\"alignleft size-medium wp-image-2236\" title=\"IMG_0213\" src=\"http:\/\/sundalsryr.se\/wp-content\/uploads\/2014\/03\/IMG_0213-300x225.jpg\" alt=\"\" width=\"300\" height=\"225\" srcset=\"http:\/\/sundalsryr.se\/wp-content\/uploads\/2014\/03\/IMG_0213-300x225.jpg 300w, http:\/\/sundalsryr.se\/wp-content\/uploads\/2014\/03\/IMG_0213-1024x768.jpg 1024w\" sizes=\"(max-width: 300px) 100vw, 300px\" \/><\/a><\/p>\n<p>V\u00e4gen \u00e4r h\u00e4rligt l\u00e4ttsprungen. Stela leder blir mjuka, blicken blir klar och kinderna rosiga, n\u00e4r f\u00f6tterna g\u00f6r det f\u00f6tter \u00e4r gjorda f\u00f6r. Vintern har varit gr\u00e5. Jag v\u00e4nder ansiktet mot s\u00f6der i hopp om att f\u00e5nga n\u00e5gra D-vitamin bringande str\u00e5lar. Det blir periodvis d\u00e5ligt med den varan p\u00e5 dessa breddgrader. S\u00e5 det g\u00e4ller att passa p\u00e5.<\/p>\n<p>Meter l\u00e4ggs till meter, hj\u00e4rtat bankar och lungorna njuter av den friska luften. Kanske \u00e4r det bara en stilla f\u00f6rhoppning, men visst luktar det lite v\u00e5r? Vinden kommer fr\u00e5n s\u00f6der, f\u00e5glarna l\u00e5ter ivrigare och kv\u00e4llarna har blivit lite ljusare. \u00c4n kan det komma vinter, men n\u00e5gon riktig kraft kan v\u00e4l kung Bore knappast ha s\u00e5 h\u00e4r sent. <a href=\"http:\/\/sundalsryr.se\/wp-content\/uploads\/2014\/03\/IMG_0188.jpg\"><img loading=\"lazy\" decoding=\"async\" class=\"alignright size-medium wp-image-2237\" title=\"IMG_0188\" src=\"http:\/\/sundalsryr.se\/wp-content\/uploads\/2014\/03\/IMG_0188-300x225.jpg\" alt=\"\" width=\"300\" height=\"225\" srcset=\"http:\/\/sundalsryr.se\/wp-content\/uploads\/2014\/03\/IMG_0188-300x225.jpg 300w, http:\/\/sundalsryr.se\/wp-content\/uploads\/2014\/03\/IMG_0188-1024x768.jpg 1024w\" sizes=\"(max-width: 300px) 100vw, 300px\" \/><\/a><\/p>\n<p>Lite nerf\u00f6r, lite uppf\u00f6r, mer omv\u00e4xlande \u00e4n jobbigt. Efter n\u00e5gon kilometer dyker det upp en korsning. P\u00e5 kartan har jag tidigare sett att v\u00e4nster betyder en l\u00e4ngre runda, h\u00f6ger en kortare. Det f\u00e5r bli h\u00f6ger i dag. Det \u00e4r bara mina steg, andetagen och granarnas sus som h\u00f6rs. Det luktar gott av nyhugget virke, l\u00f6vtr\u00e4dens siluetter bildar ett m\u00e4sterligt konstverk mot den blyf\u00e4rgade himlen och vid sidan av v\u00e4gen \u00e4r marken kl\u00e4dd med gr\u00f6n mjuk mossa. En vis man sa att man ska uppskatta de sm\u00e5 sakerna i livet, f\u00f6r en dag kommer man se tillbaka och uppt\u00e4cka att det var de som var de stora sakerna!<\/p>\n<p style=\"text-align: center;\"><a href=\"http:\/\/sundalsryr.se\/wp-content\/uploads\/2014\/03\/IMG_01901.jpg\"><img loading=\"lazy\" decoding=\"async\" class=\"aligncenter size-large wp-image-2239\" title=\"IMG_0190\" src=\"http:\/\/sundalsryr.se\/wp-content\/uploads\/2014\/03\/IMG_01901-768x1024.jpg\" alt=\"\" width=\"461\" height=\"614\" srcset=\"http:\/\/sundalsryr.se\/wp-content\/uploads\/2014\/03\/IMG_01901-768x1024.jpg 768w, http:\/\/sundalsryr.se\/wp-content\/uploads\/2014\/03\/IMG_01901-225x300.jpg 225w\" sizes=\"(max-width: 461px) 100vw, 461px\" \/><\/a><\/p>\n<p>Allt f\u00f6r snart \u00e4r grusv\u00e4gen slut, den avslutas med en v\u00e4gbom, men f\u00e4rdas man till fots \u00e4r det inga problem att komma f\u00f6rbi. Ute p\u00e5 asfalten sv\u00e4nger jag h\u00f6ger. Jag springer f\u00f6rbi R\u00e4vsn\u00e4s, f\u00f6rbi v\u00e4gen som g\u00e5r till K\u00e4rrs bergt\u00e4kt, f\u00f6rbi Kasen och f\u00f6rbi v\u00e4gen till Flytut. Asfalt \u00e4r inte lika trevligt som grus, man f\u00e5r se det som en transportstr\u00e4cka f\u00f6r att f\u00e5 ihop det till en runda och rundor \u00e4r alltid trevligare \u00e4n att springa \u00e5t ett h\u00e5ll och sedan v\u00e4nda. N\u00e4r v\u00e4gen mot Evenstorp dyker upp \u00e4r det bara n\u00e5gon kilometer kvar till hallonodlingen d\u00e4r dagens tur startade.<\/p>\n<p>Det b\u00f6rjar bli varmt och n\u00e5gra av Karin Boyes rader dyker upp <em>\u201dDen m\u00e4tta dagen, den \u00e4r aldrig st\u00f6rst. Den b\u00e4sta dagen, det \u00e4r den av t\u00f6rst. Nog finns det m\u00e5l och mening med v\u00e5r f\u00e4rd. Men det \u00e4r v\u00e4gen som \u00e4r m\u00f6dan v\u00e4rd\u201d. <\/em>S\u00e5 r\u00e4tt hon hade, m\u00e5let betyder inget men v\u00e4gen betyder allt.<\/p>\n<p>Tillbaka vid bikuporna konstaterar jag att rundan var drygt 4 kilometer, promenerar man tar det h\u00f6gst en timma, springer man g\u00e5r det p\u00e5 halva tiden. Den \u00e4r l\u00e4ttsprungen, torr och fin och jag l\u00e4ngtar ivrigt efter att f\u00e5 springa \u00e4nnu en s\u00e4song p\u00e5 den och de andra fina lederna h\u00e4r i Sundals ryr. Att \u00e5terigen f\u00e5 se vad som finns bakom n\u00e4sta kr\u00f6k, hur mycket sn\u00f6 som finns kvar bakom berget, var det finns nya h\u00e5lor i v\u00e4gen och var knopparna f\u00f6rst sl\u00e5r ut. Kanske var Karin Boye ocks\u00e5 l\u00f6pare t\u00e4nker jag n\u00e4r jag minns de sista raderna i dikten <em>\u201dBryt upp, bryt upp! Den nya dagen gryr. O\u00e4ndligt \u00e4r v\u00e5rt stora \u00e4ventyr\u201d. <\/em><\/p>\n","protected":false},"excerpt":{"rendered":"<p>S\u00e5 som en luffare om v\u00e5ren l\u00e4ngtar ut till v\u00e4garna, s\u00e5 l\u00e4ngtar ocks\u00e5 jag. Kanske till och med mer till v\u00e4garna \u00e4n till v\u00e5ren. D\u00e4rf\u00f6r \u00e4r det med gl\u00e4dje jag noterar att det f\u00f6rra \u00e5ret tillkom en ny str\u00e4cka p\u00e5 Sundalsryrsleden, en v\u00e4g fr\u00e5n halloncaf\u00e9t till Bollungesj\u00f6n. En st\u00e4cka som \u00e4r l\u00e4tt att kombinera med&#8230;<\/p>\n","protected":false},"author":3,"featured_media":0,"comment_status":"open","ping_status":"open","sticky":false,"template":"","format":"standard","meta":{"_monsterinsights_skip_tracking":false,"_monsterinsights_sitenote_active":false,"_monsterinsights_sitenote_note":"","_monsterinsights_sitenote_category":0,"footnotes":""},"categories":[11],"tags":[],"class_list":["post-2234","post","type-post","status-publish","format-standard","hentry","category-rapporter-fran-leden"],"_links":{"self":[{"href":"http:\/\/sundalsryr.se\/index.php?rest_route=\/wp\/v2\/posts\/2234"}],"collection":[{"href":"http:\/\/sundalsryr.se\/index.php?rest_route=\/wp\/v2\/posts"}],"about":[{"href":"http:\/\/sundalsryr.se\/index.php?rest_route=\/wp\/v2\/types\/post"}],"author":[{"embeddable":true,"href":"http:\/\/sundalsryr.se\/index.php?rest_route=\/wp\/v2\/users\/3"}],"replies":[{"embeddable":true,"href":"http:\/\/sundalsryr.se\/index.php?rest_route=%2Fwp%2Fv2%2Fcomments&post=2234"}],"version-history":[{"count":3,"href":"http:\/\/sundalsryr.se\/index.php?rest_route=\/wp\/v2\/posts\/2234\/revisions"}],"predecessor-version":[{"id":2241,"href":"http:\/\/sundalsryr.se\/index.php?rest_route=\/wp\/v2\/posts\/2234\/revisions\/2241"}],"wp:attachment":[{"href":"http:\/\/sundalsryr.se\/index.php?rest_route=%2Fwp%2Fv2%2Fmedia&parent=2234"}],"wp:term":[{"taxonomy":"category","embeddable":true,"href":"http:\/\/sundalsryr.se\/index.php?rest_route=%2Fwp%2Fv2%2Fcategories&post=2234"},{"taxonomy":"post_tag","embeddable":true,"href":"http:\/\/sundalsryr.se\/index.php?rest_route=%2Fwp%2Fv2%2Ftags&post=2234"}],"curies":[{"name":"wp","href":"https:\/\/api.w.org\/{rel}","templated":true}]}}