{"id":2278,"date":"2014-03-31T20:35:37","date_gmt":"2014-03-31T20:35:37","guid":{"rendered":"http:\/\/sundalsryr.se\/?p=2278"},"modified":"2014-03-31T20:52:12","modified_gmt":"2014-03-31T20:52:12","slug":"en-dag-i-mulleskogen","status":"publish","type":"post","link":"http:\/\/sundalsryr.se\/?p=2278","title":{"rendered":"En dag i Mulleskogen."},"content":{"rendered":"<figure id=\"attachment_2279\" aria-describedby=\"caption-attachment-2279\" style=\"width: 461px\" class=\"wp-caption aligncenter\"><a href=\"http:\/\/sundalsryr.se\/wp-content\/uploads\/2014\/03\/IMG_0312.jpg\"><img loading=\"lazy\" decoding=\"async\" class=\"size-large wp-image-2279 \" title=\"IMG_0312\" src=\"http:\/\/sundalsryr.se\/wp-content\/uploads\/2014\/03\/IMG_0312-768x1024.jpg\" alt=\"\" width=\"461\" height=\"614\" srcset=\"http:\/\/sundalsryr.se\/wp-content\/uploads\/2014\/03\/IMG_0312-768x1024.jpg 768w, http:\/\/sundalsryr.se\/wp-content\/uploads\/2014\/03\/IMG_0312-225x300.jpg 225w\" sizes=\"(max-width: 461px) 100vw, 461px\" \/><\/a><figcaption id=\"caption-attachment-2279\" class=\"wp-caption-text\">P\u00e5 v\u00e4g till mulleplatsen<\/figcaption><\/figure>\n<p>Solen sken, f\u00e5glarna kvittrade, termos och bulle l\u00e5g i ryggs\u00e4cken och det pirrade lite av f\u00f6rv\u00e4ntning. Jag skulle f\u00e5 f\u00f6lja med p\u00e5 Mulleskolan! Det var m\u00e5nga \u00e5r sedan sist, men en g\u00e5ng i tiden var jag faktiskt ocks\u00e5 ett Mullebarn. Nu skulle jag f\u00e5 vara med igen.<\/p>\n<p>H\u00e4r i Sundals ryr finns kommunens st\u00f6rsta grupper av friluftsfr\u00e4mjandets Mulleverksamhet. Drygt 50 barn och deras 10 ledare tr\u00e4ffas regelbundet p\u00e5 olika platser p\u00e5 fj\u00e4llet. Grupperna med de yngsta barnen, knytte och Mulle, samlas vid skidstugan p\u00e5 Granan. De \u00e4ldre \u201dstr\u00f6varna\u201d, tr\u00e4ffas p\u00e5 annan plats f\u00f6r att laga mat p\u00e5 stormk\u00f6k, t\u00e4lja med kniv och g\u00f6ra upp eld. De \u00e4ldsta \u201dlufsarna\u201d, g\u00f6r sp\u00e4nnande saker som b\u00e4versafari, skattjakt i nedlagda gruvor och kanothajk.<\/p>\n<p>Efter en kort promenad kommer vi fram till Mulleplatsen. Vi b\u00f6rjar med att ropa p\u00e5 Mulle och hans v\u00e4nner, f\u00f6r att se om de svarar n\u00e5gonstans i skogen. P\u00e5 min tid fanns bara Mulle, som man ropade p\u00e5 med \u201dhej-kollikokk\u201d, men nu finns \u00e4ven Fj\u00e4llfina som lyssnar till ropet \u201dhej-vindivil\u201d, Laxe som man ska kalla p\u00e5 med \u201dbubbeli\u00e5 bubbeli\u00e5\u201d och det senaste tillskottet Nova, som lystrar till \u201dhoj-kosmohoj\u201d. Men just den h\u00e4r dagen svarar ingen, kanske \u00e4r de p\u00e5 annat h\u00e5ll i skogen.<\/p>\n<figure id=\"attachment_2280\" aria-describedby=\"caption-attachment-2280\" style=\"width: 225px\" class=\"wp-caption alignleft\"><a href=\"http:\/\/sundalsryr.se\/wp-content\/uploads\/2014\/03\/IMG_0317.jpg\"><img loading=\"lazy\" decoding=\"async\" class=\"size-medium wp-image-2280\" title=\"IMG_0317\" src=\"http:\/\/sundalsryr.se\/wp-content\/uploads\/2014\/03\/IMG_0317-225x300.jpg\" alt=\"\" width=\"225\" height=\"300\" srcset=\"http:\/\/sundalsryr.se\/wp-content\/uploads\/2014\/03\/IMG_0317-225x300.jpg 225w, http:\/\/sundalsryr.se\/wp-content\/uploads\/2014\/03\/IMG_0317-768x1024.jpg 768w\" sizes=\"(max-width: 225px) 100vw, 225px\" \/><\/a><figcaption id=\"caption-attachment-2280\" class=\"wp-caption-text\">Tussilago koll<\/figcaption><\/figure>\n<p>Vi s\u00e4tter oss i ring p\u00e5 samlingsplatsen. Dagens tema \u00e4r v\u00e5rtecken. Vi tittar p\u00e5 tussilago i f\u00f6rstoringslupp, l\u00e4r oss att den \u00e4ven heter h\u00e4sthov och att man kan \u00e4ta stj\u00e4lken p\u00e5 den. Vi provsmakar och alla f\u00e5r ber\u00e4tta hur de tycker att den smakar. D\u00e4refter \u00e4r det dags f\u00f6r en annan typisk v\u00e5rsyssla. Vi ska s\u00e5. Muggar fylls med jord och alla s\u00e5r var sin \u00e4rta. Muggarna f\u00e5r vi ta med hem och om vi vattnar och sk\u00f6ter om dem, f\u00e5r vi kanske se \u00e4rtan v\u00e4xa s\u00e5 sm\u00e5ningom.<\/p>\n<p>En annan sak som man kan ha koll p\u00e5 under v\u00e5ren \u00e4r hur knopparna p\u00e5 tr\u00e4den ser ut. Vi tittar p\u00e5 n\u00e5gra l\u00f6vtr\u00e4d i n\u00e4rheten. Fortfarande \u00e4r knopparna sm\u00e5, men n\u00e4sta g\u00e5ng det \u00e4r mulle har de nog blivit st\u00f6rre. N\u00e5gra kanske till och med har slagit ut till l\u00f6v. Barnen f\u00e5r var sin bit garn i olika f\u00e4rger, garnet knyter de runt \u201dsin\u201d gren f\u00f6r att de l\u00e4ttare ska hitta den n\u00e4sta g\u00e5ng.<\/p>\n<p>Nu b\u00f6rjar alla bli ot\u00e5liga att f\u00e5 prova en ny lekaktivitet vid Mulleplatsen. Det \u00e4r en linbana som g\u00e5r mellan tv\u00e5 stora tr\u00e4d. Men innan man kan \u00e5ka ska vi ha invigning. Barnen h\u00e5ller tal och klipper band, precis som en riktig invigning. Sedan blir det \u00e5ka av. Oj, vad det g\u00e5r. Det pirrar i magen och fast det \u00e4r ganska jobbigt att dra upp linbanan till h\u00f6jden d\u00e4r man startar vill alla \u00e5ka igen och igen och igen\u2026<\/p>\n<figure id=\"attachment_2282\" aria-describedby=\"caption-attachment-2282\" style=\"width: 553px\" class=\"wp-caption aligncenter\"><a href=\"http:\/\/sundalsryr.se\/wp-content\/uploads\/2014\/03\/IMG_0334.jpg\"><img loading=\"lazy\" decoding=\"async\" class=\"size-large wp-image-2282  \" title=\"IMG_0334\" src=\"http:\/\/sundalsryr.se\/wp-content\/uploads\/2014\/03\/IMG_0334-768x1024.jpg\" alt=\"\" width=\"553\" height=\"738\" srcset=\"http:\/\/sundalsryr.se\/wp-content\/uploads\/2014\/03\/IMG_0334-768x1024.jpg 768w, http:\/\/sundalsryr.se\/wp-content\/uploads\/2014\/03\/IMG_0334-225x300.jpg 225w\" sizes=\"(max-width: 553px) 100vw, 553px\" \/><\/a><figcaption id=\"caption-attachment-2282\" class=\"wp-caption-text\">Full fart i linbanan<\/figcaption><\/figure>\n<p>Det finns andra saker man kan leka med, gungbr\u00e4da, en lian, balansg\u00e5ng och mycket mer. Men just idag \u00e4r s\u00e5klart nya linbanan popul\u00e4rast. Efter m\u00e5nga \u00e5k \u00e4r det dags f\u00f6r fika. Vi tar v\u00e5ra ryggs\u00e4ckar och s\u00e4tter oss i kojan. S\u00e5 sitter vi d\u00e4r och fikar och har det hur mysigt som helst. N\u00e5gon har sm\u00f6rg\u00e5s med prickigkorv, en har pannkaka och n\u00e5gon har frukt. F\u00f6r l\u00e4nge sedan n\u00e4r jag var ett Mullebarn hade man varm choklad i en sirapsflaska. Utanp\u00e5 flaskan hade man en raggsocka f\u00f6r att det skulle h\u00e5lla sig varmt. Men choklad i sirapsflaska \u00e4r helt ute nu, h\u00e4r \u00e4r det vatten i sportflaska som g\u00e4ller f\u00e5r jag l\u00e4ra mig.<\/p>\n<figure id=\"attachment_2281\" aria-describedby=\"caption-attachment-2281\" style=\"width: 300px\" class=\"wp-caption alignright\"><a href=\"http:\/\/sundalsryr.se\/wp-content\/uploads\/2014\/03\/IMG_0341.jpg\"><img loading=\"lazy\" decoding=\"async\" class=\"size-medium wp-image-2281\" title=\"IMG_0341\" src=\"http:\/\/sundalsryr.se\/wp-content\/uploads\/2014\/03\/IMG_0341-300x225.jpg\" alt=\"\" width=\"300\" height=\"225\" srcset=\"http:\/\/sundalsryr.se\/wp-content\/uploads\/2014\/03\/IMG_0341-300x225.jpg 300w, http:\/\/sundalsryr.se\/wp-content\/uploads\/2014\/03\/IMG_0341-1024x768.jpg 1024w\" sizes=\"(max-width: 300px) 100vw, 300px\" \/><\/a><figcaption id=\"caption-attachment-2281\" class=\"wp-caption-text\">Fika i kojan<\/figcaption><\/figure>\n<p>Medan vi \u00e4ter pratar vi f\u00e5glar. Alla f\u00e5r r\u00e4kna upp s\u00e5 m\u00e5nga f\u00e5glar de kan komma p\u00e5 och det blir ganska m\u00e5nga. Talgoxe, kr\u00e5ka, domherre, bl\u00e5mes, flamingo, papegoja, skata och m\u00e5nga fler. N\u00e4r mats\u00e4cken \u00e4r upp\u00e4ten blir det n\u00e5gra \u00e5k till i linbanan f\u00f6r en del och n\u00e5gra hj\u00e4lps \u00e5t att b\u00e4ttra p\u00e5 kojan med lite mer granris.<\/p>\n<p>Men tiden g\u00e5r fort n\u00e4r man har roligt, snart \u00e4r det dagas att g\u00e5 hem. Ryggs\u00e4ckar, \u00e4rtplanteringar och sittunderl\u00e4gg, allt packas ihop.\u00a0 Innan vi skiljs sjunger vi en s\u00e5ng och s\u00e4ger hej d\u00e5 till varandra.\u00a0 N\u00e4sta g\u00e5ng de tr\u00e4ffas \u00e4r det Mulles dag, d\u00e5 \u00e4r barn i alla \u00e5ldrar och \u00e4ven alla vuxna v\u00e4lkomna att vara med. I \u00e5r ska det handla lite extra om f\u00e5glar, hur de l\u00e5ter, vad de \u00e4ter och hur det ser ut i en f\u00e5gelholk. Mulle och hans v\u00e4nner finns d\u00e5 p\u00e5 plats f\u00f6r att l\u00e4ra alla om naturen. Kom med du ocks\u00e5!\u00a0 S\u00f6ndag den 13 april mellan 11-13 vid SK Granans skidstuga.<\/p>\n<p>Jag s\u00e4ger hej till ledare och barn, det har varit en riktigt kul f\u00f6rmiddag i skogen.<\/p>\n","protected":false},"excerpt":{"rendered":"<p>Solen sken, f\u00e5glarna kvittrade, termos och bulle l\u00e5g i ryggs\u00e4cken och det pirrade lite av f\u00f6rv\u00e4ntning. Jag skulle f\u00e5 f\u00f6lja med p\u00e5 Mulleskolan! Det var m\u00e5nga \u00e5r sedan sist, men en g\u00e5ng i tiden var jag faktiskt ocks\u00e5 ett Mullebarn. Nu skulle jag f\u00e5 vara med igen. H\u00e4r i Sundals ryr finns kommunens st\u00f6rsta grupper&#8230;<\/p>\n","protected":false},"author":3,"featured_media":0,"comment_status":"open","ping_status":"open","sticky":false,"template":"","format":"standard","meta":{"_monsterinsights_skip_tracking":false,"_monsterinsights_sitenote_active":false,"_monsterinsights_sitenote_note":"","_monsterinsights_sitenote_category":0,"footnotes":""},"categories":[1],"tags":[],"class_list":["post-2278","post","type-post","status-publish","format-standard","hentry","category-aktuellt"],"_links":{"self":[{"href":"http:\/\/sundalsryr.se\/index.php?rest_route=\/wp\/v2\/posts\/2278"}],"collection":[{"href":"http:\/\/sundalsryr.se\/index.php?rest_route=\/wp\/v2\/posts"}],"about":[{"href":"http:\/\/sundalsryr.se\/index.php?rest_route=\/wp\/v2\/types\/post"}],"author":[{"embeddable":true,"href":"http:\/\/sundalsryr.se\/index.php?rest_route=\/wp\/v2\/users\/3"}],"replies":[{"embeddable":true,"href":"http:\/\/sundalsryr.se\/index.php?rest_route=%2Fwp%2Fv2%2Fcomments&post=2278"}],"version-history":[{"count":7,"href":"http:\/\/sundalsryr.se\/index.php?rest_route=\/wp\/v2\/posts\/2278\/revisions"}],"predecessor-version":[{"id":2286,"href":"http:\/\/sundalsryr.se\/index.php?rest_route=\/wp\/v2\/posts\/2278\/revisions\/2286"}],"wp:attachment":[{"href":"http:\/\/sundalsryr.se\/index.php?rest_route=%2Fwp%2Fv2%2Fmedia&parent=2278"}],"wp:term":[{"taxonomy":"category","embeddable":true,"href":"http:\/\/sundalsryr.se\/index.php?rest_route=%2Fwp%2Fv2%2Fcategories&post=2278"},{"taxonomy":"post_tag","embeddable":true,"href":"http:\/\/sundalsryr.se\/index.php?rest_route=%2Fwp%2Fv2%2Ftags&post=2278"}],"curies":[{"name":"wp","href":"https:\/\/api.w.org\/{rel}","templated":true}]}}