{"id":2307,"date":"2014-04-13T17:46:17","date_gmt":"2014-04-13T17:46:17","guid":{"rendered":"http:\/\/sundalsryr.se\/?p=2307"},"modified":"2017-05-02T19:34:51","modified_gmt":"2017-05-02T19:34:51","slug":"hallristningskvallen","status":"publish","type":"post","link":"http:\/\/sundalsryr.se\/?p=2307","title":{"rendered":"H\u00e4llristningskv\u00e4llen"},"content":{"rendered":"<p>N\u00e4stan 50 personer sl\u00f6t upp till f\u00f6rel\u00e4sningen med h\u00e4llristningsforskaren Jan Stillstr\u00f6m. Inte d\u00e5ligt med tanke p\u00e5 att det var en sent p\u00e5kommen aktivitet, som vi inte hann f\u00e5 med i v\u00e5rens byablad. <a href=\"http:\/\/sundalsryr.se\/wp-content\/uploads\/2014\/04\/IMG_0404.jpg\"><img loading=\"lazy\" decoding=\"async\" class=\"alignright size-large wp-image-2306\" title=\"IMG_0404\" src=\"http:\/\/sundalsryr.se\/wp-content\/uploads\/2014\/04\/IMG_0404-1024x768.jpg\" alt=\"\" width=\"368\" height=\"277\" srcset=\"http:\/\/sundalsryr.se\/wp-content\/uploads\/2014\/04\/IMG_0404-1024x768.jpg 1024w, http:\/\/sundalsryr.se\/wp-content\/uploads\/2014\/04\/IMG_0404-300x225.jpg 300w\" sizes=\"(max-width: 368px) 100vw, 368px\" \/><\/a><\/p>\n<p>Jan kommer fr\u00e5n Uppsala och har arbetat som l\u00e4kare i hela sitt liv, parallellt har han haft ett brinnande interesse f\u00f6r historia, framf\u00f6r allt f\u00f6r h\u00e4llristningar och h\u00e4llm\u00e5lningar. Efter sin pensionering har han \u00e4gnat all tid \u00e5t forskning inom sitt intresseomr\u00e5de. Han tog sj\u00e4lv kontakt med byalaget och ber\u00e4ttade att han ville komma hit och titta mer ing\u00e5ende p\u00e5 ristningarna i Evenstorp. I samband med det bes\u00f6ket passade det ju utm\u00e4rkt att ordna en kv\u00e4ll om h\u00e4llristningarna i f\u00f6rsamlingshemmet.<\/p>\n<p>Att \u00e5terber\u00e4tta allt skulle bli f\u00f6r l\u00e5ngt. Men tolkningen av v\u00e5r k\u00e4re adorant, som syns i mitten av ristningen, m\u00e5ste vi s\u00e5klart \u00e5terge. Adorant betyder tillbedjare och Jan menar att han <span style=\"text-decoration: underline;\">inte <\/span>ska paras ihop med benen som finns j\u00e4mte honom, som vi har gjort p\u00e5 byalagets logga. Han \u00e4r en solgud och h\u00e4r som p\u00e5 andra h\u00e4llristningar har han l\u00e4ngre h\u00f6gerarm \u00e4n v\u00e4nsterarm! P\u00e5 h\u00f6ger hand har han fem fingrar och p\u00e5 v\u00e4nster fyra. Precis som p\u00e5 h\u00e4llristningarna i Enk\u00f6ping och p\u00e5 andra platser!<\/p>\n<p><a href=\"http:\/\/sundalsryr.se\/wp-content\/uploads\/2014\/04\/Evenstorps-Hallristning_1-1.jpg\"><img loading=\"lazy\" decoding=\"async\" class=\"alignleft size-full wp-image-2308\" title=\"Evenstorps-Hallristning_1 (1)\" src=\"http:\/\/sundalsryr.se\/wp-content\/uploads\/2014\/04\/Evenstorps-Hallristning_1-1.jpg\" alt=\"\" width=\"384\" height=\"241\" srcset=\"http:\/\/sundalsryr.se\/wp-content\/uploads\/2014\/04\/Evenstorps-Hallristning_1-1.jpg 640w, http:\/\/sundalsryr.se\/wp-content\/uploads\/2014\/04\/Evenstorps-Hallristning_1-1-300x188.jpg 300w\" sizes=\"(max-width: 384px) 100vw, 384px\" \/><\/a><\/p>\n<p>Raden med ben tros symbolisera d\u00f6da m\u00e4nniskor p\u00e5 v\u00e4g mot \u00a0d\u00f6dsriket, som ligger i sydv\u00e4st, och det \u00e4r ingen slump att man l\u00e4ngre \u00a0bort i den riktningen finner h\u00e4llkistorna i H\u00e4gnan. \u00c4r adoranten p\u00e5 \u00a0v\u00e4g att f\u00f6lja de d\u00f6da till d\u00f6dsriket? Och hur kommer det sig att han \u00e4r \u00a0avbildad p\u00e5 samma s\u00e4tt p\u00e5 helt olika platser i landet, detta var ju \u00a0l\u00e5ngt, l\u00e5ngt innan man skickade ett brev, kollade in det senaste p\u00e5 tv \u00a0eller gjorde en weekendresa till Enk\u00f6ping.<\/p>\n<p>En annan intressant del av ristningen \u00e4r den stora figuren i mitten, \u00a0som Jan menar f\u00f6rest\u00e4ller en svan, med l\u00e5nga ben och l\u00e5ng hals. N\u00e4r \u00a0himmelsguden kommer till jorden f\u00f6r att befrukta och ge liv \u00e5t den, \u00a0g\u00f6r han det i form av en svan. P\u00e5 stj\u00e4rnhimlen motsvaras den av stj\u00e4rnbilden \u201dsvanen\u201d p\u00e5 norra korsets stj\u00e4rnkonfiguration. \u00a0En stj\u00e4rnbild som i slutet av december, just n\u00e4r natten \u00e4r som l\u00e4ngst, ser ut att n\u00e4rma sig jorden som en dykande svan. Kanske \u00e4r det \u201dsvanen\u201d som kommer till jorden med nytt liv och ljus? P\u00e5 ristningen har den en m\u00e4nniskoliknande arm som avslutas med en sk\u00e5lgrop som liknar en knuten hand.<\/p>\n<p>Den vanligaste tolkningen av en sk\u00e5lgrop \u00e4r att de spelat en viktig roll inom fruktbarhetskulturens yttringar f\u00f6r god sk\u00f6rd. En hypotes \u00e4r att man rituellt malde s\u00e4d eller offrade i dem f\u00f6r att f\u00e5 god sk\u00f6rd. \u00c4nnu mer sp\u00e4nnande blir det f\u00f6rst\u00e5s n\u00e4r man ser att raden med ben, som Jan menar symboliserar d\u00f6da m\u00e4nniskor, och som aduranten f\u00f6ljer mot d\u00f6dsriket \u00e4r p\u00e5 v\u00e4g rakt mot sk\u00e5lgropen. Kanske \u00e4r det till och med s\u00e5 att de ska offras\u2026 <a href=\"http:\/\/sundalsryr.se\/wp-content\/uploads\/2014\/04\/sundalsryr1.png\"><img loading=\"lazy\" decoding=\"async\" class=\"alignright size-thumbnail wp-image-2310\" title=\"sundalsryr\" src=\"http:\/\/sundalsryr.se\/wp-content\/uploads\/2014\/04\/sundalsryr1-150x150.png\" alt=\"\" width=\"150\" height=\"150\" \/><\/a><\/p>\n<p>Som med s\u00e5 mycket annat blir mystiken runt h\u00e4llristningarna och andra fornl\u00e4mningarna bara mer sp\u00e4nnande ju mer man h\u00f6r ber\u00e4ttat om dem. Fr\u00e5gorna blir fler \u00e4n svaren och n\u00e5got facit finns inte. Men vi hade en mycket trevlig kv\u00e4ll och v\u00e5r logga f\u00e5r \u00e4ven i forts\u00e4ttningen se ut som en skrattande liten avhuggen gubbe.<\/p>\n","protected":false},"excerpt":{"rendered":"<p>N\u00e4stan 50 personer sl\u00f6t upp till f\u00f6rel\u00e4sningen med h\u00e4llristningsforskaren Jan Stillstr\u00f6m. Inte d\u00e5ligt med tanke p\u00e5 att det var en sent p\u00e5kommen aktivitet, som vi inte hann f\u00e5 med i v\u00e5rens byablad. Jan kommer fr\u00e5n Uppsala och har arbetat som l\u00e4kare i hela sitt liv, parallellt har han haft ett brinnande interesse f\u00f6r historia, framf\u00f6r&#8230;<\/p>\n","protected":false},"author":3,"featured_media":0,"comment_status":"open","ping_status":"open","sticky":false,"template":"","format":"standard","meta":{"_monsterinsights_skip_tracking":false,"_monsterinsights_sitenote_active":false,"_monsterinsights_sitenote_note":"","_monsterinsights_sitenote_category":0,"footnotes":""},"categories":[1,13],"tags":[],"class_list":["post-2307","post","type-post","status-publish","format-standard","hentry","category-aktuellt","category-det-var-en-gang"],"_links":{"self":[{"href":"http:\/\/sundalsryr.se\/index.php?rest_route=\/wp\/v2\/posts\/2307"}],"collection":[{"href":"http:\/\/sundalsryr.se\/index.php?rest_route=\/wp\/v2\/posts"}],"about":[{"href":"http:\/\/sundalsryr.se\/index.php?rest_route=\/wp\/v2\/types\/post"}],"author":[{"embeddable":true,"href":"http:\/\/sundalsryr.se\/index.php?rest_route=\/wp\/v2\/users\/3"}],"replies":[{"embeddable":true,"href":"http:\/\/sundalsryr.se\/index.php?rest_route=%2Fwp%2Fv2%2Fcomments&post=2307"}],"version-history":[{"count":3,"href":"http:\/\/sundalsryr.se\/index.php?rest_route=\/wp\/v2\/posts\/2307\/revisions"}],"predecessor-version":[{"id":2312,"href":"http:\/\/sundalsryr.se\/index.php?rest_route=\/wp\/v2\/posts\/2307\/revisions\/2312"}],"wp:attachment":[{"href":"http:\/\/sundalsryr.se\/index.php?rest_route=%2Fwp%2Fv2%2Fmedia&parent=2307"}],"wp:term":[{"taxonomy":"category","embeddable":true,"href":"http:\/\/sundalsryr.se\/index.php?rest_route=%2Fwp%2Fv2%2Fcategories&post=2307"},{"taxonomy":"post_tag","embeddable":true,"href":"http:\/\/sundalsryr.se\/index.php?rest_route=%2Fwp%2Fv2%2Ftags&post=2307"}],"curies":[{"name":"wp","href":"https:\/\/api.w.org\/{rel}","templated":true}]}}