{"id":2386,"date":"2014-05-16T20:02:49","date_gmt":"2014-05-16T20:02:49","guid":{"rendered":"http:\/\/sundalsryr.se\/?p=2386"},"modified":"2014-05-16T20:19:43","modified_gmt":"2014-05-16T20:19:43","slug":"foretagare-i-sundals-ryr","status":"publish","type":"post","link":"http:\/\/sundalsryr.se\/?p=2386","title":{"rendered":"F\u00f6retagare i Sundals ryr"},"content":{"rendered":"<p>S\u00e5 var det dags att presentera den 7e f\u00f6retagaren i v\u00e5r serie om f\u00f6retagare i Sundals ryr.<\/p>\n<p><strong>Kl\u00f6vv\u00e5rdare Tomas Berg<\/strong>, boende i B\u00f6n, sk\u00f6ter om f\u00f6tterna p\u00e5 kor i hela v\u00e4stra Sverige. I ett omr\u00e5de \u00e4nda fr\u00e5n Hallands\u00e5sen till Karlstad \u00e5ker han med sin verkstol och hj\u00e4lper lantbrukare att g\u00f6ra kossornas kl\u00f6var fina. Jag fick komma och h\u00e4lsa p\u00e5 och se honom \u201din action\u201d p\u00e5 g\u00e5rden Slobacka \u00f6ster om Br\u00e5landa.<\/p>\n<figure id=\"attachment_2387\" aria-describedby=\"caption-attachment-2387\" style=\"width: 461px\" class=\"wp-caption alignright\"><a href=\"http:\/\/sundalsryr.se\/wp-content\/uploads\/2014\/05\/IMG_0578.jpg\"><img loading=\"lazy\" decoding=\"async\" class=\"size-large wp-image-2387 \" title=\"IMG_0578\" src=\"http:\/\/sundalsryr.se\/wp-content\/uploads\/2014\/05\/IMG_0578-768x1024.jpg\" alt=\"\" width=\"461\" height=\"614\" srcset=\"http:\/\/sundalsryr.se\/wp-content\/uploads\/2014\/05\/IMG_0578-768x1024.jpg 768w, http:\/\/sundalsryr.se\/wp-content\/uploads\/2014\/05\/IMG_0578-225x300.jpg 225w\" sizes=\"(max-width: 461px) 100vw, 461px\" \/><\/a><figcaption id=\"caption-attachment-2387\" class=\"wp-caption-text\">Nyfiken liten kossa kollar in vad som h\u00e4nder<\/figcaption><\/figure>\n<p>Lugnt, sansat och utan stress passerar ko efter ko verkstolen. N\u00e4r hon g\u00e5tt in f\u00e5r hon ett par breda band under magen och hissas upp en liten bit fr\u00e5n golvet, dessutom hissas hela verkstolen upp f\u00f6r att komma i r\u00e4tt arbetsh\u00f6jd. Ben efter ben dras upp och kl\u00f6v efter kl\u00f6v f\u00e5r sin pedikyr. V\u00e4nster fram, h\u00f6ger bak, h\u00f6ger fram, v\u00e4nster bak, lugnt och metodiskt. Alla lyft sker helt hydrauliskt i den moderna verkstolen och en medhj\u00e4lpare hj\u00e4lper till att fixera kl\u00f6varna i r\u00e4tt l\u00e4ge.<\/p>\n<figure id=\"attachment_2388\" aria-describedby=\"caption-attachment-2388\" style=\"width: 180px\" class=\"wp-caption alignleft\"><a href=\"http:\/\/sundalsryr.se\/wp-content\/uploads\/2014\/05\/IMG_0574.jpg\"><img loading=\"lazy\" decoding=\"async\" class=\"size-medium wp-image-2388 \" title=\"IMG_0574\" src=\"http:\/\/sundalsryr.se\/wp-content\/uploads\/2014\/05\/IMG_0574-300x225.jpg\" alt=\"\" width=\"180\" height=\"135\" srcset=\"http:\/\/sundalsryr.se\/wp-content\/uploads\/2014\/05\/IMG_0574-300x225.jpg 300w, http:\/\/sundalsryr.se\/wp-content\/uploads\/2014\/05\/IMG_0574-1024x768.jpg 1024w\" sizes=\"(max-width: 180px) 100vw, 180px\" \/><\/a><figcaption id=\"caption-attachment-2388\" class=\"wp-caption-text\">En bakkl\u00f6v verkas<\/figcaption><\/figure>\n<p>Men en kl\u00f6vfr\u00e4s, som liknar en rondell, fr\u00e4ser Tomas av lagom mycket p\u00e5 kl\u00f6ven och formar till den s\u00e5 den blir j\u00e4mn och fin. Stora sp\u00e5n av hornmaterial flyger genom luften, m\u00e5nga \u00e5rs erfarenhet g\u00f6r att det ser l\u00e4tt ut. Han vet exakt hur mycket han ska ta och hur han ska vinkla fr\u00e4sen f\u00f6r att f\u00e5 till den r\u00e4tta formen. N\u00e5gra drag p\u00e5 undersidan av kl\u00f6ven, runda av utsidan, j\u00e4mna till mellan kl\u00f6varna och runda till t\u00e5n, klart. Ungef\u00e4r 20 kor\/ timme hinns med om allt flyter p\u00e5 bra.<\/p>\n<figure id=\"attachment_2389\" aria-describedby=\"caption-attachment-2389\" style=\"width: 300px\" class=\"wp-caption alignleft\"><a href=\"http:\/\/sundalsryr.se\/wp-content\/uploads\/2014\/05\/IMG_0575.jpg\"><img loading=\"lazy\" decoding=\"async\" class=\"size-medium wp-image-2389\" title=\"IMG_0575\" src=\"http:\/\/sundalsryr.se\/wp-content\/uploads\/2014\/05\/IMG_0575-300x225.jpg\" alt=\"\" width=\"300\" height=\"225\" srcset=\"http:\/\/sundalsryr.se\/wp-content\/uploads\/2014\/05\/IMG_0575-300x225.jpg 300w, http:\/\/sundalsryr.se\/wp-content\/uploads\/2014\/05\/IMG_0575-1024x768.jpg 1024w\" sizes=\"(max-width: 300px) 100vw, 300px\" \/><\/a><figcaption id=\"caption-attachment-2389\" class=\"wp-caption-text\">Assistent f\u00f6r dagen Sven-Erik Nyman, hj\u00e4lper till att f\u00f6sa in n\u00e4sta ko<\/figcaption><\/figure>\n<p>I 11 \u00e5r har Tomas verkat kor, de flesta mj\u00f6lkko-bes\u00e4ttningar vill att han kommer tv\u00e5-tre g\u00e5nger om \u00e5ret. K\u00f6ttraskor verkar man oftast inte lika ofta, men beh\u00f6vs det sk\u00f6ter han \u00e4ven om dem.<\/p>\n<p>Kl\u00f6vv\u00e5rdare \u00e4r kanske inte v\u00e4rldens vanligaste yrke, men ack s\u00e5 viktigt f\u00f6r husdjurens v\u00e4lbefinnande och visst \u00e4r det trevligt med en f\u00f6retagare i bygden som till fullo beh\u00e4rskar denna konst.<\/p>\n<p>\/Susanne Borss\u00e9n<\/p>\n","protected":false},"excerpt":{"rendered":"<p>S\u00e5 var det dags att presentera den 7e f\u00f6retagaren i v\u00e5r serie om f\u00f6retagare i Sundals ryr. Kl\u00f6vv\u00e5rdare Tomas Berg, boende i B\u00f6n, sk\u00f6ter om f\u00f6tterna p\u00e5 kor i hela v\u00e4stra Sverige. I ett omr\u00e5de \u00e4nda fr\u00e5n Hallands\u00e5sen till Karlstad \u00e5ker han med sin verkstol och hj\u00e4lper lantbrukare att g\u00f6ra kossornas kl\u00f6var fina. Jag fick&#8230;<\/p>\n","protected":false},"author":3,"featured_media":0,"comment_status":"open","ping_status":"open","sticky":false,"template":"","format":"standard","meta":{"_monsterinsights_skip_tracking":false,"_monsterinsights_sitenote_active":false,"_monsterinsights_sitenote_note":"","_monsterinsights_sitenote_category":0,"footnotes":""},"categories":[1,12],"tags":[],"class_list":["post-2386","post","type-post","status-publish","format-standard","hentry","category-aktuellt","category-foretag-i-sundals-ryr"],"_links":{"self":[{"href":"http:\/\/sundalsryr.se\/index.php?rest_route=\/wp\/v2\/posts\/2386"}],"collection":[{"href":"http:\/\/sundalsryr.se\/index.php?rest_route=\/wp\/v2\/posts"}],"about":[{"href":"http:\/\/sundalsryr.se\/index.php?rest_route=\/wp\/v2\/types\/post"}],"author":[{"embeddable":true,"href":"http:\/\/sundalsryr.se\/index.php?rest_route=\/wp\/v2\/users\/3"}],"replies":[{"embeddable":true,"href":"http:\/\/sundalsryr.se\/index.php?rest_route=%2Fwp%2Fv2%2Fcomments&post=2386"}],"version-history":[{"count":6,"href":"http:\/\/sundalsryr.se\/index.php?rest_route=\/wp\/v2\/posts\/2386\/revisions"}],"predecessor-version":[{"id":2399,"href":"http:\/\/sundalsryr.se\/index.php?rest_route=\/wp\/v2\/posts\/2386\/revisions\/2399"}],"wp:attachment":[{"href":"http:\/\/sundalsryr.se\/index.php?rest_route=%2Fwp%2Fv2%2Fmedia&parent=2386"}],"wp:term":[{"taxonomy":"category","embeddable":true,"href":"http:\/\/sundalsryr.se\/index.php?rest_route=%2Fwp%2Fv2%2Fcategories&post=2386"},{"taxonomy":"post_tag","embeddable":true,"href":"http:\/\/sundalsryr.se\/index.php?rest_route=%2Fwp%2Fv2%2Ftags&post=2386"}],"curies":[{"name":"wp","href":"https:\/\/api.w.org\/{rel}","templated":true}]}}