{"id":2408,"date":"2014-05-26T20:37:04","date_gmt":"2014-05-26T20:37:04","guid":{"rendered":"http:\/\/sundalsryr.se\/?p=2408"},"modified":"2014-05-26T20:38:41","modified_gmt":"2014-05-26T20:38:41","slug":"konstvandring-i-dalsland","status":"publish","type":"post","link":"http:\/\/sundalsryr.se\/?p=2408","title":{"rendered":"Konstvandring i Dalsland"},"content":{"rendered":"<p><a href=\"http:\/\/sundalsryr.se\/wp-content\/uploads\/2014\/05\/KVID-LOGO.jpg\"><img loading=\"lazy\" decoding=\"async\" class=\"alignleft size-medium wp-image-2409\" title=\"KVID-LOGO\" src=\"http:\/\/sundalsryr.se\/wp-content\/uploads\/2014\/05\/KVID-LOGO-300x265.jpg\" alt=\"\" width=\"300\" height=\"265\" srcset=\"http:\/\/sundalsryr.se\/wp-content\/uploads\/2014\/05\/KVID-LOGO-300x265.jpg 300w, http:\/\/sundalsryr.se\/wp-content\/uploads\/2014\/05\/KVID-LOGO-1024x904.jpg 1024w\" sizes=\"(max-width: 300px) 100vw, 300px\" \/><\/a><\/p>\n<p>Den 29 maj \u2013 1 juni \u00e4r det konstvandring i Dalsland. 50 Konstn\u00e4rer och konsthantverkare \u00f6ppnar sina atelj\u00e9er \u00a0 \u00a0 och bjuder in allm\u00e4nheten. Gl\u00e4djande kan vi kostatera att en av dessa finns i Sundals ryr.<\/p>\n<p>Smyckeskonstn\u00e4r Helle Rasmussen-Theliander i \u00c5rbol visar sin fullt utrustade silversmides och \u00a0 \u00a0 \u00a0gjuteriverkstad, d\u00e4r hon tillverkar naturinspirerade smycken. Kolla g\u00e4rna in hemsidan www.wurma.nu<\/p>\n<p>\u00d6ppettider Torsdag 12-18, \u00a0fredag \u2013s\u00f6ndag \u00a011-18.<\/p>\n<p><a href=\"http:\/\/sundalsryr.se\/wp-content\/uploads\/2014\/05\/smycke.jpg\"><img loading=\"lazy\" decoding=\"async\" class=\"alignright size-medium wp-image-2410\" title=\"smycke\" src=\"http:\/\/sundalsryr.se\/wp-content\/uploads\/2014\/05\/smycke-300x300.jpg\" alt=\"\" width=\"300\" height=\"300\" srcset=\"http:\/\/sundalsryr.se\/wp-content\/uploads\/2014\/05\/smycke-300x300.jpg 300w, http:\/\/sundalsryr.se\/wp-content\/uploads\/2014\/05\/smycke-150x150.jpg 150w, http:\/\/sundalsryr.se\/wp-content\/uploads\/2014\/05\/smycke.jpg 450w\" sizes=\"(max-width: 300px) 100vw, 300px\" \/><\/a><\/p>\n<p>Under konstvandringsdagarna har ocks\u00e5 ett flertal mathantverkare\/caf\u00e9er runt om i landskapet \u00f6ppet, d\u00e4r ibland Evenstorps g\u00e5rd som har \u00f6ppet 11-18 torsdag-s\u00f6ndag.<\/p>\n<p>\/Susanne Borss\u00e9n<\/p>\n","protected":false},"excerpt":{"rendered":"<p>Den 29 maj \u2013 1 juni \u00e4r det konstvandring i Dalsland. 50 Konstn\u00e4rer och konsthantverkare \u00f6ppnar sina atelj\u00e9er \u00a0 \u00a0 och bjuder in allm\u00e4nheten. Gl\u00e4djande kan vi kostatera att en av dessa finns i Sundals ryr. Smyckeskonstn\u00e4r Helle Rasmussen-Theliander i \u00c5rbol visar sin fullt utrustade silversmides och \u00a0 \u00a0 \u00a0gjuteriverkstad, d\u00e4r hon tillverkar naturinspirerade smycken&#8230;.<\/p>\n","protected":false},"author":3,"featured_media":0,"comment_status":"open","ping_status":"open","sticky":false,"template":"","format":"standard","meta":{"_monsterinsights_skip_tracking":false,"_monsterinsights_sitenote_active":false,"_monsterinsights_sitenote_note":"","_monsterinsights_sitenote_category":0,"footnotes":""},"categories":[1],"tags":[],"class_list":["post-2408","post","type-post","status-publish","format-standard","hentry","category-aktuellt"],"_links":{"self":[{"href":"http:\/\/sundalsryr.se\/index.php?rest_route=\/wp\/v2\/posts\/2408"}],"collection":[{"href":"http:\/\/sundalsryr.se\/index.php?rest_route=\/wp\/v2\/posts"}],"about":[{"href":"http:\/\/sundalsryr.se\/index.php?rest_route=\/wp\/v2\/types\/post"}],"author":[{"embeddable":true,"href":"http:\/\/sundalsryr.se\/index.php?rest_route=\/wp\/v2\/users\/3"}],"replies":[{"embeddable":true,"href":"http:\/\/sundalsryr.se\/index.php?rest_route=%2Fwp%2Fv2%2Fcomments&post=2408"}],"version-history":[{"count":3,"href":"http:\/\/sundalsryr.se\/index.php?rest_route=\/wp\/v2\/posts\/2408\/revisions"}],"predecessor-version":[{"id":2412,"href":"http:\/\/sundalsryr.se\/index.php?rest_route=\/wp\/v2\/posts\/2408\/revisions\/2412"}],"wp:attachment":[{"href":"http:\/\/sundalsryr.se\/index.php?rest_route=%2Fwp%2Fv2%2Fmedia&parent=2408"}],"wp:term":[{"taxonomy":"category","embeddable":true,"href":"http:\/\/sundalsryr.se\/index.php?rest_route=%2Fwp%2Fv2%2Fcategories&post=2408"},{"taxonomy":"post_tag","embeddable":true,"href":"http:\/\/sundalsryr.se\/index.php?rest_route=%2Fwp%2Fv2%2Ftags&post=2408"}],"curies":[{"name":"wp","href":"https:\/\/api.w.org\/{rel}","templated":true}]}}