{"id":2435,"date":"2014-07-12T19:19:03","date_gmt":"2014-07-12T19:19:03","guid":{"rendered":"http:\/\/sundalsryr.se\/?p=2435"},"modified":"2014-07-12T19:21:29","modified_gmt":"2014-07-12T19:21:29","slug":"juli","status":"publish","type":"post","link":"http:\/\/sundalsryr.se\/?p=2435","title":{"rendered":"Juli"},"content":{"rendered":"<p>H\u00e4ngmattans tid. En m\u00e5nad d\u00e5 allt tappar fart. Ett avbrott i vardagen. Sverige st\u00e4nger ner, tar semester och \u00e5terkommer i augusti.<\/p>\n<p>Sola och bada, l\u00e4sa b\u00f6cker, renovera huset, umg\u00e5s med v\u00e4nner, resa b\u00e5de till n\u00e4r och fj\u00e4rran. \u00a0Kanske jagar vi upplevelser l\u00e5ngt borta<\/p>\n<figure id=\"attachment_2440\" aria-describedby=\"caption-attachment-2440\" style=\"width: 300px\" class=\"wp-caption alignright\"><a href=\"http:\/\/sundalsryr.se\/wp-content\/uploads\/2014\/07\/014.jpg\"><img loading=\"lazy\" decoding=\"async\" class=\"size-medium wp-image-2440\" title=\"014\" src=\"http:\/\/sundalsryr.se\/wp-content\/uploads\/2014\/07\/014-300x150.jpg\" alt=\"\" width=\"300\" height=\"150\" srcset=\"http:\/\/sundalsryr.se\/wp-content\/uploads\/2014\/07\/014-300x150.jpg 300w, http:\/\/sundalsryr.se\/wp-content\/uploads\/2014\/07\/014.jpg 640w\" sizes=\"(max-width: 300px) 100vw, 300px\" \/><\/a><figcaption id=\"caption-attachment-2440\" class=\"wp-caption-text\"> <\/figcaption><\/figure>\n<p>och gl\u00f6mmer det som finns n\u00e4ra.<\/p>\n<p>Kan en safari i Afrika vara mer v\u00e4rd, \u00e4n att spana efter \u00e4lg i skogskanten, just n\u00e4r en vacker kv\u00e4ll \u00f6verg\u00e5r i en ljus nordisk natt. Ska man f\u00f6rs\u00f6ka se en antilop p\u00e5 savannen, innan man en stilla morgon suttit tyst vid en tj\u00e4rn p\u00e5 Kroppefj\u00e4ll och sett en b\u00e4ver sakta glida fram genom vattnet. Kan palats och ruiner p\u00e5 andra sidan jorden vara angel\u00e4gnare att utforska, \u00e4n v\u00e5ra egna h\u00e4llristningar.<\/p>\n<p>\u00c4r det viktigt att se kyrkor i Italien, om man inte sett takm\u00e5lningarna i gamla kyrkan. Och smakar verkligen fikat b\u00e4ttre p\u00e5 en uteservering i Indien \u00e4n p\u00e5 ett caf\u00e9 i Sunddals ryr. Visst finns det m\u00e4rkv\u00e4rdiga saker att se runt om i v\u00e4rlden, men det finns det h\u00e4r ocks\u00e5. Det som \u00e4r exotiskt f\u00f6r n\u00e5gon \u00e4r vardag f\u00f6r en annan.<\/p>\n<p>Juli, tid f\u00f6r \u00e5terh\u00e4mtning. Tid att g\u00e5 ur den fyrkantiga vardagen. L\u00e4mna de fyrkantiga datorerna och strunta i de fyrkantiga telefonerna. Vi \u00e4r gjorda f\u00f6r n\u00e5got annat. \u00a0Tankar som annars studsar mellan asfalt, datorsk\u00e4rmar, byggnader och bilar, beh\u00f6ver vila. \u00d6gon som annars alltid fastnar p\u00e5 n\u00e5got n\u00e4ra, beh\u00f6ver se horisonten.<\/p>\n<p>Blicken m\u00e5ste f\u00e5 st\u00e4cka ut mot fj\u00e4rran, tankarna vandra i obrutna slingor genom skog och \u00f6ver fj\u00e4ll.\u00a0 Lungorna l\u00e4ngtar efter fyllas av luft som f\u00e4rdats l\u00e5ng v\u00e4g. En g\u00e5ng har vi varit en del av naturen, vi har levt n\u00e4ra det levande. N\u00e4ra det vilda och det vackra.<\/p>\n<p>I en vardag med f\u00f6r m\u00e5nga d\u00f6da ting, inst\u00e4ngda i klaustrofobiskt sm\u00e5 utrymmen. I krampaktigt f\u00f6rs\u00f6k att h\u00e5lla koll p\u00e5 alla sociala medier. Vem har gjort vad, och var och varf\u00f6r. Vem har flest likes? Tusen och \u00e5ter tusen intryck p\u00e5 mycket kort tid. Resor kors och tv\u00e4rs, s\u00e5 snabbt att sj\u00e4len inte hinner med. Aldrig t\u00e4nka en tanke till slutet. Alltid bli avbruten. Kanske kan man \u00f6verleva. Men \u00e4r det att leva?<\/p>\n<p>Djupt d\u00e4r inne finns ett minne som inte gl\u00f6mt, ett som l\u00e4ngtar, som vill att vi \u00f6ppnar d\u00f6rren och kliver ut ur det fyrkantiga. Ut till det som str\u00e4cker sig mot horisonten, d\u00e4r v\u00e4ggar inte begr\u00e4nsar. D\u00e4r vinden rufsar i h\u00e5ret och solen v\u00e4rmer kinden. D\u00e4r \u00f6gonen kan vila l\u00e5ngt borta och tankar f\u00e4rdas fritt, l\u00e4nge&#8230;\u00a0 l\u00e4nge.\u00a0 Ett litet minne fr\u00e5n f\u00f6rr vill att vi stannar upp, lyssnar och luktar. V\u00e5gor mot strand, vindens sus, f\u00e5gelkvitter och doft av varma barrtr\u00e4d. Kroppen blir l\u00e4tt, sp\u00e4nda axlar s\u00e4nks. Andetagen saktar ner. Sj\u00e4len kommer ikapp. Hela kroppen finns p\u00e5 samma plats.\u00a0 Vi \u00e4r h\u00e4r och nu.<\/p>\n<p>Juli, tid f\u00f6r \u00e5terh\u00e4mtning.<\/p>\n<p>\/Susanne Borss\u00e9n<\/p>\n","protected":false},"excerpt":{"rendered":"<p>H\u00e4ngmattans tid. En m\u00e5nad d\u00e5 allt tappar fart. Ett avbrott i vardagen. Sverige st\u00e4nger ner, tar semester och \u00e5terkommer i augusti. Sola och bada, l\u00e4sa b\u00f6cker, renovera huset, umg\u00e5s med v\u00e4nner, resa b\u00e5de till n\u00e4r och fj\u00e4rran. \u00a0Kanske jagar vi upplevelser l\u00e5ngt borta och gl\u00f6mmer det som finns n\u00e4ra. Kan en safari i Afrika vara&#8230;<\/p>\n","protected":false},"author":3,"featured_media":0,"comment_status":"open","ping_status":"open","sticky":false,"template":"","format":"standard","meta":{"_monsterinsights_skip_tracking":false,"_monsterinsights_sitenote_active":false,"_monsterinsights_sitenote_note":"","_monsterinsights_sitenote_category":0,"footnotes":""},"categories":[1],"tags":[],"class_list":["post-2435","post","type-post","status-publish","format-standard","hentry","category-aktuellt"],"_links":{"self":[{"href":"http:\/\/sundalsryr.se\/index.php?rest_route=\/wp\/v2\/posts\/2435"}],"collection":[{"href":"http:\/\/sundalsryr.se\/index.php?rest_route=\/wp\/v2\/posts"}],"about":[{"href":"http:\/\/sundalsryr.se\/index.php?rest_route=\/wp\/v2\/types\/post"}],"author":[{"embeddable":true,"href":"http:\/\/sundalsryr.se\/index.php?rest_route=\/wp\/v2\/users\/3"}],"replies":[{"embeddable":true,"href":"http:\/\/sundalsryr.se\/index.php?rest_route=%2Fwp%2Fv2%2Fcomments&post=2435"}],"version-history":[{"count":4,"href":"http:\/\/sundalsryr.se\/index.php?rest_route=\/wp\/v2\/posts\/2435\/revisions"}],"predecessor-version":[{"id":2444,"href":"http:\/\/sundalsryr.se\/index.php?rest_route=\/wp\/v2\/posts\/2435\/revisions\/2444"}],"wp:attachment":[{"href":"http:\/\/sundalsryr.se\/index.php?rest_route=%2Fwp%2Fv2%2Fmedia&parent=2435"}],"wp:term":[{"taxonomy":"category","embeddable":true,"href":"http:\/\/sundalsryr.se\/index.php?rest_route=%2Fwp%2Fv2%2Fcategories&post=2435"},{"taxonomy":"post_tag","embeddable":true,"href":"http:\/\/sundalsryr.se\/index.php?rest_route=%2Fwp%2Fv2%2Ftags&post=2435"}],"curies":[{"name":"wp","href":"https:\/\/api.w.org\/{rel}","templated":true}]}}