{"id":2445,"date":"2014-07-16T18:25:04","date_gmt":"2014-07-16T18:25:04","guid":{"rendered":"http:\/\/sundalsryr.se\/?p=2445"},"modified":"2014-07-18T15:43:27","modified_gmt":"2014-07-18T15:43:27","slug":"motorsagskurs-holls-i-sundals-ry","status":"publish","type":"post","link":"http:\/\/sundalsryr.se\/?p=2445","title":{"rendered":"Motors\u00e5gskurs h\u00f6lls i Sundals Ryr"},"content":{"rendered":"<p><a href=\"http:\/\/sundalsryr.se\/wp-content\/uploads\/2014\/07\/Motors\u00e5gskurs-bild-3.jpg\"><img loading=\"lazy\" decoding=\"async\" class=\"aligncenter size-full wp-image-2446\" title=\"Motors\u00e5gskurs bild 3\" src=\"http:\/\/sundalsryr.se\/wp-content\/uploads\/2014\/07\/Motors\u00e5gskurs-bild-3.jpg\" alt=\"\" width=\"640\" height=\"480\" srcset=\"http:\/\/sundalsryr.se\/wp-content\/uploads\/2014\/07\/Motors\u00e5gskurs-bild-3.jpg 640w, http:\/\/sundalsryr.se\/wp-content\/uploads\/2014\/07\/Motors\u00e5gskurs-bild-3-300x225.jpg 300w\" sizes=\"(max-width: 640px) 100vw, 640px\" \/><\/a><\/p>\n<p>Sedan 2005 har det funnits m\u00f6jlighet att ta motors\u00e5gsk\u00f6rkort men 1 december 2012 blev det lag p\u00e5 att ha k\u00f6rkort om man s\u00e5gar p\u00e5 annans mark eller egen mark tillsammans med annan. Ett s\u00e5dant h\u00e4r nytt lagkrav kan ju st\u00e4lla till det f\u00f6r skogs\u00e4gare som kanske till och med har varit det i flera generationer. Far och son har f\u00f6ljts \u00e5t i skogen, och pl\u00f6tsligt blev det de gjort olagligt f\u00f6rsta december 2012.<\/p>\n<p>F\u00f6r att g\u00f6ra det lagligt kr\u00e4vs allts\u00e5 ett motors\u00e5gsk\u00f6rkort med ganska m\u00e5nga kurstimmar och tillh\u00f6rande kostnad. Tack vare byalagets insats fick man m\u00f6jlighet att g\u00e5 denna kurs till reducerat pris. &#8211; Det \u00e4r ju det ett byalag \u00e4r till f\u00f6r, att hj\u00e4lpa inv\u00e5narna i byn, s\u00e4ger Lars Hoffmann, en av kursdeltagarna och skogs\u00e4gare i bygden. Han och sonen Oskar beh\u00f6ver varsitt motors\u00e5gsk\u00f6rkort f\u00f6r att kunna sk\u00f6ta sin skog. Kursen kan\u00a0 k\u00e4nnas lite v\u00e4l omfattande och dyr f\u00f6r ett s\u00e5 enkelt verktyg menar Lars Hoffmann, men s\u00e4ger ocks\u00e5 att man f\u00e5r vara lite \u00f6dmjuk. &#8211; Jag l\u00e4rde mig till exempel idag att man kan ta is\u00e4r motors\u00e5gen mer \u00e4n jag visste innan, ber\u00e4ttar Lars Hoffmann.<\/p>\n<p>Lagen tillkom f\u00f6r att det skedde s\u00e5 m\u00e5nga olyckor i skogarna och S\u00e4ker skog, som tagit fram utbildningen, arbetar f\u00f6r att det sm\u00e5skaliga skogsbruket ska bli s\u00e4krare och l\u00f6nsammare. \u2013Man undrar ju hur man t\u00e4nkte i en del av dessa olyckor, ber\u00e4ttar Lars. Ibland \u00e4r det ren dumdristighet som lett till olyckan. Det finns ett tales\u00e4tt, ber\u00e4ttar Lars, som s\u00e4ger \u201dden siste idioten \u00e4r inte f\u00f6dd \u00e4n\u201d. S\u00e5 visst, man f\u00e5r allt ha en viss \u00f6dmjukhet till\u00e4gger han.<\/p>\n<p>I tisdags kv\u00e4ll 15\/7 var det full aktivitet hos Andreas Johansson p\u00e5 Br\u00e5landa Motors\u00e5gar. D\u00e4r hade 11 stycken Sundals Ryrsbor samlats f\u00f6r att l\u00e4ra sig s\u00e4kerhet kring motors\u00e5gen. De har anm\u00e4lt sig till en kurs som b\u00f6rjade 8\/7 och g\u00f6r nu ett sommaruppeh\u00e5ll efter bes\u00f6ket i Bollerud f\u00f6r att \u00e5terupptas i h\u00f6st igen med 4 tillf\u00e4llen till.<\/p>\n<p><a href=\"http:\/\/sundalsryr.se\/wp-content\/uploads\/2014\/07\/Motors\u00e5gskurs-bild-1.jpg\"><img loading=\"lazy\" decoding=\"async\" class=\"alignright size-medium wp-image-2447\" title=\"Motors\u00e5gskurs bild 1\" src=\"http:\/\/sundalsryr.se\/wp-content\/uploads\/2014\/07\/Motors\u00e5gskurs-bild-1-300x225.jpg\" alt=\"\" width=\"300\" height=\"225\" srcset=\"http:\/\/sundalsryr.se\/wp-content\/uploads\/2014\/07\/Motors\u00e5gskurs-bild-1-300x225.jpg 300w, http:\/\/sundalsryr.se\/wp-content\/uploads\/2014\/07\/Motors\u00e5gskurs-bild-1.jpg 640w\" sizes=\"(max-width: 300px) 100vw, 300px\" \/><\/a><\/p>\n<div><\/div>\n<p>L\u00e4raren Johan Larsson, fr\u00e5n Hush\u00e5llningss\u00e4llskapet, ber\u00e4ttar att kursen \u00e4r tr\u00e4df\u00e4llning grund A + B d\u00e4r A \u00e4r kapning och B \u00e4r tr\u00e4df\u00e4llning grund. De f\u00f6rsta tv\u00e5 tillf\u00e4llena innan sommaruppeh\u00e5llet, p\u00e5 2 x 3 timmar, \u00e4r teori om motors\u00e5gen. De fyra tillf\u00e4llena efter sommaruppeh\u00e5llet kommer man att g\u00e5 ut och s\u00e5ga. N\u00e4st sista tillf\u00e4llet \u00e4r man ute en heldag 9-15 och s\u00e5gar och sista tillf\u00e4llet genomf\u00f6r man ett prov \u201duppk\u00f6rning\u201d f\u00f6r motors\u00e5gsk\u00f6rkortet.<\/p>\n<div>\n<p>Klarar man inte \u201duppk\u00f6rningen\u201d f\u00e5r man tr\u00e4na lite till och g\u00f6ra en ny \u201duppk\u00f6rning\u201d s\u00e4ger Johan Larsson, instrukt\u00f6r sedan 2005 som f\u00f6rutom motors\u00e5gsk\u00f6rkort \u00e4ven har en pedagogisk utbildning. Bygdes\u00f6nerna \u00e4r s\u00e5ledes i s\u00e4kra h\u00e4nder under utbildningen. Vidare st\u00e5r det klart att deltagarna efter denna genomg\u00e5dda utbildning kommer att kunna hantera sina motors\u00e5gar med s\u00e4krare hand och mer kunskap \u00e4n innan och det k\u00e4nns tryggt.<\/p>\n<p>\/Marjukka Sagesj\u00f6<\/p>\n<\/div>\n","protected":false},"excerpt":{"rendered":"<p>Sedan 2005 har det funnits m\u00f6jlighet att ta motors\u00e5gsk\u00f6rkort men 1 december 2012 blev det lag p\u00e5 att ha k\u00f6rkort om man s\u00e5gar p\u00e5 annans mark eller egen mark tillsammans med annan. Ett s\u00e5dant h\u00e4r nytt lagkrav kan ju st\u00e4lla till det f\u00f6r skogs\u00e4gare som kanske till och med har varit det i flera generationer&#8230;.<\/p>\n","protected":false},"author":3,"featured_media":0,"comment_status":"open","ping_status":"open","sticky":false,"template":"","format":"standard","meta":{"_monsterinsights_skip_tracking":false,"_monsterinsights_sitenote_active":false,"_monsterinsights_sitenote_note":"","_monsterinsights_sitenote_category":0,"footnotes":""},"categories":[1],"tags":[],"class_list":["post-2445","post","type-post","status-publish","format-standard","hentry","category-aktuellt"],"_links":{"self":[{"href":"http:\/\/sundalsryr.se\/index.php?rest_route=\/wp\/v2\/posts\/2445"}],"collection":[{"href":"http:\/\/sundalsryr.se\/index.php?rest_route=\/wp\/v2\/posts"}],"about":[{"href":"http:\/\/sundalsryr.se\/index.php?rest_route=\/wp\/v2\/types\/post"}],"author":[{"embeddable":true,"href":"http:\/\/sundalsryr.se\/index.php?rest_route=\/wp\/v2\/users\/3"}],"replies":[{"embeddable":true,"href":"http:\/\/sundalsryr.se\/index.php?rest_route=%2Fwp%2Fv2%2Fcomments&post=2445"}],"version-history":[{"count":5,"href":"http:\/\/sundalsryr.se\/index.php?rest_route=\/wp\/v2\/posts\/2445\/revisions"}],"predecessor-version":[{"id":2456,"href":"http:\/\/sundalsryr.se\/index.php?rest_route=\/wp\/v2\/posts\/2445\/revisions\/2456"}],"wp:attachment":[{"href":"http:\/\/sundalsryr.se\/index.php?rest_route=%2Fwp%2Fv2%2Fmedia&parent=2445"}],"wp:term":[{"taxonomy":"category","embeddable":true,"href":"http:\/\/sundalsryr.se\/index.php?rest_route=%2Fwp%2Fv2%2Fcategories&post=2445"},{"taxonomy":"post_tag","embeddable":true,"href":"http:\/\/sundalsryr.se\/index.php?rest_route=%2Fwp%2Fv2%2Ftags&post=2445"}],"curies":[{"name":"wp","href":"https:\/\/api.w.org\/{rel}","templated":true}]}}