{"id":2458,"date":"2014-07-21T18:44:06","date_gmt":"2014-07-21T18:44:06","guid":{"rendered":"http:\/\/sundalsryr.se\/?p=2458"},"modified":"2014-07-21T18:49:45","modified_gmt":"2014-07-21T18:49:45","slug":"foretagare-i-sundals-ryr-2","status":"publish","type":"post","link":"http:\/\/sundalsryr.se\/?p=2458","title":{"rendered":"F\u00f6retagare i Sundals ryr"},"content":{"rendered":"<figure id=\"attachment_2460\" aria-describedby=\"caption-attachment-2460\" style=\"width: 225px\" class=\"wp-caption alignright\"><a href=\"http:\/\/sundalsryr.se\/wp-content\/uploads\/2014\/07\/bild1.jpg\"><img loading=\"lazy\" decoding=\"async\" class=\"size-medium wp-image-2460\" title=\"bild\" src=\"http:\/\/sundalsryr.se\/wp-content\/uploads\/2014\/07\/bild1-225x300.jpg\" alt=\"\" width=\"225\" height=\"300\" srcset=\"http:\/\/sundalsryr.se\/wp-content\/uploads\/2014\/07\/bild1-225x300.jpg 225w, http:\/\/sundalsryr.se\/wp-content\/uploads\/2014\/07\/bild1.jpg 480w\" sizes=\"(max-width: 225px) 100vw, 225px\" \/><\/a><figcaption id=\"caption-attachment-2460\" class=\"wp-caption-text\">Eva Sarge<\/figcaption><\/figure>\n<p>Det finns m\u00e5nga driftiga m\u00e4nniskor i sundals ryr. Ett fint exempel \u00e4r f\u00f6rfattaren <strong>Eva Sarge<\/strong>, i Evenstorp. Eva arbetar till vardags som l\u00e4rare i Varg\u00f6n, men har l\u00e4nge skrivit olika sorts texter p\u00e5 sin fritid. Dikter, verser till olika uppvaktningar och andra t\u00e4nkv\u00e4rda stycken.<\/p>\n<figure id=\"attachment_2461\" aria-describedby=\"caption-attachment-2461\" style=\"width: 150px\" class=\"wp-caption alignleft\"><a href=\"http:\/\/sundalsryr.se\/wp-content\/uploads\/2014\/07\/IMG_0968.jpg\"><img loading=\"lazy\" decoding=\"async\" class=\"size-thumbnail wp-image-2461\" title=\"IMG_0968\" src=\"http:\/\/sundalsryr.se\/wp-content\/uploads\/2014\/07\/IMG_0968-150x150.jpg\" alt=\"\" width=\"150\" height=\"150\" \/><\/a><figcaption id=\"caption-attachment-2461\" class=\"wp-caption-text\">Barnboken om Vera och Tom<\/figcaption><\/figure>\n<p>F\u00f6r ett \u00e5r sedan gav hon s\u00e5 ut sin f\u00f6rsta bok <em>\u201dVera och Tom\u201d. <\/em>Det \u00e4r en fin liten bok, skriven p\u00e5 rim f\u00f6r barn. Den \u00e4r t\u00e4nkt som en diktbok f\u00f6r barn, inte som en &#8221;l\u00e4ra sig l\u00e4sa bok&#8221;. Men vuxna kan absolut ocks\u00e5 ha gl\u00e4dje att l\u00e4sa den, antingen sj\u00e4lv eller tillsammans med barn. Den handlar om Vera som \u00e4r v\u00e4ldigt noggrann och pedantisk, en dag knackar en liten pojke p\u00e5 hennes d\u00f6rr. Vera kommer s\u00e5 sm\u00e5ningom till insikt om att det finns saker som \u00e4r mycket viktigare \u00e4n att st\u00e4da och diska.<\/p>\n<figure id=\"attachment_2462\" aria-describedby=\"caption-attachment-2462\" style=\"width: 150px\" class=\"wp-caption alignleft\"><a href=\"http:\/\/sundalsryr.se\/wp-content\/uploads\/2014\/07\/IMG_0969.jpg\"><img loading=\"lazy\" decoding=\"async\" class=\"size-thumbnail wp-image-2462\" title=\"IMG_0969\" src=\"http:\/\/sundalsryr.se\/wp-content\/uploads\/2014\/07\/IMG_0969-150x150.jpg\" alt=\"\" width=\"150\" height=\"150\" \/><\/a><figcaption id=\"caption-attachment-2462\" class=\"wp-caption-text\">Evas f\u00f6rsta vuxenbok<\/figcaption><\/figure>\n<p>I vintras kom Eva\u00b4s andra bok ut. Denna g\u00e5ng en vuxenbok<em>. \u201dEn svart vit bok om livet\u201d <\/em>inneh\u00e5ller dikter om livet och det runt omkring oss. T\u00e4nkv\u00e4rda betraktelser om stort och sm\u00e5tt, \u00e4ven dessa p\u00e5 rim. N\u00e4r man l\u00e4ser dem sl\u00e5s man av hur oerh\u00f6rt kreativ Eva \u00e4r som kan komma p\u00e5 alla dessa texter. Fast sj\u00e4lv s\u00e4ger hon att de bara kommer i de mest vardagliga situationer. Som n\u00e4r hon k\u00f6r bil, st\u00e4dar eller\u00a0 ibland mitt i natten. Alla bilderna i b\u00f6ckerna har hon ocks\u00e5 gjort sj\u00e4lv. Fler b\u00f6cker \u00e4r dessutom p\u00e5 g\u00e5ng, b\u00e5de vuxen och barnb\u00f6cker!<\/p>\n<figure id=\"attachment_2463\" aria-describedby=\"caption-attachment-2463\" style=\"width: 300px\" class=\"wp-caption alignright\"><a href=\"http:\/\/sundalsryr.se\/wp-content\/uploads\/2014\/07\/IMG_0970.jpg\"><img loading=\"lazy\" decoding=\"async\" class=\"size-medium wp-image-2463\" title=\"IMG_0970\" src=\"http:\/\/sundalsryr.se\/wp-content\/uploads\/2014\/07\/IMG_0970-300x225.jpg\" alt=\"\" width=\"300\" height=\"225\" srcset=\"http:\/\/sundalsryr.se\/wp-content\/uploads\/2014\/07\/IMG_0970-300x225.jpg 300w, http:\/\/sundalsryr.se\/wp-content\/uploads\/2014\/07\/IMG_0970-1024x768.jpg 1024w\" sizes=\"(max-width: 300px) 100vw, 300px\" \/><\/a><figcaption id=\"caption-attachment-2463\" class=\"wp-caption-text\">En av texterna i En svart vit bok om livet<\/figcaption><\/figure>\n<p>B\u00f6ckerna ges ut p\u00e5 det lilla f\u00f6rlaget Selstam, som finns i Stigen. Men man kan k\u00f6pa dem av Eva p\u00e5 Gallerian i Br\u00e5landa n\u00e4r det \u00e4r temadagar d\u00e4r. D\u00e4r s\u00e4jer hon ocks\u00e5 kort med sina texter p\u00e5. Bra att ha som kort till uppvaktningar eller om man vill ha en dikt till sig sj\u00e4lv. \u00a0Boken om Vera och Tom finns ocks\u00e5 p\u00e5 Evenstorps halloncaf\u00e9. Titta ocks\u00e5 in p\u00e5 Evas hemsida <a href=\"http:\/\/www.bokeva.n.nu\/\">www.bokeva.n.nu<\/a><\/p>\n<p>\/Susanne Borss\u00e9n<\/p>\n","protected":false},"excerpt":{"rendered":"<p>Det finns m\u00e5nga driftiga m\u00e4nniskor i sundals ryr. Ett fint exempel \u00e4r f\u00f6rfattaren Eva Sarge, i Evenstorp. Eva arbetar till vardags som l\u00e4rare i Varg\u00f6n, men har l\u00e4nge skrivit olika sorts texter p\u00e5 sin fritid. Dikter, verser till olika uppvaktningar och andra t\u00e4nkv\u00e4rda stycken. F\u00f6r ett \u00e5r sedan gav hon s\u00e5 ut sin f\u00f6rsta bok&#8230;<\/p>\n","protected":false},"author":3,"featured_media":0,"comment_status":"open","ping_status":"open","sticky":false,"template":"","format":"standard","meta":{"_monsterinsights_skip_tracking":false,"_monsterinsights_sitenote_active":false,"_monsterinsights_sitenote_note":"","_monsterinsights_sitenote_category":0,"footnotes":""},"categories":[12],"tags":[],"class_list":["post-2458","post","type-post","status-publish","format-standard","hentry","category-foretag-i-sundals-ryr"],"_links":{"self":[{"href":"http:\/\/sundalsryr.se\/index.php?rest_route=\/wp\/v2\/posts\/2458"}],"collection":[{"href":"http:\/\/sundalsryr.se\/index.php?rest_route=\/wp\/v2\/posts"}],"about":[{"href":"http:\/\/sundalsryr.se\/index.php?rest_route=\/wp\/v2\/types\/post"}],"author":[{"embeddable":true,"href":"http:\/\/sundalsryr.se\/index.php?rest_route=\/wp\/v2\/users\/3"}],"replies":[{"embeddable":true,"href":"http:\/\/sundalsryr.se\/index.php?rest_route=%2Fwp%2Fv2%2Fcomments&post=2458"}],"version-history":[{"count":7,"href":"http:\/\/sundalsryr.se\/index.php?rest_route=\/wp\/v2\/posts\/2458\/revisions"}],"predecessor-version":[{"id":2468,"href":"http:\/\/sundalsryr.se\/index.php?rest_route=\/wp\/v2\/posts\/2458\/revisions\/2468"}],"wp:attachment":[{"href":"http:\/\/sundalsryr.se\/index.php?rest_route=%2Fwp%2Fv2%2Fmedia&parent=2458"}],"wp:term":[{"taxonomy":"category","embeddable":true,"href":"http:\/\/sundalsryr.se\/index.php?rest_route=%2Fwp%2Fv2%2Fcategories&post=2458"},{"taxonomy":"post_tag","embeddable":true,"href":"http:\/\/sundalsryr.se\/index.php?rest_route=%2Fwp%2Fv2%2Ftags&post=2458"}],"curies":[{"name":"wp","href":"https:\/\/api.w.org\/{rel}","templated":true}]}}