{"id":2488,"date":"2014-08-15T18:40:49","date_gmt":"2014-08-15T18:40:49","guid":{"rendered":"http:\/\/sundalsryr.se\/?p=2488"},"modified":"2014-08-15T18:48:34","modified_gmt":"2014-08-15T18:48:34","slug":"augusti","status":"publish","type":"post","link":"http:\/\/sundalsryr.se\/?p=2488","title":{"rendered":"Augusti"},"content":{"rendered":"<figure id=\"attachment_2489\" aria-describedby=\"caption-attachment-2489\" style=\"width: 614px\" class=\"wp-caption aligncenter\"><a href=\"http:\/\/sundalsryr.se\/wp-content\/uploads\/2014\/08\/IMG_1130.jpg\"><img loading=\"lazy\" decoding=\"async\" class=\"size-large wp-image-2489 \" title=\"IMG_1130\" src=\"http:\/\/sundalsryr.se\/wp-content\/uploads\/2014\/08\/IMG_1130-1024x768.jpg\" alt=\"\" width=\"614\" height=\"461\" srcset=\"http:\/\/sundalsryr.se\/wp-content\/uploads\/2014\/08\/IMG_1130-1024x768.jpg 1024w, http:\/\/sundalsryr.se\/wp-content\/uploads\/2014\/08\/IMG_1130-300x225.jpg 300w\" sizes=\"(max-width: 614px) 100vw, 614px\" \/><\/a><figcaption id=\"caption-attachment-2489\" class=\"wp-caption-text\"> <\/figcaption><\/figure>\n<p>Vardag . Nystart. Skolstart. D\u00e5liga sommarvanor ska bytas mot pr\u00e4ktiga h\u00f6stvanor. Fikastunder, grillkv\u00e4llar, vin till maten och ledighet ska ers\u00e4ttas med scheman, matl\u00e5dor och tider att passa.\u00a0 Ingen v\u00e4rmeb\u00f6lja finns l\u00e4ngre att skylla p\u00e5. Almanackor fylls och m\u00e5l s\u00e4tts upp.<\/p>\n<p>Luften blir klarare, kv\u00e4llarna lite l\u00e4ngre, kr\u00e4ftornas tid st\u00e5r f\u00f6r d\u00f6rren. Kornet nickar moget mot marken. I tr\u00e4dg\u00e5rden sk\u00f6rdas gr\u00f6nsaker och rotfrukter. I skogens skafferi finns b\u00e4r och svamp. Jakts\u00e4songen b\u00f6rjar f\u00f6r m\u00e5nga. En hektisk tid, mycket ska hinnas med. M\u00e5let \u00e4r m\u00e5h\u00e4nda h\u00f6gre \u00e4n kraften att n\u00e5 dit. Kanske m\u00e5ste vi prioritera, t\u00e4nka p\u00e5 vad som \u00e4r viktigt. Viktigt p\u00e5 riktigt.<\/p>\n<p>Om orken och tiden inte r\u00e4cker till \u00e4r \u00e4nd\u00e5 ett litet steg, ett steg mot m\u00e5let. Och alla stora projekt b\u00f6rjar med ett litet steg&#8230;.<\/p>\n<p>\/Susanne Borss\u00e9n<\/p>\n","protected":false},"excerpt":{"rendered":"<p>Vardag . Nystart. Skolstart. D\u00e5liga sommarvanor ska bytas mot pr\u00e4ktiga h\u00f6stvanor. Fikastunder, grillkv\u00e4llar, vin till maten och ledighet ska ers\u00e4ttas med scheman, matl\u00e5dor och tider att passa.\u00a0 Ingen v\u00e4rmeb\u00f6lja finns l\u00e4ngre att skylla p\u00e5. Almanackor fylls och m\u00e5l s\u00e4tts upp. Luften blir klarare, kv\u00e4llarna lite l\u00e4ngre, kr\u00e4ftornas tid st\u00e5r f\u00f6r d\u00f6rren. Kornet nickar moget mot&#8230;<\/p>\n","protected":false},"author":3,"featured_media":0,"comment_status":"open","ping_status":"open","sticky":false,"template":"","format":"standard","meta":{"_monsterinsights_skip_tracking":false,"_monsterinsights_sitenote_active":false,"_monsterinsights_sitenote_note":"","_monsterinsights_sitenote_category":0,"footnotes":""},"categories":[1],"tags":[],"class_list":["post-2488","post","type-post","status-publish","format-standard","hentry","category-aktuellt"],"_links":{"self":[{"href":"http:\/\/sundalsryr.se\/index.php?rest_route=\/wp\/v2\/posts\/2488"}],"collection":[{"href":"http:\/\/sundalsryr.se\/index.php?rest_route=\/wp\/v2\/posts"}],"about":[{"href":"http:\/\/sundalsryr.se\/index.php?rest_route=\/wp\/v2\/types\/post"}],"author":[{"embeddable":true,"href":"http:\/\/sundalsryr.se\/index.php?rest_route=\/wp\/v2\/users\/3"}],"replies":[{"embeddable":true,"href":"http:\/\/sundalsryr.se\/index.php?rest_route=%2Fwp%2Fv2%2Fcomments&post=2488"}],"version-history":[{"count":4,"href":"http:\/\/sundalsryr.se\/index.php?rest_route=\/wp\/v2\/posts\/2488\/revisions"}],"predecessor-version":[{"id":2491,"href":"http:\/\/sundalsryr.se\/index.php?rest_route=\/wp\/v2\/posts\/2488\/revisions\/2491"}],"wp:attachment":[{"href":"http:\/\/sundalsryr.se\/index.php?rest_route=%2Fwp%2Fv2%2Fmedia&parent=2488"}],"wp:term":[{"taxonomy":"category","embeddable":true,"href":"http:\/\/sundalsryr.se\/index.php?rest_route=%2Fwp%2Fv2%2Fcategories&post=2488"},{"taxonomy":"post_tag","embeddable":true,"href":"http:\/\/sundalsryr.se\/index.php?rest_route=%2Fwp%2Fv2%2Ftags&post=2488"}],"curies":[{"name":"wp","href":"https:\/\/api.w.org\/{rel}","templated":true}]}}