{"id":2514,"date":"2014-08-24T17:12:36","date_gmt":"2014-08-24T17:12:36","guid":{"rendered":"http:\/\/sundalsryr.se\/?p=2514"},"modified":"2014-08-24T17:12:47","modified_gmt":"2014-08-24T17:12:47","slug":"det-var-en-gang-2","status":"publish","type":"post","link":"http:\/\/sundalsryr.se\/?p=2514","title":{"rendered":"Det var en g\u00e5ng&#8230;."},"content":{"rendered":"<p><strong>Taggtr\u00e5d befr\u00e4mjar skolg\u00e5ngen!<\/strong><\/p>\n<p>Det blev ingen ordning p\u00e5 skolan f\u00f6rr\u00e4n taggtr\u00e5den kom! Det var v\u00e4l det jag hade p\u00e5 k\u00e4nn. Den moderna varianten b\u00f6r v\u00e4l vara elst\u00e4ngsel d\u00e5. Ja, det kan ju kanske h\u00e5lla skolkarna inne? Fast nu var det ju inte det det handlade om utan att f\u00e5 landsbygdsbarnen att komma till skolan \u00f6ver huvudtaget. I slutet p\u00e5 1800-talet (1896)\u00a0 beslutades det att, och h\u00e5ll i hatten f\u00f6r nu kommer det kr\u00e5ngliga, alla barn skulle g\u00e5 i skola varannan dag mellan 15 januari till 15 maj. 15 maj till 15 oktober skulle de barn som beh\u00f6vdes till vallg\u00e5ng, dvs. vakta djuren, befrias fr\u00e5n skolg\u00e5ng. Alla andra barn skulle g\u00e5 i skolan alla dagar utom en varje vecka och den dagen som dessa barn var lediga skulle de barnen som befriats fr\u00e5n skolan komma in f\u00f6r l\u00e4xf\u00f6rh\u00f6r. S\u00e5 taggtr\u00e5den var till f\u00f6r djuren, inte barnen. D\u00e5 djuren inh\u00e4gnades med taggtr\u00e5d kunde \u00e4ven dessa barn g\u00e5 i skola eftersom de inte beh\u00f6vde vakta djuren l\u00e4ngre.<\/p>\n<p>Alla har vi v\u00e4l v\u00e5ra historier fr\u00e5n v\u00e5r skoltid, l\u00e4rare som vi \u00e4lskade, hatade och rent av fruktade. Jag bor nu sj\u00e4lv i en gammal skola, n\u00e4mligen Bolleruds skola. Jag har h\u00f6rt n\u00e5gra historier fr\u00e5n n\u00e5gra som g\u00e5tt h\u00e4r om hur l\u00e4rarna h\u00e4r var. P\u00e5 den tiden var pennalism vanligt och s\u00e5 \u00e4ven h\u00e4r. Pekpinnen ven i luften och fingrarna var v\u00e4l de som det oftast siktades p\u00e5. Eisenbahn som tysken s\u00e4ger (uttalas ajsomfan, men det kan jag ju inte skriva). Sj\u00e4lv var jag en fruktansv\u00e4rt pr\u00e4ktig elev s\u00e5 mina fingrar klarade sig fint men det fanns andra som utsattes f\u00f6r denna typ av tillr\u00e4ttavisning \u00e4ven d\u00e5 jag gick i grundskolan (1967-1973). Detta, i sig, \u00e4r mycket anm\u00e4rkningsv\u00e4rt eftersom skolagan f\u00f6rbj\u00f6ds redan 1 januari 1958. R\u00e4tten f\u00f6r f\u00f6r\u00e4ldrar att aga sina barn togs bort 1966 men \u00e4n idag f\u00f6rsigg\u00e5r det ju i en hel del hem vilket \u00e4r oacceptabelt.<\/p>\n<p>Jag minns n\u00e4r en klasskamrat ombads av en l\u00e4rare vi hade f\u00f6r f\u00f6rsta g\u00e5ngen, g\u00e5 fram till tavlan och skriva f\u00f6rl\u00e5t hundra g\u00e5nger f\u00f6r att han pratat och st\u00f6rt p\u00e5 lektionen. Han gick fram och b\u00f6rjade skriva och hann v\u00e4l skriva 4-5 stycken f\u00f6rl\u00e5t innan l\u00e4raren sa \u00e5t honom att g\u00e5 och s\u00e4tta sig igen. N\u00e4sta lektion vi hade med samma l\u00e4rare kastade han pl\u00f6tsigt sin nyckelknippa r\u00e4tt igenom salen \u00f6ver allas huvuden med den effekten att det blev kn\u00e4pptyst i salen. \u2013S\u00e5d\u00e4rja, sa han, nu n\u00e4r jag har allas uppm\u00e4rksamhet kanske vi kan g\u00e5 in p\u00e5 viktiga saker. Hans lektioner blev roliga, effektiva och alla engagerade sig. Den l\u00e4raren beh\u00f6vde inte, vare sig h\u00f6ja r\u00f6sten eller ta till n\u00e5gra andra \u00e5tg\u00e4rder mer med v\u00e5r klass efter nyckelkastningen. Han blev dessutom v\u00e4ldigt omtyckt.<\/p>\n<p>Jag t\u00e4nker mig att dessa v\u00e4ggar (v\u00e4ggarna p\u00e5 mitt hus) b\u00e5de sett och h\u00f6rt en hel del d\u00e5 detta fortfarande var en skola (och \u00e4ven efter det men det ska vi l\u00e4mna d\u00e4rh\u00e4n). Folkskolan byggdes 1875 och huset jag bor i blev l\u00e4rarbostad och sedemera sm\u00e5skola enligt en s\u00e4ker k\u00e4lla.<\/p>\n<p>D\u00e5 vi flyttade hit (1999) trodde jag inte, d\u00e5 jag s\u00e5g att det fanns en skola i \u00c5rbol, att den l\u00e4ngre var i bruk. Jag var helt inst\u00e4lld p\u00e5 att min dotter skulle g\u00e5 i Br\u00e5landa. Jag sj\u00e4lv gick i en liten byskola och minns n\u00e4rheten och tryggheten samt \u00f6ppenheten i den skolan j\u00e4mf\u00f6rt med skolorna jag gick i fr\u00e5n mellanstadiet och upp\u00e5t d\u00e5 det var 300 elever i skolan samtidigt. D\u00f6m om min f\u00f6rv\u00e5ning d\u00e5 jag ins\u00e5g att den faktiskt var i bruk. Min dotter fick privilegiet att g\u00e5 sina f\u00f6rsta 6 \u00e5r i skolan i Sundals Ryr. Det k\u00e4ndes extra bra d\u00e5 jag h\u00f6rde mina kollegor ber\u00e4tta om deras barns skolor i G\u00f6teborg. De hade inte l\u00e4rare, l\u00e4rarvikarier (en kollegas barn fick vid ett tillf\u00e4lle vara utan l\u00e4rare i 2 veckor i str\u00e4ck f\u00f6r att det inte fanns vikarier) och ofta inte tillg\u00e5ng till det material de beh\u00f6vde. F\u00f6r mig var det en stor trygghet att allt detta fanns f\u00f6r min dotter under de f\u00f6rsta 6 viktiga \u00e5ren. Beklagligtvis har skolan nu f\u00e5tt st\u00e4nga men jag hoppas innerligt att alla barn f\u00e5r samma stabila grund under sm\u00e5skoletiden eftersom det \u00e4r s\u00e5 viktigt. Barnen \u00e4r framtiden.<\/p>\n<p>\/Marjukka Sagesj\u00f6<\/p>\n","protected":false},"excerpt":{"rendered":"<p>Taggtr\u00e5d befr\u00e4mjar skolg\u00e5ngen! Det blev ingen ordning p\u00e5 skolan f\u00f6rr\u00e4n taggtr\u00e5den kom! Det var v\u00e4l det jag hade p\u00e5 k\u00e4nn. Den moderna varianten b\u00f6r v\u00e4l vara elst\u00e4ngsel d\u00e5. Ja, det kan ju kanske h\u00e5lla skolkarna inne? Fast nu var det ju inte det det handlade om utan att f\u00e5 landsbygdsbarnen att komma till skolan \u00f6ver&#8230;<\/p>\n","protected":false},"author":3,"featured_media":0,"comment_status":"open","ping_status":"open","sticky":false,"template":"","format":"standard","meta":{"_monsterinsights_skip_tracking":false,"_monsterinsights_sitenote_active":false,"_monsterinsights_sitenote_note":"","_monsterinsights_sitenote_category":0,"footnotes":""},"categories":[13],"tags":[],"class_list":["post-2514","post","type-post","status-publish","format-standard","hentry","category-det-var-en-gang"],"_links":{"self":[{"href":"http:\/\/sundalsryr.se\/index.php?rest_route=\/wp\/v2\/posts\/2514"}],"collection":[{"href":"http:\/\/sundalsryr.se\/index.php?rest_route=\/wp\/v2\/posts"}],"about":[{"href":"http:\/\/sundalsryr.se\/index.php?rest_route=\/wp\/v2\/types\/post"}],"author":[{"embeddable":true,"href":"http:\/\/sundalsryr.se\/index.php?rest_route=\/wp\/v2\/users\/3"}],"replies":[{"embeddable":true,"href":"http:\/\/sundalsryr.se\/index.php?rest_route=%2Fwp%2Fv2%2Fcomments&post=2514"}],"version-history":[{"count":3,"href":"http:\/\/sundalsryr.se\/index.php?rest_route=\/wp\/v2\/posts\/2514\/revisions"}],"predecessor-version":[{"id":2517,"href":"http:\/\/sundalsryr.se\/index.php?rest_route=\/wp\/v2\/posts\/2514\/revisions\/2517"}],"wp:attachment":[{"href":"http:\/\/sundalsryr.se\/index.php?rest_route=%2Fwp%2Fv2%2Fmedia&parent=2514"}],"wp:term":[{"taxonomy":"category","embeddable":true,"href":"http:\/\/sundalsryr.se\/index.php?rest_route=%2Fwp%2Fv2%2Fcategories&post=2514"},{"taxonomy":"post_tag","embeddable":true,"href":"http:\/\/sundalsryr.se\/index.php?rest_route=%2Fwp%2Fv2%2Ftags&post=2514"}],"curies":[{"name":"wp","href":"https:\/\/api.w.org\/{rel}","templated":true}]}}