{"id":2617,"date":"2014-10-11T15:58:57","date_gmt":"2014-10-11T15:58:57","guid":{"rendered":"http:\/\/sundalsryr.se\/?p=2617"},"modified":"2014-10-14T13:57:49","modified_gmt":"2014-10-14T13:57:49","slug":"hubertusjakt-i-bygden","status":"publish","type":"post","link":"http:\/\/sundalsryr.se\/?p=2617","title":{"rendered":"Hubertusjakt i bygden"},"content":{"rendered":"<p>Entusiastiskt tackade jag ja, d\u00e5 tillfr\u00e5gad om jag kunde skriva om Hubertusjakten p\u00e5 byalagets hemsida. F\u00f6ga anande att jag skulle f\u00e5 expertkonkurrens. Ttela var p\u00e5 plats f\u00f6r att g\u00f6ra ett reportage. F\u00f6r att klara pressen fr\u00e5n pressen f\u00f6rs\u00f6ker jag ignorera stressen fr\u00e5n pressen med denna versen. Jag ber om urs\u00e4kt f\u00f6r ingressen och ber er ha \u00f6verseende d\u00e5 undertecknad \u00e4r obildad och pressen bildad. Det ger bildligt talat en oj\u00e4mnhet mellan v\u00e5gsk\u00e5larna men det \u00f6verl\u00e5ter jag till l\u00e4saren att bilda sig sin egen bild om. Nu nog om detta.<\/p>\n<p>En h\u00e4rlig promenad med min st\u00e4ndige vapendragare Kollie i det vackra h\u00f6stv\u00e4dret genom ett f\u00e4rgsprakande Sundals Ryr ledde oss till sk\u00e5deplatsen f\u00f6r den stora h\u00e4ndelsen. Smedstorpet hade g\u00e4stv\u00e4nligt slagit upp portarna och uppl\u00e4t delar av sina \u00e4gor till evenemanget. Man h\u00e4lsade alla tillresta v\u00e4lkomna, fr\u00e5n n\u00e4r och fj\u00e4rran, f\u00f6r att besk\u00e5da och vara delaktiga\u00a0 i detta fantastiska evenemang. Vi anl\u00e4nde, jag och Kollie, till Smedstorpet precis d\u00e5 starten gick f\u00f6r den f\u00f6rsta klungan. Kvar p\u00e5 g\u00e5rden blev n\u00e5gra \u00e5sk\u00e5dare samt inte minst de som f\u00f6rsedde alla med fika, grillad korv och andra f\u00f6rn\u00f6denheter. F\u00f6r att inte tala om alla v\u00e4lvilliga h\u00e4nder som klappade Kollie. Vid uppt\u00e4ckten av detta Mecca ans\u00e5g Kollie att h\u00e4r kunde vi sl\u00e5 rot ett tag och njuta.<\/p>\n<figure id=\"attachment_2620\" aria-describedby=\"caption-attachment-2620\" style=\"width: 614px\" class=\"wp-caption aligncenter\"><a href=\"http:\/\/sundalsryr.se\/wp-content\/uploads\/2014\/10\/IMG_0462.jpg\"><img loading=\"lazy\" decoding=\"async\" class=\"size-large wp-image-2620 \" title=\"IMG_0462\" src=\"http:\/\/sundalsryr.se\/wp-content\/uploads\/2014\/10\/IMG_0462-1024x682.jpg\" alt=\"\" width=\"614\" height=\"409\" srcset=\"http:\/\/sundalsryr.se\/wp-content\/uploads\/2014\/10\/IMG_0462-1024x682.jpg 1024w, http:\/\/sundalsryr.se\/wp-content\/uploads\/2014\/10\/IMG_0462-300x200.jpg 300w\" sizes=\"(max-width: 614px) 100vw, 614px\" \/><\/a><figcaption id=\"caption-attachment-2620\" class=\"wp-caption-text\"> <\/figcaption><\/figure>\n<p>T\u00e4vlingsledare och initiativtagare Paulina Olensson hade br\u00e5da dagar innan sj\u00e4lva t\u00e4vlingsdagen. All logistik skulle fungera. Det skulle samlas in pallar, tunnor, h\u00f6balar till hindren. Det skulle bakas, informeras och tas emot anm\u00e4lningar. Mark\u00e4garna skulle ocks\u00e5 tillfr\u00e5gas f\u00f6r att f\u00e5 lov att anv\u00e4nda deras mark. N\u00e4sta \u00e5r, s\u00e4ger Paulina, ska jag b\u00f6rja mycket tidigare och ragga mer hj\u00e4lp. Att s\u00e4tta upp hinder \u00e4r ett tungt arbete. P\u00e4r, hennes man,\u00a0 v\u00e4lkomnar mer hj\u00e4lp \u00e5 det varmaste. Jag kan s\u00e4ga att jag f\u00f6rst\u00e5r honom. I egenskap av ov\u00e4rderlig hj\u00e4lp \u00e5kte han i skytteltrafik mellan bland annat hemmet och Smedstorpet f\u00f6r att h\u00e4mta n\u00f6dv\u00e4ndig rekvisita och eftersom vi \u00e4r grannar gick han, under min fyra km l\u00e5nga promenad till evenemanget, i repris s\u00e5 m\u00e5nga g\u00e5nger att jag n\u00e4stan trodde att vi gick i s\u00e4llskap.<\/p>\n<p>Under morgonen f\u00f6r sj\u00e4lvaste dagen D stannade Paulina till hos undertecknad f\u00f6r att plocka med sig lite bord och stolar. Jag gick ut med den lilla laddning kakor jag bakat och tittade rakt in i ett leende s\u00e5 stort att inte ens sj\u00e4lvaste Mick Jagger skulle kunnat sl\u00e5 det och han \u00e4r v\u00e4l utrustad f\u00f6r att kunna lyckas. -H\u00e4rligt, idag \u00e4r det dags sa jag och ett underbart v\u00e4der \u00e4r det dagen till \u00e4ra. -Ja replikerade en sprudlande Paulina och innan jag visste ordet av var kakor, bord, stolar och t\u00e4vlingsledare med f\u00f6lje borta. Kvar stod jag och en fr\u00e5ga infann sig i min tankeverkstad. -Hon var v\u00e4l inte angripen av magknip? Jag erinrade mig de g\u00e5nger kollegor i f\u00f6rbifarten sagt till mig -Vad glad du ser ut! Det \u00e4r ju sn\u00e4llt, kan jag tycka, men ibland har jag burit p\u00e5 en hemlighet. Ibland vid dessa tillf\u00e4llen har jag lidit av just magknip och med anledning d\u00e4rav haft en min som gjort att det sett ut som om jag lett brett. N\u00e5v\u00e4l, jag v\u00e4ljer att tolka Paulinas leende som ren gl\u00e4dje.<\/p>\n<p>D\u00e5 starten hade g\u00e5tt f\u00f6r f\u00f6rsta klungan fick vi kvarvarande roa oss sj\u00e4lva. Man kunde fika och umg\u00e5s. R\u00e4vsvansen placerades strategiskt i skogsdungen och en timme f\u00f6rfl\u00f6t ganska snabbt och vi b\u00f6rjade fundera p\u00e5 om klungan strax var p\u00e5 g\u00e5ng. Upploppet var placerat s\u00e5 att deltagarna skulle hoppa \u00f6ver hinder och sedan skulle mastern vinka f\u00f6rbi dem och de som tagit hindren kunde t\u00e4vla om trof\u00e9n. I v\u00e5r v\u00e4ntan p\u00e5 klungan, d\u00e5 vi b\u00f6rjade bli ot\u00e5liga, bj\u00f6ds det ofrivilligt p\u00e5 lite dramatik. Pl\u00f6tsligt f\u00e5r vi p\u00e5 l\u00e5ngt avst\u00e5nd syn p\u00e5 en h\u00e4st utan ryttare. R\u00e5diga personer agerade snabbt. Man for med bil efter h\u00e4sten som tagit sig upp p\u00e5 v\u00e4gen och b\u00f6rjat trava \u00e5t motsatt h\u00e5ll. Vi p\u00e5 \u00e5sk\u00e5darplats l\u00e5ngt uppe vid m\u00e5lg\u00e5ngen kunde se mastern rida i full galopp efter rymlingen. L\u00e5ng v\u00e4ntan gav \u00e4ntligen lugnande besked. B\u00e5de ryttare och h\u00e4st var oskadda. B\u00e5da blev v\u00e4l omh\u00e4ndertagna och dramatiken slutade d\u00e4rmed lyckligt. H\u00e4sten var troligen p\u00e5 v\u00e4g hem till Vara, fick jag h\u00f6ra sedan. Segern i denna klass gick till Jenny Olofsson. Grattis till ett v\u00e4l genomf\u00f6rt lopp! Sedvanlig rosettutdelning genomf\u00f6rdes efter b\u00e5da loppen.<\/p>\n<figure id=\"attachment_2622\" aria-describedby=\"caption-attachment-2622\" style=\"width: 830px\" class=\"wp-caption aligncenter\"><a href=\"http:\/\/sundalsryr.se\/wp-content\/uploads\/2014\/10\/IMG_0420.jpg\"><img loading=\"lazy\" decoding=\"async\" class=\"size-large wp-image-2622  \" title=\"IMG_0420\" src=\"http:\/\/sundalsryr.se\/wp-content\/uploads\/2014\/10\/IMG_0420-1024x682.jpg\" alt=\"\" width=\"830\" height=\"553\" srcset=\"http:\/\/sundalsryr.se\/wp-content\/uploads\/2014\/10\/IMG_0420-1024x682.jpg 1024w, http:\/\/sundalsryr.se\/wp-content\/uploads\/2014\/10\/IMG_0420-300x200.jpg 300w\" sizes=\"(max-width: 830px) 100vw, 830px\" \/><\/a><figcaption id=\"caption-attachment-2622\" class=\"wp-caption-text\"> <\/figcaption><\/figure>\n<p>Efter en v\u00e4lbeh\u00f6vlig lunch p\u00e5 grillad korv och vila, var det \u00e5terigen dags f\u00f6r mastern att stiga upp p\u00e5 h\u00e4stryggen. Denna g\u00e5ng var det dags f\u00f6r de mer vana ryttarna. Starten gick och klungan ryttare skulle rida 15 kilometer i varierad terr\u00e4ng och \u00f6ver utplacerade hinder. Nya \u00e5sk\u00e5dare var p\u00e5 plats och \u00e5terigen blev det utrymme f\u00f6r fika och umg\u00e4nge. Efter ungef\u00e4r tv\u00e5 timmar siktades klungan och sp\u00e4nningen steg. Man b\u00f6rjade med mastern i t\u00e4ten, ta sig \u00f6ver hindren och pl\u00f6tsligt gav hon tecken f\u00f6r upploppet och jakten p\u00e5 den efterl\u00e4ngtade r\u00e4vsvansen var ett faktum. Detta var f\u00f6rsta g\u00e5ngen jag varit med om denna typ av evenemang och jag m\u00e5ste s\u00e4ga att det \u00e4r otroligt m\u00e4ktigt att se alla dessa vackra gl\u00e4nsande ekipage (12 st) komma ridande i full galopp emot oss i publiken. Jag befann mig rakt framf\u00f6r m\u00e5lg\u00e5ngen d\u00e5 ryttarna kom i full galopp. Jag vill h\u00e4r inflika att jag har full respekt f\u00f6r b\u00e5de ryttare och h\u00e4st och just detta samspel, d\u00e5 tolv ekipage kom stormande i full galopp i ganska t\u00e4t klunga rakt emot mig, var oerh\u00f6rt m\u00e4ktigt att se. Jag uppfylldes av \u00f6dmjukhet inf\u00f6r det samspel jag \u00e5s\u00e5g mellan ryttare och h\u00e4st samt ekipagen emellan. Fantastiskt! Jag vill rikta ett tack till ALLA som deltog samt till Sundals Ryr som levererade, f\u00f6r att jag fick uppleva detta! Segern och d\u00e4rmed trof\u00e9n dvs r\u00e4vsvansen, gick till Josefine S\u00f6derqvist. Stort Grattis till segern och v\u00e4l genomf\u00f6rt lopp!<\/p>\n<p>Jag lovade ocks\u00e5 Paulina att, \u00e5 hennes v\u00e4gnar, rikta ett STORT TACK till alla mark\u00e4gare som uppl\u00e4t delar av sin mark till detta och som d\u00e4rmed gjorde det hela m\u00f6jligt. Alla vi som var d\u00e4r och f\u00f6rhoppningsvis \u00e4nnu fler v\u00e4lkomnar detta som ett \u00e5terkommande inslag i det \u00e5rliga Sundals Ryrska programmet och lyckligtvis s\u00e5 \u00e4ven Paulina.<\/p>\n<p>\/Marjukka Sagesj\u00f6<\/p>\n","protected":false},"excerpt":{"rendered":"<p>Entusiastiskt tackade jag ja, d\u00e5 tillfr\u00e5gad om jag kunde skriva om Hubertusjakten p\u00e5 byalagets hemsida. F\u00f6ga anande att jag skulle f\u00e5 expertkonkurrens. Ttela var p\u00e5 plats f\u00f6r att g\u00f6ra ett reportage. F\u00f6r att klara pressen fr\u00e5n pressen f\u00f6rs\u00f6ker jag ignorera stressen fr\u00e5n pressen med denna versen. Jag ber om urs\u00e4kt f\u00f6r ingressen och ber er&#8230;<\/p>\n","protected":false},"author":3,"featured_media":0,"comment_status":"open","ping_status":"open","sticky":false,"template":"","format":"standard","meta":{"_monsterinsights_skip_tracking":false,"_monsterinsights_sitenote_active":false,"_monsterinsights_sitenote_note":"","_monsterinsights_sitenote_category":0,"footnotes":""},"categories":[1],"tags":[],"class_list":["post-2617","post","type-post","status-publish","format-standard","hentry","category-aktuellt"],"_links":{"self":[{"href":"http:\/\/sundalsryr.se\/index.php?rest_route=\/wp\/v2\/posts\/2617"}],"collection":[{"href":"http:\/\/sundalsryr.se\/index.php?rest_route=\/wp\/v2\/posts"}],"about":[{"href":"http:\/\/sundalsryr.se\/index.php?rest_route=\/wp\/v2\/types\/post"}],"author":[{"embeddable":true,"href":"http:\/\/sundalsryr.se\/index.php?rest_route=\/wp\/v2\/users\/3"}],"replies":[{"embeddable":true,"href":"http:\/\/sundalsryr.se\/index.php?rest_route=%2Fwp%2Fv2%2Fcomments&post=2617"}],"version-history":[{"count":4,"href":"http:\/\/sundalsryr.se\/index.php?rest_route=\/wp\/v2\/posts\/2617\/revisions"}],"predecessor-version":[{"id":2621,"href":"http:\/\/sundalsryr.se\/index.php?rest_route=\/wp\/v2\/posts\/2617\/revisions\/2621"}],"wp:attachment":[{"href":"http:\/\/sundalsryr.se\/index.php?rest_route=%2Fwp%2Fv2%2Fmedia&parent=2617"}],"wp:term":[{"taxonomy":"category","embeddable":true,"href":"http:\/\/sundalsryr.se\/index.php?rest_route=%2Fwp%2Fv2%2Fcategories&post=2617"},{"taxonomy":"post_tag","embeddable":true,"href":"http:\/\/sundalsryr.se\/index.php?rest_route=%2Fwp%2Fv2%2Ftags&post=2617"}],"curies":[{"name":"wp","href":"https:\/\/api.w.org\/{rel}","templated":true}]}}