{"id":2641,"date":"2014-10-26T09:04:51","date_gmt":"2014-10-26T09:04:51","guid":{"rendered":"http:\/\/sundalsryr.se\/?p=2641"},"modified":"2014-10-26T15:50:20","modified_gmt":"2014-10-26T15:50:20","slug":"veckans-lunch","status":"publish","type":"post","link":"http:\/\/sundalsryr.se\/?p=2641","title":{"rendered":"Veckans lunch"},"content":{"rendered":"<figure id=\"attachment_2636\" aria-describedby=\"caption-attachment-2636\" style=\"width: 228px\" class=\"wp-caption alignright\"><a href=\"http:\/\/sundalsryr.se\/wp-content\/uploads\/2014\/10\/IMG_16091.jpg\"><img loading=\"lazy\" decoding=\"async\" class=\"size-medium wp-image-2636\" title=\"IMG_1609\" src=\"http:\/\/sundalsryr.se\/wp-content\/uploads\/2014\/10\/IMG_16091-228x300.jpg\" alt=\"\" width=\"228\" height=\"300\" srcset=\"http:\/\/sundalsryr.se\/wp-content\/uploads\/2014\/10\/IMG_16091-228x300.jpg 228w, http:\/\/sundalsryr.se\/wp-content\/uploads\/2014\/10\/IMG_16091-779x1024.jpg 779w, http:\/\/sundalsryr.se\/wp-content\/uploads\/2014\/10\/IMG_16091.jpg 1657w\" sizes=\"(max-width: 228px) 100vw, 228px\" \/><\/a><figcaption id=\"caption-attachment-2636\" class=\"wp-caption-text\"> <\/figcaption><\/figure>\n<p>Vad passar v\u00e4l b\u00e4ttre i h\u00f6strusket \u00e4n en v\u00e4rmande soppa.<\/p>\n<p>P\u00e5 torsdag 30\/10 serveras gulaschsoppa, med n\u00f6tf\u00e4rs fr\u00e5n Evenstorps g\u00e5rd.<\/p>\n<div>\n<dl id=\"attachment_2634\">\n<dd><\/dd>\n<\/dl>\n<\/div>\n<p>Till det blir det hembakat br\u00f6d. Och till kaffet \u00e4pplekaka med vaniljs\u00e5s.<\/p>\n<p>Kockar denna g\u00e5ng \u00e4r Susanne Broberg och Sandra Olsson.<\/p>\n<p>Maten st\u00e5r framdukad mellan kl 12-13, men man f\u00e5r naturligtvis sitta kvar och prata s\u00e5 l\u00e4nge man vill!<\/p>\n<p>Kostnad 60 kr och alla \u00e4r varmt v\u00e4lkomna!<\/p>\n","protected":false},"excerpt":{"rendered":"<p>Vad passar v\u00e4l b\u00e4ttre i h\u00f6strusket \u00e4n en v\u00e4rmande soppa. P\u00e5 torsdag 30\/10 serveras gulaschsoppa, med n\u00f6tf\u00e4rs fr\u00e5n Evenstorps g\u00e5rd. Till det blir det hembakat br\u00f6d. Och till kaffet \u00e4pplekaka med vaniljs\u00e5s. Kockar denna g\u00e5ng \u00e4r Susanne Broberg och Sandra Olsson. Maten st\u00e5r framdukad mellan kl 12-13, men man f\u00e5r naturligtvis sitta kvar och prata&#8230;<\/p>\n","protected":false},"author":3,"featured_media":0,"comment_status":"open","ping_status":"open","sticky":false,"template":"","format":"standard","meta":{"_monsterinsights_skip_tracking":false,"_monsterinsights_sitenote_active":false,"_monsterinsights_sitenote_note":"","_monsterinsights_sitenote_category":0,"footnotes":""},"categories":[1],"tags":[],"class_list":["post-2641","post","type-post","status-publish","format-standard","hentry","category-aktuellt"],"_links":{"self":[{"href":"http:\/\/sundalsryr.se\/index.php?rest_route=\/wp\/v2\/posts\/2641"}],"collection":[{"href":"http:\/\/sundalsryr.se\/index.php?rest_route=\/wp\/v2\/posts"}],"about":[{"href":"http:\/\/sundalsryr.se\/index.php?rest_route=\/wp\/v2\/types\/post"}],"author":[{"embeddable":true,"href":"http:\/\/sundalsryr.se\/index.php?rest_route=\/wp\/v2\/users\/3"}],"replies":[{"embeddable":true,"href":"http:\/\/sundalsryr.se\/index.php?rest_route=%2Fwp%2Fv2%2Fcomments&post=2641"}],"version-history":[{"count":3,"href":"http:\/\/sundalsryr.se\/index.php?rest_route=\/wp\/v2\/posts\/2641\/revisions"}],"predecessor-version":[{"id":2644,"href":"http:\/\/sundalsryr.se\/index.php?rest_route=\/wp\/v2\/posts\/2641\/revisions\/2644"}],"wp:attachment":[{"href":"http:\/\/sundalsryr.se\/index.php?rest_route=%2Fwp%2Fv2%2Fmedia&parent=2641"}],"wp:term":[{"taxonomy":"category","embeddable":true,"href":"http:\/\/sundalsryr.se\/index.php?rest_route=%2Fwp%2Fv2%2Fcategories&post=2641"},{"taxonomy":"post_tag","embeddable":true,"href":"http:\/\/sundalsryr.se\/index.php?rest_route=%2Fwp%2Fv2%2Ftags&post=2641"}],"curies":[{"name":"wp","href":"https:\/\/api.w.org\/{rel}","templated":true}]}}