{"id":2675,"date":"2014-11-16T15:28:08","date_gmt":"2014-11-16T15:28:08","guid":{"rendered":"http:\/\/sundalsryr.se\/?p=2675"},"modified":"2014-11-16T15:30:06","modified_gmt":"2014-11-16T15:30:06","slug":"november-ar-har","status":"publish","type":"post","link":"http:\/\/sundalsryr.se\/?p=2675","title":{"rendered":"November \u00e4r h\u00e4r"},"content":{"rendered":"<p>November \u00e4r h\u00e4r. M\u00f6rkt, fuktigt och kallt. Vinterd\u00e4cken \u00e4r lyckligtvis p\u00e5 och snart \u00e4r det dags att ta fram dubben under f\u00f6tterna ocks\u00e5. Annars<\/p>\n<figure id=\"attachment_2676\" aria-describedby=\"caption-attachment-2676\" style=\"width: 192px\" class=\"wp-caption alignright\"><a href=\"http:\/\/sundalsryr.se\/wp-content\/uploads\/2014\/11\/broddar.jpg\"><img loading=\"lazy\" decoding=\"async\" class=\"size-full wp-image-2676\" title=\"broddar\" src=\"http:\/\/sundalsryr.se\/wp-content\/uploads\/2014\/11\/broddar.jpg\" alt=\"\" width=\"192\" height=\"256\" \/><\/a><figcaption id=\"caption-attachment-2676\" class=\"wp-caption-text\">Dubb till f\u00f6tterna<\/figcaption><\/figure>\n<p>\u00e4r det risk f\u00f6r halka. I mitten p\u00e5 januari detta \u00e5ret var det halt. Jag hade inf\u00f6rskaffat mig dubb till skorna och nu skulle de f\u00e5 genomg\u00e5 det ultimata testet. Dagen innan hade jag halkat omkring som en sm\u00f6rklick i en stekpanna. Detta \u00e5tergav jag i f\u00f6ljande text;<\/p>\n<p><em>18\/1-2014<\/em><\/p>\n<p><em>Dagens powerwalk blev mer av en &#8221;funny walk&#8221;. F\u00f6rst pulsade vi sedan blev det isgata under sn\u00f6n och d\u00e5 bildade vi en k\u00e4ck sekvens. Om n\u00e5gon hade tittat ut vid r\u00e4tt tillf\u00e4lle i \u00d6stra Bleken denna dag hade denne n\u00e5gon sett;<\/em><em><br \/>\nF\u00f6rst en kn\u00e4ande golden och en svans som pl\u00f6tsligt vispat till. D\u00e4refter mig pl\u00f6tsligt g\u00f6ra &#8221;v\u00e5gen&#8221; samt, om personen befunnit sig inom h\u00f6rh\u00e5ll, h\u00f6rt mig utbrista -HOU!. D\u00e4refter gick jag som om jag haft &#8221;a-stick-up-my-arse&#8221; (sv. en-pinne-i-r\u00f6va). Detta upprepades med j\u00e4mna mellanrum.<br \/>\nDet, mina v\u00e4nner, hade varit en stilstudie i &#8221;spattig g\u00e5ng&#8221;.<br \/>\nNu ska jag ut och skotta. Arbetsf\u00f6rdelningen i denna familj blir; hunden ligger i f\u00e5t\u00f6ljen n\u00e4ra elementet (och reser sig f\u00f6r att kolla genom f\u00f6nstret d\u00e5 och d\u00e5). Katten kommer att ligga ovanf\u00f6r elementet. Jag skottar.<\/em><\/p>\n<figure id=\"attachment_2677\" aria-describedby=\"caption-attachment-2677\" style=\"width: 720px\" class=\"wp-caption aligncenter\"><a href=\"http:\/\/sundalsryr.se\/wp-content\/uploads\/2014\/11\/sn\u00f6.jpg\"><img loading=\"lazy\" decoding=\"async\" class=\"size-full wp-image-2677\" title=\"sn\u00f6\" src=\"http:\/\/sundalsryr.se\/wp-content\/uploads\/2014\/11\/sn\u00f6.jpg\" alt=\"\" width=\"720\" height=\"960\" srcset=\"http:\/\/sundalsryr.se\/wp-content\/uploads\/2014\/11\/sn\u00f6.jpg 720w, http:\/\/sundalsryr.se\/wp-content\/uploads\/2014\/11\/sn\u00f6-225x300.jpg 225w\" sizes=\"(max-width: 720px) 100vw, 720px\" \/><\/a><figcaption id=\"caption-attachment-2677\" class=\"wp-caption-text\">Promenad 18\/1-2014<\/figcaption><\/figure>\n<p>Under mina promenader ser jag inte s\u00e5 m\u00e5nga djur l\u00e4ngre, s\u00e5 h\u00e4r i mitten p\u00e5 november. De flesta har g\u00e5tt i ide. Sensommar och tidig h\u00f6st \u00e4r en ganska aktiv tid i djurriket liksom v\u00e5r och f\u00f6rsommar. Att g\u00e5 i naturen dessa tider \u00e4r sp\u00e4nnande. L\u00e4gger in ett par \u201ddagboksanteckningar\u201d fr\u00e5n september detta \u00e5r;<\/p>\n<p><em>17\/9-2014<\/em><\/p>\n<p><em>Imorse krockade jag med en gr\u00e4vling men inte med bilen utan till fots! Detta skedde under den dunkla morgonpromenaden. Den sedvanliga pannlampan p\u00e5 skallen var sl\u00e4ckt. Jag h\u00f6rde ett prasslande i diket och i n\u00e4sta stund rammades insidan av h\u00f6ger ankel av n\u00e5got h\u00e5rt och kantigt. ??-!!-f\u00f6rl\u00e5t, sa jag i nu n\u00e4mnd ordning. @#!! sa gr\u00e4vlingen och Kollie sa -vad? Ska vi leka? Sedan skiljdes v\u00e5ra v\u00e4gar. Jag vet inte om gr\u00e4vlingen fick n\u00e5gon fl\u00e4skl\u00e4pp eller bula i pannan, hoppas inte. Sj\u00e4lv fick jag mig en upplevelse. H\u00e4rligt!<\/em><\/p>\n<p><em>28\/9-2014<\/em><\/p>\n<p><em>Under kv\u00e4llens promenad h\u00f6r jag pl\u00f6tsligt att det brakar inne i skogen. Perifert ser jag en \u00e4lgko komma springande j\u00e4msides med mig och Kollie. Jag stannade och hoppades att den inte skulle tycka att jag var f\u00f6r n\u00e4ra och i v\u00e4gen s\u00e5 jag tror att jag till och med h\u00f6ll andan. Den verkade tycka att det var bra att jag stannade f\u00f6r tydligen var det till andra sidan v\u00e4gen den ville f\u00f6r den korsade v\u00e4gen alldeles framf\u00f6r mig.<\/em><\/p>\n<p><em>Men det mest fantastiska kommer nu. Den hade en \u00e5rskalv med sig! S\u00e5 liten, s\u00e5 vacker och s\u00e5 n\u00e4ra. N\u00e4r de var d\u00e4r mitt framf\u00f6r oss p\u00e5 v\u00e4gen hann jag k\u00e4nna en viss oro f\u00f6r att mamman skulle vilja skr\u00e4mma bort mig men hon tittade bara p\u00e5 mig och sprang vidare med kalven efter. Jag kunde till och med h\u00f6ra hur liten \u00e4lgkalven var. Klopp, klopp, klopp l\u00e4t det n\u00e4r mamman sprang \u00f6ver v\u00e4gen och sedan kom den lille med klick, klick, klick, klick, klick.Underbart<\/em><\/p>\n<p>De djur man ser nu \u00e4r fr\u00e4mst r\u00e5djur och n\u00e5gra enstaka \u00e4lgar som nyfiket st\u00e5r och tittar p\u00e5 beh\u00f6rigt avst\u00e5nd men de flesta ser jag inte eftersom det \u00e4r s\u00e5 m\u00f6rkt. Vissa g\u00e5nger kan jag erinra mig en k\u00e4nsla av att vara bevakad och troligen st\u00e4mmer det d\u00e5 om man bet\u00e4nker vad som h\u00e4nde 11\/9, vilket kan ses nedan;<\/p>\n<p><em>11\/9-2014<\/em><\/p>\n<p><em>Kv\u00e4llens promenad var kantad av en full m\u00e5ne, ugglor som hoade, tofsvipor som tjoade och en \u00e4lg som jag inte hade en aning om att den stod d\u00e4r men just som vi skulle passera den fick den f\u00f6r sig att b\u00e4ttre fly \u00e4n illa f\u00e4kta. Jag l\u00e4ttade en halvmeter och hj\u00e4rtat kraschlandade vid framt\u00e4nderna. De sm\u00e4lter in r\u00e4tt bra till bakgrunden n\u00e4r det \u00e4r dunkelt ute. Hade den st\u00e5tt still hade jag troligen aldrig sett den. T\u00e4nk s\u00e5dana \u00f6verraskningar man kan st\u00f6ta p\u00e5 p\u00e5 kv\u00e4llskvisten. <\/em><\/p>\n<p>Nu, d\u00e5 m\u00f6rkret redan s\u00e5 sm\u00e5tt s\u00e4nker sig vid eftermiddagskaffet hinner jag inte g\u00e5 kv\u00e4llspromenaden medan det \u00e4r ljust. S\u00e5ledes f\u00e5r pannlampan sitta p\u00e5. Dock t\u00e4nder jag den bara ibland eftersom det blir rykande \u00e5tg\u00e5ng p\u00e5 batterier annars. H\u00e4rom morgonen t\u00e4nde jag den f\u00f6r att se vad det var f\u00f6r m\u00f6rkt som l\u00e5g p\u00e5 grusv\u00e4gen \u00f6ver V\u00e4stra Bleken, lite l\u00e4ngre fram. Det m\u00f6rka visade sig vara efterl\u00e4mningarna av en h\u00e4st som uppenbarligen hade beh\u00f6vt l\u00e4tta p\u00e5 trycket just d\u00e4r. Jag blev lite full i skratt f\u00f6r i m\u00f6rkret s\u00e5g det ut som ett kl\u00e4desplagg eller n\u00e5got liknande. Jag kom d\u00e5 att t\u00e4nka p\u00e5 de tv\u00e5 \u00e5ren vi bodde i G\u00f6teborg. Jag och Kollie gick ju v\u00e5ra promenader d\u00e4r ocks\u00e5. Jag lovar att jag mycket hellre f\u00f6redrar h\u00e4stskit p\u00e5 v\u00e4gen \u00e4n glassplitter. Varje dag fick man \u201dkryssa\u201d runt glassplitter s\u00e5 att hunden inte skulle f\u00e5 det i tassarna.<\/p>\n<p>Jag tillh\u00f6r en av de d\u00e4r tokarna som \u00e4lskar alla \u00e5rstider. Framf\u00f6r allt \u00e4lskar jag att uppleva dem, att vara mitt i dem. Som nu, i november. M\u00f6rkret, fukten, bl\u00e5sten, kylan. Galet, t\u00e4nker ni, men i detta besv\u00e4rliga finns en erinran om det njutbara. Speciellt h\u00e4r i v\u00e5ra vackra rofyllda nejder. Jag upplevde det, som under m\u00e5nga promenader f\u00f6rr, denna novembermorgon. Under b\u00f6rjan av min promenad var det bara mulet, bl\u00e5sigt och lite \u201dflir\u201d (tunt duggregn). Efter en halvtimme tilltog regnet men d\u00e5 hade b\u00e5de jag och Kollie f\u00e5tt vittring p\u00e5 frukostbordet och vi k\u00e4nde oss st\u00e4rkta av den halvan av promenaden vi redan genomf\u00f6rt. L\u00e4gg d\u00e4rtill de vackra vyer som omger oss under promenaderna. F\u00f6r att inte tala om alla de h\u00e4rliga dofterna som naturen b\u00e4r under alla \u00e5rstider. Imorse som s\u00e5 m\u00e5nga g\u00e5nger f\u00f6rr, f\u00f6ll min blick mot V\u00e4stra Bleken \u00f6ver \u00e5krarna mot Granan (beklagligtvis \u00e4r inte jag n\u00e5gon bra fotograf men ni ser \u00e4nd\u00e5 hur vackert det \u00e4r trots bildkvaliten). Under helgerna f\u00f6rs\u00f6ker jag, i st\u00f6rsta m\u00f6jliga m\u00e5n, g\u00e5 under den ljusa delen av dygnet. Fantastiskt vackert! Diset fick Grananh\u00f6jderna att se trolska ut. H\u00e4r och d\u00e4r s\u00e5g man r\u00f6k ringla ur n\u00e5gon skorsten och det jag s\u00e5g erinrar mig om vykort. Det \u00e4r d\u00e5 jag sl\u00e5s av tanken som v\u00e4rmer hela min kropp. Jag tittar inte bara p\u00e5 vykort. Jag lever mitt i det!<\/p>\n<figure id=\"attachment_2678\" aria-describedby=\"caption-attachment-2678\" style=\"width: 594px\" class=\"wp-caption aligncenter\"><a href=\"http:\/\/sundalsryr.se\/wp-content\/uploads\/2014\/11\/v-blekan.jpg\"><img loading=\"lazy\" decoding=\"async\" class=\"size-full wp-image-2678 \" title=\"v blekan\" src=\"http:\/\/sundalsryr.se\/wp-content\/uploads\/2014\/11\/v-blekan.jpg\" alt=\"\" width=\"594\" height=\"446\" srcset=\"http:\/\/sundalsryr.se\/wp-content\/uploads\/2014\/11\/v-blekan.jpg 742w, http:\/\/sundalsryr.se\/wp-content\/uploads\/2014\/11\/v-blekan-300x225.jpg 300w\" sizes=\"(max-width: 594px) 100vw, 594px\" \/><\/a><figcaption id=\"caption-attachment-2678\" class=\"wp-caption-text\">Vy mot V\u00e4stra Bleken 16\/11-2014<\/figcaption><\/figure>\n<p><strong>\/ Marjukka Sagesj\u00f6<\/strong><\/p>\n<p><strong> <\/strong><\/p>\n","protected":false},"excerpt":{"rendered":"<p>November \u00e4r h\u00e4r. M\u00f6rkt, fuktigt och kallt. Vinterd\u00e4cken \u00e4r lyckligtvis p\u00e5 och snart \u00e4r det dags att ta fram dubben under f\u00f6tterna ocks\u00e5. Annars \u00e4r det risk f\u00f6r halka. I mitten p\u00e5 januari detta \u00e5ret var det halt. Jag hade inf\u00f6rskaffat mig dubb till skorna och nu skulle de f\u00e5 genomg\u00e5 det ultimata testet. Dagen&#8230;<\/p>\n","protected":false},"author":3,"featured_media":0,"comment_status":"open","ping_status":"open","sticky":false,"template":"","format":"standard","meta":{"_monsterinsights_skip_tracking":false,"_monsterinsights_sitenote_active":false,"_monsterinsights_sitenote_note":"","_monsterinsights_sitenote_category":0,"footnotes":""},"categories":[1],"tags":[],"class_list":["post-2675","post","type-post","status-publish","format-standard","hentry","category-aktuellt"],"_links":{"self":[{"href":"http:\/\/sundalsryr.se\/index.php?rest_route=\/wp\/v2\/posts\/2675"}],"collection":[{"href":"http:\/\/sundalsryr.se\/index.php?rest_route=\/wp\/v2\/posts"}],"about":[{"href":"http:\/\/sundalsryr.se\/index.php?rest_route=\/wp\/v2\/types\/post"}],"author":[{"embeddable":true,"href":"http:\/\/sundalsryr.se\/index.php?rest_route=\/wp\/v2\/users\/3"}],"replies":[{"embeddable":true,"href":"http:\/\/sundalsryr.se\/index.php?rest_route=%2Fwp%2Fv2%2Fcomments&post=2675"}],"version-history":[{"count":3,"href":"http:\/\/sundalsryr.se\/index.php?rest_route=\/wp\/v2\/posts\/2675\/revisions"}],"predecessor-version":[{"id":2681,"href":"http:\/\/sundalsryr.se\/index.php?rest_route=\/wp\/v2\/posts\/2675\/revisions\/2681"}],"wp:attachment":[{"href":"http:\/\/sundalsryr.se\/index.php?rest_route=%2Fwp%2Fv2%2Fmedia&parent=2675"}],"wp:term":[{"taxonomy":"category","embeddable":true,"href":"http:\/\/sundalsryr.se\/index.php?rest_route=%2Fwp%2Fv2%2Fcategories&post=2675"},{"taxonomy":"post_tag","embeddable":true,"href":"http:\/\/sundalsryr.se\/index.php?rest_route=%2Fwp%2Fv2%2Ftags&post=2675"}],"curies":[{"name":"wp","href":"https:\/\/api.w.org\/{rel}","templated":true}]}}