{"id":2699,"date":"2014-11-28T17:13:00","date_gmt":"2014-11-28T17:13:00","guid":{"rendered":"http:\/\/sundalsryr.se\/?p=2699"},"modified":"2014-11-28T17:14:01","modified_gmt":"2014-11-28T17:14:01","slug":"kandisar-for-en-dag","status":"publish","type":"post","link":"http:\/\/sundalsryr.se\/?p=2699","title":{"rendered":"K\u00e4ndisar f\u00f6r en dag&#8230;"},"content":{"rendered":"<figure id=\"attachment_2701\" aria-describedby=\"caption-attachment-2701\" style=\"width: 564px\" class=\"wp-caption aligncenter\"><a href=\"http:\/\/sundalsryr.se\/wp-content\/uploads\/2014\/11\/IMG_17271.jpg\"><img loading=\"lazy\" decoding=\"async\" class=\"size-full wp-image-2701    \" title=\"IMG_1727\" src=\"http:\/\/sundalsryr.se\/wp-content\/uploads\/2014\/11\/IMG_17271.jpg\" alt=\"\" width=\"564\" height=\"752\" srcset=\"http:\/\/sundalsryr.se\/wp-content\/uploads\/2014\/11\/IMG_17271.jpg 2448w, http:\/\/sundalsryr.se\/wp-content\/uploads\/2014\/11\/IMG_17271-225x300.jpg 225w, http:\/\/sundalsryr.se\/wp-content\/uploads\/2014\/11\/IMG_17271-768x1024.jpg 768w\" sizes=\"(max-width: 564px) 100vw, 564px\" \/><\/a><figcaption id=\"caption-attachment-2701\" class=\"wp-caption-text\">Eftersom det \u00e4r 1 advent och en stor kyrkoh\u00f6gtid nu p\u00e5 s\u00f6ndag, kom utsmyckningen p\u00e5 plats redan i dag, s\u00e5 den kan gl\u00e4dja kyrkobes\u00f6kare hela December.<\/figcaption><\/figure>\n<p>\u00c5r 2011 var det J\u00f6nk\u00f6ping, \u00a02012 \u00d6rebro, 2013 Ume\u00e5 och i \u00e5r blir det SUNDALS RYR!<\/p>\n<p>Varje s\u00f6ndag eller annan kyrkodag s\u00e4nder Sveriges radio P1 gudstj\u00e4nst fr\u00e5n n\u00e5gon kyrka i Sverige. I \u00e5r ska julottegudstj\u00e4nsten s\u00e4ndas fr\u00e5n nya kyrkan i Sundals ryr. Byalaget \u00e4r som ni vet politiskt och religi\u00f6st obundet, men vi vill naturligtvis \u00e4nd\u00e5 medverka p\u00e5 v\u00e5rt lilla s\u00e4tt, n\u00e4r en s\u00e5 stor sak kommer till v\u00e5r bygd. Vi bidrar d\u00e4rf\u00f6r med granar och granris vid kyrkporten.<\/p>\n<p>Man kan h\u00f6ra julottan p\u00e5 radio den 25:e december kl : 7 eller s\u00e5 kan man vara med i kyrkan, men d\u00e5 f\u00e5r man vara ute i god tid, det kan bli tr\u00e5ngt b\u00e5de p\u00e5 parkeringen och i b\u00e4nkarna. Men finns det hj\u00e4rterum s\u00e5 finns det stj\u00e4rterum&#8230;<\/p>\n","protected":false},"excerpt":{"rendered":"<p>\u00c5r 2011 var det J\u00f6nk\u00f6ping, \u00a02012 \u00d6rebro, 2013 Ume\u00e5 och i \u00e5r blir det SUNDALS RYR! Varje s\u00f6ndag eller annan kyrkodag s\u00e4nder Sveriges radio P1 gudstj\u00e4nst fr\u00e5n n\u00e5gon kyrka i Sverige. I \u00e5r ska julottegudstj\u00e4nsten s\u00e4ndas fr\u00e5n nya kyrkan i Sundals ryr. Byalaget \u00e4r som ni vet politiskt och religi\u00f6st obundet, men vi vill naturligtvis&#8230;<\/p>\n","protected":false},"author":3,"featured_media":0,"comment_status":"open","ping_status":"open","sticky":false,"template":"","format":"standard","meta":{"_monsterinsights_skip_tracking":false,"_monsterinsights_sitenote_active":false,"_monsterinsights_sitenote_note":"","_monsterinsights_sitenote_category":0,"footnotes":""},"categories":[1],"tags":[],"class_list":["post-2699","post","type-post","status-publish","format-standard","hentry","category-aktuellt"],"_links":{"self":[{"href":"http:\/\/sundalsryr.se\/index.php?rest_route=\/wp\/v2\/posts\/2699"}],"collection":[{"href":"http:\/\/sundalsryr.se\/index.php?rest_route=\/wp\/v2\/posts"}],"about":[{"href":"http:\/\/sundalsryr.se\/index.php?rest_route=\/wp\/v2\/types\/post"}],"author":[{"embeddable":true,"href":"http:\/\/sundalsryr.se\/index.php?rest_route=\/wp\/v2\/users\/3"}],"replies":[{"embeddable":true,"href":"http:\/\/sundalsryr.se\/index.php?rest_route=%2Fwp%2Fv2%2Fcomments&post=2699"}],"version-history":[{"count":2,"href":"http:\/\/sundalsryr.se\/index.php?rest_route=\/wp\/v2\/posts\/2699\/revisions"}],"predecessor-version":[{"id":2703,"href":"http:\/\/sundalsryr.se\/index.php?rest_route=\/wp\/v2\/posts\/2699\/revisions\/2703"}],"wp:attachment":[{"href":"http:\/\/sundalsryr.se\/index.php?rest_route=%2Fwp%2Fv2%2Fmedia&parent=2699"}],"wp:term":[{"taxonomy":"category","embeddable":true,"href":"http:\/\/sundalsryr.se\/index.php?rest_route=%2Fwp%2Fv2%2Fcategories&post=2699"},{"taxonomy":"post_tag","embeddable":true,"href":"http:\/\/sundalsryr.se\/index.php?rest_route=%2Fwp%2Fv2%2Ftags&post=2699"}],"curies":[{"name":"wp","href":"https:\/\/api.w.org\/{rel}","templated":true}]}}