{"id":2705,"date":"2014-12-02T21:48:21","date_gmt":"2014-12-02T21:48:21","guid":{"rendered":"http:\/\/sundalsryr.se\/?p=2705"},"modified":"2014-12-02T21:48:21","modified_gmt":"2014-12-02T21:48:21","slug":"gloggkvall-och-tomteparad","status":"publish","type":"post","link":"http:\/\/sundalsryr.se\/?p=2705","title":{"rendered":"Gl\u00f6ggkv\u00e4ll och tomteparad"},"content":{"rendered":"<p>P\u00e5 fredag \u00e4r det dags att f\u00f6rbereda byalagets vagn inf\u00f6r tomtet\u00e5get.<\/p>\n<p>Vi tr\u00e4ffas kl 19 hos familjen Thorsson i Gunnersbyn och pyntar \u201dbadkaret\u201d. Var och en tar med mat och dryck till sig, det finns m\u00f6jlighet till grillning.<\/p>\n<figure id=\"attachment_2704\" aria-describedby=\"caption-attachment-2704\" style=\"width: 245px\" class=\"wp-caption aligncenter\"><a href=\"http:\/\/sundalsryr.se\/wp-content\/uploads\/2014\/12\/tomte.jpg\"><img loading=\"lazy\" decoding=\"async\" class=\"size-full wp-image-2704\" title=\"tomte\" src=\"http:\/\/sundalsryr.se\/wp-content\/uploads\/2014\/12\/tomte.jpg\" alt=\"\" width=\"245\" height=\"206\" \/><\/a><figcaption id=\"caption-attachment-2704\" class=\"wp-caption-text\"> <\/figcaption><\/figure>\n<p>F\u00f6rsta l\u00f6rdagen i december \u00e4r det tomteparad i Br\u00e5landa, precis som det varit 61 g\u00e5nger tidigare. Kl 15 \u00e4r det samling vid gamla v\u00e4gf\u00f6rvaltningen. B\u00e5de stora och sm\u00e5 tomtar \u00e4r v\u00e4lkomna att \u00e5ka\/g\u00e5 med byalagets vagn.<\/p>\n<p>Paradens arrang\u00f6r, Lions Br\u00e5landa, h\u00e4lsar att de g\u00e4rna vill se fler vuxna tomtar som g\u00e5r med i t\u00e5get. F\u00f6r att r\u00e4knas som tomte ska man ha (minst) r\u00f6d luva och r\u00f6d rock!<\/p>\n<p><strong>Alla \u00e4r varmt v\u00e4lkomna att vara med b\u00e5de p\u00e5 fredag kv\u00e4ll och p\u00e5 l\u00f6rdag eftermiddag!<\/strong><\/p>\n","protected":false},"excerpt":{"rendered":"<p>P\u00e5 fredag \u00e4r det dags att f\u00f6rbereda byalagets vagn inf\u00f6r tomtet\u00e5get. Vi tr\u00e4ffas kl 19 hos familjen Thorsson i Gunnersbyn och pyntar \u201dbadkaret\u201d. Var och en tar med mat och dryck till sig, det finns m\u00f6jlighet till grillning. F\u00f6rsta l\u00f6rdagen i december \u00e4r det tomteparad i Br\u00e5landa, precis som det varit 61 g\u00e5nger tidigare. Kl&#8230;<\/p>\n","protected":false},"author":3,"featured_media":0,"comment_status":"open","ping_status":"open","sticky":false,"template":"","format":"standard","meta":{"_monsterinsights_skip_tracking":false,"_monsterinsights_sitenote_active":false,"_monsterinsights_sitenote_note":"","_monsterinsights_sitenote_category":0,"footnotes":""},"categories":[1],"tags":[],"class_list":["post-2705","post","type-post","status-publish","format-standard","hentry","category-aktuellt"],"_links":{"self":[{"href":"http:\/\/sundalsryr.se\/index.php?rest_route=\/wp\/v2\/posts\/2705"}],"collection":[{"href":"http:\/\/sundalsryr.se\/index.php?rest_route=\/wp\/v2\/posts"}],"about":[{"href":"http:\/\/sundalsryr.se\/index.php?rest_route=\/wp\/v2\/types\/post"}],"author":[{"embeddable":true,"href":"http:\/\/sundalsryr.se\/index.php?rest_route=\/wp\/v2\/users\/3"}],"replies":[{"embeddable":true,"href":"http:\/\/sundalsryr.se\/index.php?rest_route=%2Fwp%2Fv2%2Fcomments&post=2705"}],"version-history":[{"count":1,"href":"http:\/\/sundalsryr.se\/index.php?rest_route=\/wp\/v2\/posts\/2705\/revisions"}],"predecessor-version":[{"id":2706,"href":"http:\/\/sundalsryr.se\/index.php?rest_route=\/wp\/v2\/posts\/2705\/revisions\/2706"}],"wp:attachment":[{"href":"http:\/\/sundalsryr.se\/index.php?rest_route=%2Fwp%2Fv2%2Fmedia&parent=2705"}],"wp:term":[{"taxonomy":"category","embeddable":true,"href":"http:\/\/sundalsryr.se\/index.php?rest_route=%2Fwp%2Fv2%2Fcategories&post=2705"},{"taxonomy":"post_tag","embeddable":true,"href":"http:\/\/sundalsryr.se\/index.php?rest_route=%2Fwp%2Fv2%2Ftags&post=2705"}],"curies":[{"name":"wp","href":"https:\/\/api.w.org\/{rel}","templated":true}]}}