{"id":2721,"date":"2014-12-26T21:39:20","date_gmt":"2014-12-26T21:39:20","guid":{"rendered":"http:\/\/sundalsryr.se\/?p=2721"},"modified":"2014-12-26T21:40:24","modified_gmt":"2014-12-26T21:40:24","slug":"valbesokt-julotta-i-sundals-ryrs-kyrka","status":"publish","type":"post","link":"http:\/\/sundalsryr.se\/?p=2721","title":{"rendered":"V\u00e4lbes\u00f6kt julotta i Sundals ryrs kyrka."},"content":{"rendered":"<figure id=\"attachment_2723\" aria-describedby=\"caption-attachment-2723\" style=\"width: 614px\" class=\"wp-caption aligncenter\"><a href=\"http:\/\/sundalsryr.se\/wp-content\/uploads\/2014\/12\/IMG_1789.jpg\"><img loading=\"lazy\" decoding=\"async\" class=\"size-large wp-image-2723  \" title=\"IMG_1789\" src=\"http:\/\/sundalsryr.se\/wp-content\/uploads\/2014\/12\/IMG_1789-1024x1024.jpg\" alt=\"\" width=\"614\" height=\"614\" srcset=\"http:\/\/sundalsryr.se\/wp-content\/uploads\/2014\/12\/IMG_1789-1024x1024.jpg 1024w, http:\/\/sundalsryr.se\/wp-content\/uploads\/2014\/12\/IMG_1789-150x150.jpg 150w, http:\/\/sundalsryr.se\/wp-content\/uploads\/2014\/12\/IMG_1789-300x300.jpg 300w\" sizes=\"(max-width: 614px) 100vw, 614px\" \/><\/a><figcaption id=\"caption-attachment-2723\" class=\"wp-caption-text\">K\u00f6ren hade en framtr\u00e4dande roll och sj\u00f6ng fantastiskt. <\/figcaption><\/figure>\n<p>Morgonen var kall och klar. Sundals ryrs kyrkok\u00f6r, f\u00f6r dagen f\u00f6rst\u00e4rkt med k\u00f6rerna fr\u00e5n Gestad och Br\u00e5landa, var tidigt p\u00e5 plats f\u00f6ra att sjunga upp. Likas\u00e5 s\u00e4ndarbilen, tekniker och producent fr\u00e5n Sveriges radio. Annars var den enda m\u00e4rkbara skillnaden en m\u00e4ngd mikrofoner utplacerade i kyrkan.<\/p>\n<figure id=\"attachment_2722\" aria-describedby=\"caption-attachment-2722\" style=\"width: 300px\" class=\"wp-caption alignright\"><a href=\"http:\/\/sundalsryr.se\/wp-content\/uploads\/2014\/12\/IMG_1783.jpg\"><img loading=\"lazy\" decoding=\"async\" class=\"size-medium wp-image-2722 \" title=\"IMG_1783\" src=\"http:\/\/sundalsryr.se\/wp-content\/uploads\/2014\/12\/IMG_1783-300x300.jpg\" alt=\"\" width=\"300\" height=\"300\" srcset=\"http:\/\/sundalsryr.se\/wp-content\/uploads\/2014\/12\/IMG_1783-300x300.jpg 300w, http:\/\/sundalsryr.se\/wp-content\/uploads\/2014\/12\/IMG_1783-150x150.jpg 150w, http:\/\/sundalsryr.se\/wp-content\/uploads\/2014\/12\/IMG_1783-1024x1024.jpg 1024w\" sizes=\"(max-width: 300px) 100vw, 300px\" \/><\/a><figcaption id=\"caption-attachment-2722\" class=\"wp-caption-text\">Extra mikrofoner p\u00e5 flera st\u00e4llen<\/figcaption><\/figure>\n<p>58 minuter ska en radiogudstj\u00e4nst vara, varken mer eller mindre, dessutom f\u00e5r det inte vara n\u00e5gra l\u00e5nga pauser mellan de olika delarna. Allt m\u00e5ste flyta p\u00e5. Man vill helst ocks\u00e5 undvika bakgrundsljud som skrapande stolar och prasslande papper.<\/p>\n<figure id=\"attachment_2724\" aria-describedby=\"caption-attachment-2724\" style=\"width: 300px\" class=\"wp-caption alignleft\"><a href=\"http:\/\/sundalsryr.se\/wp-content\/uploads\/2014\/12\/IMG_1781.jpg\"><img loading=\"lazy\" decoding=\"async\" class=\"size-medium wp-image-2724\" title=\"IMG_1781\" src=\"http:\/\/sundalsryr.se\/wp-content\/uploads\/2014\/12\/IMG_1781-300x300.jpg\" alt=\"\" width=\"300\" height=\"300\" srcset=\"http:\/\/sundalsryr.se\/wp-content\/uploads\/2014\/12\/IMG_1781-300x300.jpg 300w, http:\/\/sundalsryr.se\/wp-content\/uploads\/2014\/12\/IMG_1781-150x150.jpg 150w, http:\/\/sundalsryr.se\/wp-content\/uploads\/2014\/12\/IMG_1781-1024x1024.jpg 1024w\" sizes=\"(max-width: 300px) 100vw, 300px\" \/><\/a><figcaption id=\"caption-attachment-2724\" class=\"wp-caption-text\">S\u00e4ndarbussen p\u00e5 plats<\/figcaption><\/figure>\n<p>Kyrkan var s\u00e5 gott som fullsatt och n\u00e4r producenten strax efter kl 7 meddelade att \u201dnu p\u00e5g\u00e5r ekonyheterna\u201d blev det en and\u00e4ktig tystnad. Direkt n\u00e4r ekot \u00e4r slut tar klockringningen vid och sedan inleder producenten med att v\u00e4lkomna radiolyssnarna. \u201dV\u00e4lkomna till julottan som idag s\u00e4nds fr\u00e5n Sundals ryrs kyrka i Dalsland\u2026\u201d.<\/p>\n<figure id=\"attachment_2725\" aria-describedby=\"caption-attachment-2725\" style=\"width: 781px\" class=\"wp-caption aligncenter\"><a href=\"http:\/\/sundalsryr.se\/wp-content\/uploads\/2014\/12\/IMG_1792.jpg\"><img loading=\"lazy\" decoding=\"async\" class=\"size-full wp-image-2725       \" title=\"IMG_1792\" src=\"http:\/\/sundalsryr.se\/wp-content\/uploads\/2014\/12\/IMG_1792.jpg\" alt=\"\" width=\"781\" height=\"781\" srcset=\"http:\/\/sundalsryr.se\/wp-content\/uploads\/2014\/12\/IMG_1792.jpg 2448w, http:\/\/sundalsryr.se\/wp-content\/uploads\/2014\/12\/IMG_1792-150x150.jpg 150w, http:\/\/sundalsryr.se\/wp-content\/uploads\/2014\/12\/IMG_1792-300x300.jpg 300w, http:\/\/sundalsryr.se\/wp-content\/uploads\/2014\/12\/IMG_1792-1024x1024.jpg 1024w\" sizes=\"(max-width: 781px) 100vw, 781px\" \/><\/a><figcaption id=\"caption-attachment-2725\" class=\"wp-caption-text\">Kyrkan var n\u00e4stan fullsatt<\/figcaption><\/figure>\n<p>Man h\u00f6ll tiden bra, k\u00f6ren fick sjunga ett par extra verser p\u00e5 den sista s\u00e5ngen eftersom s\u00e4ndningstiden inte riktigt var slut, men det var nog inget som gemene man t\u00e4nkte p\u00e5. Det inneb\u00e4r lite ansp\u00e4nning att vara med i radon och n\u00e4r allt var slut andades alla ut av l\u00e4ttnad.<\/p>\n<p>Vill du lyssna i efterhand s\u00e5 finns det p\u00e5 Sveriges radios hemsida, kanal P1.<\/p>\n","protected":false},"excerpt":{"rendered":"<p>Morgonen var kall och klar. Sundals ryrs kyrkok\u00f6r, f\u00f6r dagen f\u00f6rst\u00e4rkt med k\u00f6rerna fr\u00e5n Gestad och Br\u00e5landa, var tidigt p\u00e5 plats f\u00f6ra att sjunga upp. Likas\u00e5 s\u00e4ndarbilen, tekniker och producent fr\u00e5n Sveriges radio. Annars var den enda m\u00e4rkbara skillnaden en m\u00e4ngd mikrofoner utplacerade i kyrkan. 58 minuter ska en radiogudstj\u00e4nst vara, varken mer eller mindre,&#8230;<\/p>\n","protected":false},"author":3,"featured_media":0,"comment_status":"open","ping_status":"open","sticky":false,"template":"","format":"standard","meta":{"_monsterinsights_skip_tracking":false,"_monsterinsights_sitenote_active":false,"_monsterinsights_sitenote_note":"","_monsterinsights_sitenote_category":0,"footnotes":""},"categories":[1],"tags":[],"class_list":["post-2721","post","type-post","status-publish","format-standard","hentry","category-aktuellt"],"_links":{"self":[{"href":"http:\/\/sundalsryr.se\/index.php?rest_route=\/wp\/v2\/posts\/2721"}],"collection":[{"href":"http:\/\/sundalsryr.se\/index.php?rest_route=\/wp\/v2\/posts"}],"about":[{"href":"http:\/\/sundalsryr.se\/index.php?rest_route=\/wp\/v2\/types\/post"}],"author":[{"embeddable":true,"href":"http:\/\/sundalsryr.se\/index.php?rest_route=\/wp\/v2\/users\/3"}],"replies":[{"embeddable":true,"href":"http:\/\/sundalsryr.se\/index.php?rest_route=%2Fwp%2Fv2%2Fcomments&post=2721"}],"version-history":[{"count":5,"href":"http:\/\/sundalsryr.se\/index.php?rest_route=\/wp\/v2\/posts\/2721\/revisions"}],"predecessor-version":[{"id":2730,"href":"http:\/\/sundalsryr.se\/index.php?rest_route=\/wp\/v2\/posts\/2721\/revisions\/2730"}],"wp:attachment":[{"href":"http:\/\/sundalsryr.se\/index.php?rest_route=%2Fwp%2Fv2%2Fmedia&parent=2721"}],"wp:term":[{"taxonomy":"category","embeddable":true,"href":"http:\/\/sundalsryr.se\/index.php?rest_route=%2Fwp%2Fv2%2Fcategories&post=2721"},{"taxonomy":"post_tag","embeddable":true,"href":"http:\/\/sundalsryr.se\/index.php?rest_route=%2Fwp%2Fv2%2Ftags&post=2721"}],"curies":[{"name":"wp","href":"https:\/\/api.w.org\/{rel}","templated":true}]}}