{"id":2758,"date":"2015-01-13T15:57:16","date_gmt":"2015-01-13T15:57:16","guid":{"rendered":"http:\/\/sundalsryr.se\/?p=2758"},"modified":"2015-01-13T15:57:16","modified_gmt":"2015-01-13T15:57:16","slug":"januari-borjar-aret","status":"publish","type":"post","link":"http:\/\/sundalsryr.se\/?p=2758","title":{"rendered":"Januari b\u00f6rjar \u00e5ret&#8230;"},"content":{"rendered":"<p>Nytt \u00e5r men samma v\u00e4der. Enligt bondepraktikan blir sk\u00f6rden arm om januari \u00e4r varm. Dimma ger en bl\u00f6t v\u00e5r. \u00c5skar det blir det ett fruktsamt \u00e5r, men \u00e4ven krig och storm. Om myggen dansar blir det ett sv\u00e5rt foder\u00e5r.<\/p>\n<figure id=\"attachment_2759\" aria-describedby=\"caption-attachment-2759\" style=\"width: 300px\" class=\"wp-caption alignleft\"><a href=\"http:\/\/sundalsryr.se\/wp-content\/uploads\/2015\/01\/IMG_1839.jpg\"><img loading=\"lazy\" decoding=\"async\" class=\"size-medium wp-image-2759\" title=\"IMG_1839\" src=\"http:\/\/sundalsryr.se\/wp-content\/uploads\/2015\/01\/IMG_1839-300x300.jpg\" alt=\"\" width=\"300\" height=\"300\" srcset=\"http:\/\/sundalsryr.se\/wp-content\/uploads\/2015\/01\/IMG_1839-300x300.jpg 300w, http:\/\/sundalsryr.se\/wp-content\/uploads\/2015\/01\/IMG_1839-150x150.jpg 150w, http:\/\/sundalsryr.se\/wp-content\/uploads\/2015\/01\/IMG_1839-1024x1024.jpg 1024w\" sizes=\"(max-width: 300px) 100vw, 300px\" \/><\/a><figcaption id=\"caption-attachment-2759\" class=\"wp-caption-text\">N\u00e5gra tr\u00e4d som Egon f\u00e4llt<\/figcaption><\/figure>\n<p>Stormen har vi redan f\u00e5tt k\u00e4nna p\u00e5 n\u00e4r Egon kom p\u00e5 bes\u00f6k. Han f\u00e4llde tr\u00e4d, bl\u00e5ste ner takpannor och orsakade str\u00f6mavbrott f\u00f6r n\u00e5gra av oss. Annat som bondepraktikan sp\u00e5r om kanske vi ska ta med en nypa salt.<\/p>\n<figure id=\"attachment_2760\" aria-describedby=\"caption-attachment-2760\" style=\"width: 150px\" class=\"wp-caption alignright\"><a href=\"http:\/\/sundalsryr.se\/wp-content\/uploads\/2015\/01\/IMG_1838.jpg\"><img loading=\"lazy\" decoding=\"async\" class=\"size-thumbnail wp-image-2760\" title=\"IMG_1838\" src=\"http:\/\/sundalsryr.se\/wp-content\/uploads\/2015\/01\/IMG_1838-150x150.jpg\" alt=\"\" width=\"150\" height=\"150\" srcset=\"http:\/\/sundalsryr.se\/wp-content\/uploads\/2015\/01\/IMG_1838-150x150.jpg 150w, http:\/\/sundalsryr.se\/wp-content\/uploads\/2015\/01\/IMG_1838-300x300.jpg 300w, http:\/\/sundalsryr.se\/wp-content\/uploads\/2015\/01\/IMG_1838-1024x1024.jpg 1024w\" sizes=\"(max-width: 150px) 100vw, 150px\" \/><\/a><figcaption id=\"caption-attachment-2760\" class=\"wp-caption-text\">Inte riktigt r\u00e4tt v\u00e4g till \u00c5rbol...<\/figcaption><\/figure>\n<p>Nu v\u00e4ntar oxveckorna. En l\u00e4ngre period utan n\u00e5gra extra helg eller lediga dagar. Men om man inte har n\u00e5gra f\u00f6rpliktigande ny\u00e5rsl\u00f6ften med \u00e5taganden om mat och viktnedg\u00e5ng, kan man ju alltid liva upp tillvaron med att \u00e4ta en semla. V\u00e4rre var det 1952, d\u00e5 det blev b\u00f6ter f\u00f6r den som s\u00e5lde semlor f\u00f6r tidigt! Tur att jordbruksn\u00e4mnden \u00e4r nerlagd.<\/p>\n<figure id=\"attachment_2763\" aria-describedby=\"caption-attachment-2763\" style=\"width: 349px\" class=\"wp-caption alignright\"><a href=\"http:\/\/sundalsryr.se\/wp-content\/uploads\/2015\/01\/f\u00f6rbud1.png\"><img loading=\"lazy\" decoding=\"async\" class=\"size-full wp-image-2763\" title=\"f\u00f6rbud\" src=\"http:\/\/sundalsryr.se\/wp-content\/uploads\/2015\/01\/f\u00f6rbud1.png\" alt=\"\" width=\"349\" height=\"480\" srcset=\"http:\/\/sundalsryr.se\/wp-content\/uploads\/2015\/01\/f\u00f6rbud1.png 349w, http:\/\/sundalsryr.se\/wp-content\/uploads\/2015\/01\/f\u00f6rbud1-218x300.png 218w\" sizes=\"(max-width: 349px) 100vw, 349px\" \/><\/a><figcaption id=\"caption-attachment-2763\" class=\"wp-caption-text\">Tidningsklipp fr\u00e5n 1952<\/figcaption><\/figure>\n<p>Byalaget jobbar f\u00f6r fullt med att f\u00e4rdigst\u00e4lla v\u00e5rens program. Vi hoppas det \u00e4r klart att dela ut n\u00e5gon g\u00e5ng vecka\u00a0 4.<\/p>\n","protected":false},"excerpt":{"rendered":"<p>Nytt \u00e5r men samma v\u00e4der. Enligt bondepraktikan blir sk\u00f6rden arm om januari \u00e4r varm. Dimma ger en bl\u00f6t v\u00e5r. \u00c5skar det blir det ett fruktsamt \u00e5r, men \u00e4ven krig och storm. Om myggen dansar blir det ett sv\u00e5rt foder\u00e5r. Stormen har vi redan f\u00e5tt k\u00e4nna p\u00e5 n\u00e4r Egon kom p\u00e5 bes\u00f6k. Han f\u00e4llde tr\u00e4d, bl\u00e5ste&#8230;<\/p>\n","protected":false},"author":3,"featured_media":0,"comment_status":"open","ping_status":"open","sticky":false,"template":"","format":"standard","meta":{"_monsterinsights_skip_tracking":false,"_monsterinsights_sitenote_active":false,"_monsterinsights_sitenote_note":"","_monsterinsights_sitenote_category":0,"footnotes":""},"categories":[1],"tags":[],"class_list":["post-2758","post","type-post","status-publish","format-standard","hentry","category-aktuellt"],"_links":{"self":[{"href":"http:\/\/sundalsryr.se\/index.php?rest_route=\/wp\/v2\/posts\/2758"}],"collection":[{"href":"http:\/\/sundalsryr.se\/index.php?rest_route=\/wp\/v2\/posts"}],"about":[{"href":"http:\/\/sundalsryr.se\/index.php?rest_route=\/wp\/v2\/types\/post"}],"author":[{"embeddable":true,"href":"http:\/\/sundalsryr.se\/index.php?rest_route=\/wp\/v2\/users\/3"}],"replies":[{"embeddable":true,"href":"http:\/\/sundalsryr.se\/index.php?rest_route=%2Fwp%2Fv2%2Fcomments&post=2758"}],"version-history":[{"count":3,"href":"http:\/\/sundalsryr.se\/index.php?rest_route=\/wp\/v2\/posts\/2758\/revisions"}],"predecessor-version":[{"id":2765,"href":"http:\/\/sundalsryr.se\/index.php?rest_route=\/wp\/v2\/posts\/2758\/revisions\/2765"}],"wp:attachment":[{"href":"http:\/\/sundalsryr.se\/index.php?rest_route=%2Fwp%2Fv2%2Fmedia&parent=2758"}],"wp:term":[{"taxonomy":"category","embeddable":true,"href":"http:\/\/sundalsryr.se\/index.php?rest_route=%2Fwp%2Fv2%2Fcategories&post=2758"},{"taxonomy":"post_tag","embeddable":true,"href":"http:\/\/sundalsryr.se\/index.php?rest_route=%2Fwp%2Fv2%2Ftags&post=2758"}],"curies":[{"name":"wp","href":"https:\/\/api.w.org\/{rel}","templated":true}]}}