{"id":2766,"date":"2015-01-14T18:45:15","date_gmt":"2015-01-14T18:45:15","guid":{"rendered":"http:\/\/sundalsryr.se\/?p=2766"},"modified":"2015-01-14T18:45:15","modified_gmt":"2015-01-14T18:45:15","slug":"mitt-mote-med-egon","status":"publish","type":"post","link":"http:\/\/sundalsryr.se\/?p=2766","title":{"rendered":"Mitt m\u00f6te med Egon"},"content":{"rendered":"<h1><span style=\"font-size: 13px; font-weight: normal;\">Vaknade till ett lugnt Sundals Ryr. Allt verkade s\u00e5 stilla. S\u00e5 till den grad\u00a0 att jag k\u00e4nde mig tvungen att kontrollera huruvida det verkligen var sant eller ej. Egon kanske l\u00e5g och lurpassade bara. Likt en katt som g\u00f6r sig platt och trampar f\u00f6r att f\u00e5 riktig fart n\u00e4r det \u00e4r dags. Jag stack f\u00f6rsiktigt ut n\u00e4san och likas\u00e5 gjorde hunden Kollie. Vi sm\u00f6g b\u00e5da fram som f\u00f6r att vara beredda att f\u00f6rsvara oss d\u00e5 Egon skulle \u00f6verfalla oss. Vem \u00e4r d\u00e5 denne br\u00e5kige Egon? Jag ska h\u00e4r presentera er f\u00f6r varandra.\u00a0 Jag k\u00e4nde inte Egon till en b\u00f6rjan. Under hela l\u00f6rdagen rapporterades det p\u00e5 radion om denne Egon. Det varnades om hans framfart. Det uppmanades att stanna inne om man absolut inte m\u00e5ste ut. Jaja, t\u00e4nkte jag, ni skr\u00e4mdes om Svea ocks\u00e5. Inte var hon farlig. Det har tyckts mig, p\u00e5 senare tid, att man ropat -Vargen kommer! lite i on\u00f6dan. Jag talar ju f\u00f6rst\u00e5s om SMHI&#8217;s varningar.<\/span><\/h1>\n<p>Dock skulle det visa sig att Egon var en vresig typ. P\u00e5 l\u00f6rdagsf\u00f6rmiddagen rapporterades det om \u00f6versv\u00e4mningar, str\u00f6mavbrott och h\u00e5rda vindar. Jag, som gick omkring i Bollerud k\u00e4nde inte alls av detta. Allt var lugnt och fridfullt, som det oftast \u00e4r, i Bollerud. Fram mot eftermiddagen b\u00f6rjade det fl\u00e4kta lite. Grannen och jag tog en promenad upp\u00e5t fj\u00e4llet, med hundarna och vi konstaterade att &#8221;lite fl\u00e4ktar det nog allt&#8221;. Antagligen h\u00f6rde Egon detta och t\u00e4nkte ge oss p\u00e5 n\u00e4san f\u00f6r &#8221;liten fl\u00e4kt&#8221;. Fram mot 17-tiden satte det ig\u00e5ng. Jag t\u00e4nkte tanken att det var sk\u00f6nt att vi har nedgr\u00e4vda elkablar f\u00f6r d\u00e5 kanske vi f\u00e5r beh\u00e5lla str\u00f6mmen.<\/p>\n<p>Jag hade knappt hunnit t\u00e4nka den tanken f\u00f6rr\u00e4n det b\u00f6rjade. Str\u00f6mmen kom och gick s\u00e5 ofta att jag ett tag trodde att vi alla hus gemensamt skickade morsekod f\u00f6r att be om hj\u00e4lp uppifr\u00e5n. Det verkade ha n\u00e5tt fram f\u00f6r n\u00e4r jag vaknade p\u00e5 s\u00f6ndagen var str\u00f6mmen tillbaka. Jag \u00e4r glad att jag har en vedspis p\u00e5 vilken jag kan laga mat och som kan ge v\u00e4rme. Vid ett tillf\u00e4lle d\u00e5 str\u00f6mmen gick var jag p\u00e5 v\u00e4g nerf\u00f6r trappan. M\u00f6rkret blev s\u00e5 \u00f6verrumplande att jag h\u00f6ll p\u00e5 att ta hela trappen i ett steg, d\u00e5 allt blev svart. Efter det \u00e5kte pannlampan p\u00e5 och den fick sitta p\u00e5 hela kv\u00e4llen. T\u00e4nda ljus i alla rum, i med nya batterier i radion och fyr i vedspisen gav en mysig om \u00e4n n\u00e5got orolig kv\u00e4ll. Oron bestod i huruvida Egon skulle ta tag i mitt tak med sina 29 m\/s och l\u00e4mpa av det hos grannen eller ej.<\/p>\n<p>Egon hade b\u00f6rjat h\u00e4rja ordentligt nu. Hunden och katterna var lite p\u00e5 vakt. Sj\u00e4lv h\u00f6rde jag hur det riste i taket och h\u00f6ll tummarna f\u00f6r att det skulle h\u00e5lla. Stj\u00e4rnhimlen \u00e4r vacker men jag beh\u00f6ver inte ha tillg\u00e5ng till den inifr\u00e5n, om ni f\u00f6rst\u00e5r vad jag menar. Sista g\u00e5ngen str\u00f6mmen gick, dvs sista g\u00e5ngen innan jag skulle l\u00e4gga mig, gick jag runt i huset och sl\u00e4ckte allt som var p\u00e5 och t\u00e4nt. Det \u00e4r inte lika enkelt att genomf\u00f6ra denna enkla syssla i m\u00f6rkret. Man f\u00e5r liksom ingen \u00e5terkoppling p\u00e5 det man g\u00f6r. Detta resulterade i att jag, mitt i natten, vaknade av att sovrummet badade i ljus och Tv&#8217;n skr\u00e5lade f\u00f6r fullt. N\u00e5v\u00e4l, jag sl\u00e4ckte ner allt och fortsatte min sk\u00f6nhetss\u00f6mn. Vid 07:00 p\u00e5 s\u00f6ndag morgon var det dags att vakna och det var ocks\u00e5 d\u00e5 jag sm\u00f6g mig fram f\u00f6r att kolla huruvida Egon bara lurpassade eller om han verkligen hade l\u00e4mnat Sundals Ryr bakom sig och s\u00f6kte sig till andra nejder f\u00f6r att st\u00e4lla till. Jag kom fram till att Egon l\u00e4mnat oss. Ytterligare visade det sig, vid en snabb okul\u00e4r besiktning under den sedvanliga morgonpromenaden, att denne omtalade h\u00e4rjningsman inte l\u00e4mnat n\u00e5gra st\u00f6rre sp\u00e5r runt Bollerud och \u00d6stra Bleken. \u00c5tminstone inte vad jag kunde se med blotta \u00f6gat och d\u00e5 b\u00f6r vi inkludera myopi och brytningsfel som varande handikapp. L\u00e4gg d\u00e4rtill lite hyperopi och vi har identifierat hela skalan p\u00e5 undertecknad. Javisst har jag glas\u00f6gon men jag anv\u00e4nder dem inte hemma eftersom jag anser mig se bra ut \u00e4nd\u00e5. Jag gick och rensade v\u00e4gen fr\u00e5n kvistar vilket var, i princip, det enda jag s\u00e5g fr\u00e5n d\u00e4r jag gick.<\/p>\n<p>Om n\u00e5gon har andra erfarenheter av Egon \u00e4r jag idel \u00f6ra om denne n\u00e5gon vill ber\u00e4tta det f\u00f6r mig. Jag skriver g\u00e4rna om det ocks\u00e5. Men s\u00e5 l\u00e4nge f\u00e5r ni urs\u00e4kta min okunnighet och n\u00f6ja er med att detta \u00e4r historien om mitt m\u00f6te med Egon.<\/p>\n<p>\/<strong>Marjukka Sagesj\u00f6<\/strong><\/p>\n","protected":false},"excerpt":{"rendered":"<p>Vaknade till ett lugnt Sundals Ryr. Allt verkade s\u00e5 stilla. S\u00e5 till den grad\u00a0 att jag k\u00e4nde mig tvungen att kontrollera huruvida det verkligen var sant eller ej. Egon kanske l\u00e5g och lurpassade bara. Likt en katt som g\u00f6r sig platt och trampar f\u00f6r att f\u00e5 riktig fart n\u00e4r det \u00e4r dags. Jag stack f\u00f6rsiktigt&#8230;<\/p>\n","protected":false},"author":3,"featured_media":0,"comment_status":"open","ping_status":"open","sticky":false,"template":"","format":"standard","meta":{"_monsterinsights_skip_tracking":false,"_monsterinsights_sitenote_active":false,"_monsterinsights_sitenote_note":"","_monsterinsights_sitenote_category":0,"footnotes":""},"categories":[1],"tags":[],"class_list":["post-2766","post","type-post","status-publish","format-standard","hentry","category-aktuellt"],"_links":{"self":[{"href":"http:\/\/sundalsryr.se\/index.php?rest_route=\/wp\/v2\/posts\/2766"}],"collection":[{"href":"http:\/\/sundalsryr.se\/index.php?rest_route=\/wp\/v2\/posts"}],"about":[{"href":"http:\/\/sundalsryr.se\/index.php?rest_route=\/wp\/v2\/types\/post"}],"author":[{"embeddable":true,"href":"http:\/\/sundalsryr.se\/index.php?rest_route=\/wp\/v2\/users\/3"}],"replies":[{"embeddable":true,"href":"http:\/\/sundalsryr.se\/index.php?rest_route=%2Fwp%2Fv2%2Fcomments&post=2766"}],"version-history":[{"count":1,"href":"http:\/\/sundalsryr.se\/index.php?rest_route=\/wp\/v2\/posts\/2766\/revisions"}],"predecessor-version":[{"id":2767,"href":"http:\/\/sundalsryr.se\/index.php?rest_route=\/wp\/v2\/posts\/2766\/revisions\/2767"}],"wp:attachment":[{"href":"http:\/\/sundalsryr.se\/index.php?rest_route=%2Fwp%2Fv2%2Fmedia&parent=2766"}],"wp:term":[{"taxonomy":"category","embeddable":true,"href":"http:\/\/sundalsryr.se\/index.php?rest_route=%2Fwp%2Fv2%2Fcategories&post=2766"},{"taxonomy":"post_tag","embeddable":true,"href":"http:\/\/sundalsryr.se\/index.php?rest_route=%2Fwp%2Fv2%2Ftags&post=2766"}],"curies":[{"name":"wp","href":"https:\/\/api.w.org\/{rel}","templated":true}]}}