{"id":2792,"date":"2015-02-08T11:04:33","date_gmt":"2015-02-08T11:04:33","guid":{"rendered":"http:\/\/sundalsryr.se\/?p=2792"},"modified":"2015-02-08T11:08:36","modified_gmt":"2015-02-08T11:08:36","slug":"bokcirkel","status":"publish","type":"post","link":"http:\/\/sundalsryr.se\/?p=2792","title":{"rendered":"Bokcirkel"},"content":{"rendered":"<figure id=\"attachment_2793\" aria-describedby=\"caption-attachment-2793\" style=\"width: 510px\" class=\"wp-caption aligncenter\"><a href=\"http:\/\/sundalsryr.se\/wp-content\/uploads\/2015\/02\/books.jpg\"><img loading=\"lazy\" decoding=\"async\" class=\"size-full wp-image-2793 \" title=\"books\" src=\"http:\/\/sundalsryr.se\/wp-content\/uploads\/2015\/02\/books.jpg\" alt=\"\" width=\"510\" height=\"221\" srcset=\"http:\/\/sundalsryr.se\/wp-content\/uploads\/2015\/02\/books.jpg 850w, http:\/\/sundalsryr.se\/wp-content\/uploads\/2015\/02\/books-300x130.jpg 300w\" sizes=\"(max-width: 510px) 100vw, 510px\" \/><\/a><figcaption id=\"caption-attachment-2793\" class=\"wp-caption-text\"> <\/figcaption><\/figure>\n<div>Tycker du om att l\u00e4sa b\u00f6cker eller vill du b\u00f6rja l\u00e4sa? Jag vill kolla om det finns intresse att starta en bokcirkel h\u00e4r i Sundals Ryr, d\u00e4r vi tr\u00e4ffas en g\u00e5ng per m\u00e5nad och tipsar varandra om bra och l\u00e4sv\u00e4rda b\u00f6cker?<\/div>\n<div>Under f\u00f6rsta tr\u00e4ffen l\u00e4gger vi upp planen f\u00f6r hur vi vill att v\u00e5r bokcirkel ska vara utformad. Vad vi vill ha ut av den d.v.s. vad vi har som m\u00e5l. P\u00e5 v\u00e5ra tr\u00e4ffar kanske n\u00e5gon vill ber\u00e4tta n\u00e5got om en bok den l\u00e4st, varf\u00f6r denne tycker den var bra o.s.v. N\u00e5gra kanske har l\u00e4st samma bok och vill diskutera inneh\u00e5llet. Det beh\u00f6ver inte vara ett krav att ber\u00e4tta om en bok. Man kanske ocks\u00e5 ska kunna komma till cirkeln och f\u00e5 tips.<\/div>\n<div>\n<figure id=\"attachment_2799\" aria-describedby=\"caption-attachment-2799\" style=\"width: 150px\" class=\"wp-caption alignleft\"><a href=\"http:\/\/sundalsryr.se\/wp-content\/uploads\/2015\/02\/bokcirkel1.jpg\"><img loading=\"lazy\" decoding=\"async\" class=\"size-thumbnail wp-image-2799\" title=\"bokcirkel\" src=\"http:\/\/sundalsryr.se\/wp-content\/uploads\/2015\/02\/bokcirkel1-150x150.jpg\" alt=\"\" width=\"150\" height=\"150\" srcset=\"http:\/\/sundalsryr.se\/wp-content\/uploads\/2015\/02\/bokcirkel1-150x150.jpg 150w, http:\/\/sundalsryr.se\/wp-content\/uploads\/2015\/02\/bokcirkel1.jpg 300w\" sizes=\"(max-width: 150px) 100vw, 150px\" \/><\/a><figcaption id=\"caption-attachment-2799\" class=\"wp-caption-text\"> <\/figcaption><\/figure>\n<\/div>\n<div>\n<div><strong>Bokcirkeltr\u00e4ff<\/strong> 1 ggr\/m\u00e5nad med\u00a0<strong>start s\u00f6ndag 2015-03-01 klockan 15:00.<\/p>\n<p><\/strong><strong> <\/strong><strong> <\/strong><strong> <\/strong><strong> <\/strong><\/p>\n<\/div>\n<div>F\u00f6rsta tr\u00e4ffen sker hos\u00a0<strong>Marjukka Sagesj\u00f6 \u00d6stra Bleken 120 (Bolleruds gamla skola)<\/strong><\/div>\n<div>Anm\u00e4lan sker till Marjukka p\u00e5 telefon 0521-35123 eller 0767-914526<\/div>\n<div>Huset bjuder p\u00e5 fika.<\/div>\n<div><\/div>\n<div><\/div>\n<div><\/div>\n<div><\/div>\n<div><\/div>\n<div>\/<strong>Marjukka Sagesj\u00f6<\/strong><\/div>\n<\/div>\n","protected":false},"excerpt":{"rendered":"<p>Tycker du om att l\u00e4sa b\u00f6cker eller vill du b\u00f6rja l\u00e4sa? Jag vill kolla om det finns intresse att starta en bokcirkel h\u00e4r i Sundals Ryr, d\u00e4r vi tr\u00e4ffas en g\u00e5ng per m\u00e5nad och tipsar varandra om bra och l\u00e4sv\u00e4rda b\u00f6cker? Under f\u00f6rsta tr\u00e4ffen l\u00e4gger vi upp planen f\u00f6r hur vi vill att v\u00e5r bokcirkel&#8230;<\/p>\n","protected":false},"author":3,"featured_media":0,"comment_status":"open","ping_status":"open","sticky":false,"template":"","format":"standard","meta":{"_monsterinsights_skip_tracking":false,"_monsterinsights_sitenote_active":false,"_monsterinsights_sitenote_note":"","_monsterinsights_sitenote_category":0,"footnotes":""},"categories":[1],"tags":[],"class_list":["post-2792","post","type-post","status-publish","format-standard","hentry","category-aktuellt"],"_links":{"self":[{"href":"http:\/\/sundalsryr.se\/index.php?rest_route=\/wp\/v2\/posts\/2792"}],"collection":[{"href":"http:\/\/sundalsryr.se\/index.php?rest_route=\/wp\/v2\/posts"}],"about":[{"href":"http:\/\/sundalsryr.se\/index.php?rest_route=\/wp\/v2\/types\/post"}],"author":[{"embeddable":true,"href":"http:\/\/sundalsryr.se\/index.php?rest_route=\/wp\/v2\/users\/3"}],"replies":[{"embeddable":true,"href":"http:\/\/sundalsryr.se\/index.php?rest_route=%2Fwp%2Fv2%2Fcomments&post=2792"}],"version-history":[{"count":6,"href":"http:\/\/sundalsryr.se\/index.php?rest_route=\/wp\/v2\/posts\/2792\/revisions"}],"predecessor-version":[{"id":2798,"href":"http:\/\/sundalsryr.se\/index.php?rest_route=\/wp\/v2\/posts\/2792\/revisions\/2798"}],"wp:attachment":[{"href":"http:\/\/sundalsryr.se\/index.php?rest_route=%2Fwp%2Fv2%2Fmedia&parent=2792"}],"wp:term":[{"taxonomy":"category","embeddable":true,"href":"http:\/\/sundalsryr.se\/index.php?rest_route=%2Fwp%2Fv2%2Fcategories&post=2792"},{"taxonomy":"post_tag","embeddable":true,"href":"http:\/\/sundalsryr.se\/index.php?rest_route=%2Fwp%2Fv2%2Ftags&post=2792"}],"curies":[{"name":"wp","href":"https:\/\/api.w.org\/{rel}","templated":true}]}}