{"id":2802,"date":"2015-02-15T20:32:23","date_gmt":"2015-02-15T20:32:23","guid":{"rendered":"http:\/\/sundalsryr.se\/?p=2802"},"modified":"2015-02-15T21:03:28","modified_gmt":"2015-02-15T21:03:28","slug":"sommaren-med-sjunde","status":"publish","type":"post","link":"http:\/\/sundalsryr.se\/?p=2802","title":{"rendered":"Det var en g\u00e5ng&#8230;Sommaren med Sjunde"},"content":{"rendered":"<p>H\u00e4r p\u00e5 hemsidan finns en flik som heter \u201dsundals ryr\u201d, d\u00e4runder finns det till exempel tips p\u00e5 sev\u00e4rdheter och litteratur om bygden. En bok som det tipsas om \u00e4r <strong><em>Sommaren med sjunde. <\/em><\/strong>H\u00e4r kommer en kort \u00e5terber\u00e4ttelse av boken.<\/p>\n<figure id=\"attachment_2803\" aria-describedby=\"caption-attachment-2803\" style=\"width: 150px\" class=\"wp-caption alignright\"><a href=\"http:\/\/sundalsryr.se\/wp-content\/uploads\/2015\/02\/IMG_1846.jpg\"><img loading=\"lazy\" decoding=\"async\" class=\"size-thumbnail wp-image-2803\" title=\"IMG_1846\" src=\"http:\/\/sundalsryr.se\/wp-content\/uploads\/2015\/02\/IMG_1846-150x150.jpg\" alt=\"\" width=\"150\" height=\"150\" srcset=\"http:\/\/sundalsryr.se\/wp-content\/uploads\/2015\/02\/IMG_1846-150x150.jpg 150w, http:\/\/sundalsryr.se\/wp-content\/uploads\/2015\/02\/IMG_1846-300x300.jpg 300w, http:\/\/sundalsryr.se\/wp-content\/uploads\/2015\/02\/IMG_1846-1024x1024.jpg 1024w\" sizes=\"(max-width: 150px) 100vw, 150px\" \/><\/a><figcaption id=\"caption-attachment-2803\" class=\"wp-caption-text\"> <\/figcaption><\/figure>\n<p>\u00c5ret \u00e4r 1940, det \u00e4r krig och orostider i Europa. Tyskland har f\u00f6resatt sig att ta revansch f\u00f6r f\u00f6rlusten i 1:a v\u00e4rldskriget och inr\u00e4tta ett stort imperium. De har ett drygt halv\u00e5r tidigare g\u00e5tt in i Polen. Den 9 april \u00e4r en mulen och kall dag i dubbel bem\u00e4rkelse, d\u00e5 det meddelas p\u00e5 radion att b\u00e5de Danmark och Norge invaderats av tyskarna. Fr\u00e5n den dagen s\u00e4ndes det ut hundratusentals inkallelseorder till m\u00e4n \u00f6ver hela landet. S\u00e5 \u00e4ven till mannarna i sjunde kompaniet vid I9 i Sk\u00f6vde. Trots att v\u00e5rbruket snart stod f\u00f6r d\u00f6rren fanns det inget annat att g\u00f6ra \u00e4n att inst\u00e4lla sig f\u00f6r tj\u00e4nst. Redan den 12 april anl\u00e4nde de f\u00f6rsta mannarna till deras utrustningsplats i Axvall och efter ett par dagar var de marschf\u00e4rdiga.<\/p>\n<p>Den 17 april transporterades de med t\u00e5g, i boskapsvagnar.\u00a0 Slutdestinationen var ok\u00e4nd f\u00f6r de flesta. S\u00e5 sm\u00e5ningom skymtade man G\u00f6teborg och d\u00e4r v\u00e4xlades t\u00e5get norrut. Mitt i natten kom man fram. Tr\u00f6tta och hungriga mannar lastade av h\u00e4star, k\u00e4rror, pj\u00e4ser, t\u00e4lt och f\u00f6rr\u00e5d. Man s\u00f6kte efter namnet p\u00e5 stationen men var skylten \u00f6verm\u00e5lad. Inne i stationshuset v\u00e4ntade lottor med ett rej\u00e4lt m\u00e5l mat och de kunde ber\u00e4tta att man kommit till Mellerud.<\/p>\n<p><strong><em> <\/em><\/strong><\/p>\n<p>Nu var det en mil att g\u00e5 s\u00f6derut till f\u00f6rl\u00e4ggningen som f\u00f6rtrupperna ordnat. Natten var svart, men efter flera vederm\u00f6dor kom de vid halv tre, till slut fram till Eriksbyn i \u00d6r som var slutdestination. De somnade omg\u00e5ende och f\u00f6rst l\u00e5ngt fram p\u00e5 dagen den 18e st\u00e4lldes kompaniet upp och m\u00f6nstrades. Ett kallt sn\u00f6glopp kl\u00e4dde denna dag de dalsl\u00e4ndska \u00e4ngderna i vitt.<\/p>\n<figure id=\"attachment_2804\" aria-describedby=\"caption-attachment-2804\" style=\"width: 491px\" class=\"wp-caption alignleft\"><a href=\"http:\/\/sundalsryr.se\/wp-content\/uploads\/2015\/02\/IMG_1885.jpg\"><img loading=\"lazy\" decoding=\"async\" class=\"size-large wp-image-2804  \" title=\"IMG_1885\" src=\"http:\/\/sundalsryr.se\/wp-content\/uploads\/2015\/02\/IMG_1885-1024x625.jpg\" alt=\"\" width=\"491\" height=\"300\" srcset=\"http:\/\/sundalsryr.se\/wp-content\/uploads\/2015\/02\/IMG_1885-1024x625.jpg 1024w, http:\/\/sundalsryr.se\/wp-content\/uploads\/2015\/02\/IMG_1885-300x183.jpg 300w\" sizes=\"(max-width: 491px) 100vw, 491px\" \/><\/a><figcaption id=\"caption-attachment-2804\" class=\"wp-caption-text\">Bollungens skola<\/figcaption><\/figure>\n<p>Den 9 maj t\u00e5gade sjunde kompaniet vidare. Regementet I9 hade f\u00e5tt p\u00e5 sin lott att f\u00f6rsvara linjen V\u00e4nersborg-Uddevalla, med undantag f\u00f6r just sjunde kompaniet som skulle ha f\u00f6rpostering ett par mil norrut, f\u00f6r att hindra en fiende att fr\u00e5n norska sidan tr\u00e4nga fram mot s\u00f6dra dal. <em>\u201dvi gick den slingrande vackra leden i kanten av fj\u00e4llet l\u00e4ngs v\u00e4stra stranden av \u00d6rsj\u00f6n, f\u00f6rbi den h\u00f6ga Borekulle och de idylliska stugorna vi kvarnplatsen \u00c5smule. Men marschtr\u00e4nade var vi inte, n\u00e4r vi kom ner p\u00e5 sl\u00e4tten kring den stora kyrkan i Sundals ryr var vi tr\u00f6tta. D\u00e4r vid \u00c5rbol l\u00e4mnade andraplutonen och kulspruteplutonen v\u00e5r kolonn och vek av v\u00e4sterut mot Bollungen. N\u00e5gra kilometer s\u00f6derut vid H\u00e4ljebyn \u00f6vergavs vi av tre grupper ur tredjeplutonen, som nu hade en dryg halvmil kvar till Bollungsn\u00e4s skola. Huvudstyrkan fortsatte, men vid Hakerud tog vi ocks\u00e5 h\u00f6ger. De \u00e5tta \u00e5terst\u00e5ende kilometrarna till R\u00e5danefors blev en h\u00e5rd pr\u00f6vning med b\u00e5de skoskav och remskav\u201d <\/em><\/p>\n<figure id=\"attachment_2805\" aria-describedby=\"caption-attachment-2805\" style=\"width: 368px\" class=\"wp-caption alignright\"><em><a href=\"http:\/\/sundalsryr.se\/wp-content\/uploads\/2015\/02\/IMG_1888.jpg\"><img loading=\"lazy\" decoding=\"async\" class=\"size-large wp-image-2805  \" title=\"IMG_1888\" src=\"http:\/\/sundalsryr.se\/wp-content\/uploads\/2015\/02\/IMG_1888-1024x657.jpg\" alt=\"\" width=\"368\" height=\"236\" srcset=\"http:\/\/sundalsryr.se\/wp-content\/uploads\/2015\/02\/IMG_1888-1024x657.jpg 1024w, http:\/\/sundalsryr.se\/wp-content\/uploads\/2015\/02\/IMG_1888-300x192.jpg 300w\" sizes=\"(max-width: 368px) 100vw, 368px\" \/><\/a><\/em><figcaption id=\"caption-attachment-2805\" class=\"wp-caption-text\">G\u00e5rden Kasa <\/figcaption><\/figure>\n<p><em> <\/em><\/p>\n<p>F\u00f6r oviss framtid hamnade allts\u00e5 Sjunde i trakterna kring R\u00e5danesj\u00f6n och Bollungssj\u00f6n. Nu var det mycket att sk\u00f6ta om. Kokvagnen skulle ig\u00e5ng, sjukv\u00e5rdaren pl\u00e5strade om skavs\u00e5r, stallplatser till h\u00e4starna ordnades och telefonf\u00f6rbindelse med resten av arm\u00e9n uppr\u00e4ttades. Strategiskt hade de en utsatt position som f\u00f6rpost framf\u00f6r huvudf\u00f6rsvarslinjen, med uppgift att fr\u00e4mst sp\u00e4rra de sj\u00f6pass vid s\u00f6dra Kroppefj\u00e4ll som blev aktuella om fienden fick f\u00f6r sig att g\u00e5 fram via Ed, B\u00e4ckefors, H\u00f6gs\u00e4ter och Stigen mot Fr\u00e4ndefors och V\u00e4nersborg.<\/p>\n<figure id=\"attachment_2807\" aria-describedby=\"caption-attachment-2807\" style=\"width: 300px\" class=\"wp-caption alignleft\"><a href=\"http:\/\/sundalsryr.se\/wp-content\/uploads\/2015\/02\/H\u00f6gtakan-Bunkern.jpg\"><img loading=\"lazy\" decoding=\"async\" class=\"size-medium wp-image-2807\" title=\"H\u00f6gtakan Bunkern\" src=\"http:\/\/sundalsryr.se\/wp-content\/uploads\/2015\/02\/H\u00f6gtakan-Bunkern-300x225.jpg\" alt=\"\" width=\"300\" height=\"225\" srcset=\"http:\/\/sundalsryr.se\/wp-content\/uploads\/2015\/02\/H\u00f6gtakan-Bunkern-300x225.jpg 300w, http:\/\/sundalsryr.se\/wp-content\/uploads\/2015\/02\/H\u00f6gtakan-Bunkern-1024x768.jpg 1024w, http:\/\/sundalsryr.se\/wp-content\/uploads\/2015\/02\/H\u00f6gtakan-Bunkern.jpg 1600w\" sizes=\"(max-width: 300px) 100vw, 300px\" \/><\/a><figcaption id=\"caption-attachment-2807\" class=\"wp-caption-text\">Bunkern vid H\u00f6getakan som den ser ut i dag.                     Foto Sigvard Lindhe<\/figcaption><\/figure>\n<p>V\u00e4gsp\u00e4rrar, tankhinder, bunkrar, skyddsrum och kulspruten\u00e4sten skulle m\u00f6jligg\u00f6ra ett f\u00f6rsvar r\u00e4knade strategerna ut. Och med det sattes mannarna i arbete n\u00e4r v\u00e5ren \u00f6vergick i sommar. \u00c4nnu kan man se sp\u00e5r efter n\u00e5gra av dessa anordningar. Bunkrarna vid Bollungen och H\u00f6getakan finns fortfarande kvar och p\u00e5 flera st\u00e4llen kan man se sp\u00e5r efter skyttegravarna som de gr\u00e4vde.<\/p>\n<p>N\u00e4r l\u00e4rarinnan Ellen Andersson i Bollungsn\u00e4s skola fick h\u00f6ra att hennes skola skulle bli milit\u00e4rf\u00f6rl\u00e4ggning blev hon f\u00f6rst helt stum. Men hon fann sig snabbt och hj\u00e4lpte sedan till att b\u00e4ra upp b\u00e4nkar och b\u00f6cker p\u00e5 vinden. I skolsalen bars det sedan in halm s\u00e5 att de 36 mannarna kunde sova p\u00e5 golvet. N\u00e4r Ellen efter ett tag l\u00e4rt k\u00e4nna skaraborgspojkarna bj\u00f6d hon dem p\u00e5 b\u00e5de kaffe och t\u00e5rta.<\/p>\n<figure id=\"attachment_2806\" aria-describedby=\"caption-attachment-2806\" style=\"width: 368px\" class=\"wp-caption alignleft\"><a href=\"http:\/\/sundalsryr.se\/wp-content\/uploads\/2015\/02\/IMG_1895.jpg\"><img loading=\"lazy\" decoding=\"async\" class=\"size-large wp-image-2806  \" title=\"IMG_1895\" src=\"http:\/\/sundalsryr.se\/wp-content\/uploads\/2015\/02\/IMG_1895-1024x736.jpg\" alt=\"\" width=\"368\" height=\"265\" srcset=\"http:\/\/sundalsryr.se\/wp-content\/uploads\/2015\/02\/IMG_1895-1024x736.jpg 1024w, http:\/\/sundalsryr.se\/wp-content\/uploads\/2015\/02\/IMG_1895-300x215.jpg 300w\" sizes=\"(max-width: 368px) 100vw, 368px\" \/><\/a><figcaption id=\"caption-attachment-2806\" class=\"wp-caption-text\">I Stuta-Lars stuga i Bollungen bodde bef\u00e4len<\/figcaption><\/figure>\n<p>P\u00e5 g\u00e5rden Kasa mellan Bollungesj\u00f6ns nord\u00e4nda och \u00c5rbol fick 76 man sin f\u00f6rl\u00e4ggning. Det ber\u00e4ttas att till midsommarfesten i Bollungen kom folk i rader med kakor till kaffet, st\u00e4mningen ska till och med ha f\u00f6rst\u00e4rkts med hembr\u00e4nt fr\u00e5n Br\u00e5landa. S\u00e4ckl\u00f6pningen mellan rekryterna l\u00e4r ha blivit en mycket glad tillst\u00e4llning.<\/p>\n<figure id=\"attachment_2808\" aria-describedby=\"caption-attachment-2808\" style=\"width: 300px\" class=\"wp-caption alignright\"><a href=\"http:\/\/sundalsryr.se\/wp-content\/uploads\/2015\/02\/Bollungen-Bunker-050704.jpg\"><img loading=\"lazy\" decoding=\"async\" class=\"size-medium wp-image-2808\" title=\"Bollungen Bunker 050704\" src=\"http:\/\/sundalsryr.se\/wp-content\/uploads\/2015\/02\/Bollungen-Bunker-050704-300x221.jpg\" alt=\"\" width=\"300\" height=\"221\" srcset=\"http:\/\/sundalsryr.se\/wp-content\/uploads\/2015\/02\/Bollungen-Bunker-050704-300x221.jpg 300w, http:\/\/sundalsryr.se\/wp-content\/uploads\/2015\/02\/Bollungen-Bunker-050704-1024x757.jpg 1024w\" sizes=\"(max-width: 300px) 100vw, 300px\" \/><\/a><figcaption id=\"caption-attachment-2808\" class=\"wp-caption-text\">Bunkern vid Bollungen. Foto Sigvard Lindhe<\/figcaption><\/figure>\n<p>Under fem m\u00e5nader sommaren 1940 levde \u201dSjunde\u201d h\u00e4r i trakten och ber\u00e4ttar sj\u00e4lva att de blev mottagna med stor g\u00e4stfrihet. Med arbetet tog man det ganska lugnt, i efterhand fr\u00e5gar de sig hur s\u00e5 m\u00e5nga kunde \u00e5stadkomma s\u00e5 lite. Fiske, bad, danser, kaffedrickning \u00a0och att hj\u00e4lpa till med sk\u00f6rden p\u00e5 n\u00e5gon g\u00e5rd verkar ha upptagit stor del av tiden. Eller s\u00e5 \u00e4r det helt enkelt s\u00e5 man i efterhand vill minnas orostider, f\u00f6r s\u00e5 s\u00e4rskilt glamor\u00f6st var det nog inte och g\u00e5ng p\u00e5 g\u00e5ng kom larm om h\u00f6jd beredskap n\u00e4r man f\u00e5tt indikationer om att fienden var i ant\u00e5gande.<\/p>\n<p>L\u00e4s g\u00e4rna vidare om hur de hade det och om det allvarliga l\u00e4get som r\u00e5dde vid den tiden. Boken <strong>Sommaren med sjunde av Folke Tengeland <\/strong>finns p\u00e5 biblioteket i Br\u00e5landa.<\/p>\n<p>\/Susanne Borss\u00e9n<\/p>\n","protected":false},"excerpt":{"rendered":"<p>H\u00e4r p\u00e5 hemsidan finns en flik som heter \u201dsundals ryr\u201d, d\u00e4runder finns det till exempel tips p\u00e5 sev\u00e4rdheter och litteratur om bygden. En bok som det tipsas om \u00e4r Sommaren med sjunde. H\u00e4r kommer en kort \u00e5terber\u00e4ttelse av boken. \u00c5ret \u00e4r 1940, det \u00e4r krig och orostider i Europa. Tyskland har f\u00f6resatt sig att ta&#8230;<\/p>\n","protected":false},"author":3,"featured_media":0,"comment_status":"open","ping_status":"open","sticky":false,"template":"","format":"standard","meta":{"_monsterinsights_skip_tracking":false,"_monsterinsights_sitenote_active":false,"_monsterinsights_sitenote_note":"","_monsterinsights_sitenote_category":0,"footnotes":""},"categories":[1,13],"tags":[],"class_list":["post-2802","post","type-post","status-publish","format-standard","hentry","category-aktuellt","category-det-var-en-gang"],"_links":{"self":[{"href":"http:\/\/sundalsryr.se\/index.php?rest_route=\/wp\/v2\/posts\/2802"}],"collection":[{"href":"http:\/\/sundalsryr.se\/index.php?rest_route=\/wp\/v2\/posts"}],"about":[{"href":"http:\/\/sundalsryr.se\/index.php?rest_route=\/wp\/v2\/types\/post"}],"author":[{"embeddable":true,"href":"http:\/\/sundalsryr.se\/index.php?rest_route=\/wp\/v2\/users\/3"}],"replies":[{"embeddable":true,"href":"http:\/\/sundalsryr.se\/index.php?rest_route=%2Fwp%2Fv2%2Fcomments&post=2802"}],"version-history":[{"count":5,"href":"http:\/\/sundalsryr.se\/index.php?rest_route=\/wp\/v2\/posts\/2802\/revisions"}],"predecessor-version":[{"id":2811,"href":"http:\/\/sundalsryr.se\/index.php?rest_route=\/wp\/v2\/posts\/2802\/revisions\/2811"}],"wp:attachment":[{"href":"http:\/\/sundalsryr.se\/index.php?rest_route=%2Fwp%2Fv2%2Fmedia&parent=2802"}],"wp:term":[{"taxonomy":"category","embeddable":true,"href":"http:\/\/sundalsryr.se\/index.php?rest_route=%2Fwp%2Fv2%2Fcategories&post=2802"},{"taxonomy":"post_tag","embeddable":true,"href":"http:\/\/sundalsryr.se\/index.php?rest_route=%2Fwp%2Fv2%2Ftags&post=2802"}],"curies":[{"name":"wp","href":"https:\/\/api.w.org\/{rel}","templated":true}]}}