{"id":2819,"date":"2015-02-27T18:31:48","date_gmt":"2015-02-27T18:31:48","guid":{"rendered":"http:\/\/sundalsryr.se\/?p=2819"},"modified":"2015-02-27T18:31:48","modified_gmt":"2015-02-27T18:31:48","slug":"aktiv-vecka","status":"publish","type":"post","link":"http:\/\/sundalsryr.se\/?p=2819","title":{"rendered":"Aktiv vecka"},"content":{"rendered":"<p>I onsdags kom det inte mindre \u00e4n 55 personer f\u00f6r att titta p\u00e5 filmerna om Rune. Det \u00e4r verkligen kul att byalagets aktiviteter \u00e4r s\u00e5 uppskattade. Till h\u00f6sten blir det troligtvis en visning av de tv\u00e5 n\u00e4sta filmerna om Rune (jag skriver inte de tv\u00e5 sista, f\u00f6r vem vet det kanske kommer fler) \u00c4ven filmen om Torsten Frendberg ska vi visa om det finns m\u00f6jlighet.<\/p>\n<p>P\u00e5 torsdagslunchen serverades k\u00e5lpudding, potatis, gr\u00f6nsaker, s\u00e5s och lingonsylt. Det kom\u00a0 34 personer som \u00e5t, b\u00e5de barn och vuxna. M\u00e5nga kanske tog det som en uppladdning innan tv-s\u00e4ndningen fr\u00e5n skid-VM i Falun b\u00f6rjade. En perfekt uppladdning skulle det visa sig d\u00e5 v\u00e5ra skidtjejer p\u00e5 eftermiddagen k\u00f6rde hem ett stafett-silver.<\/p>\n<figure id=\"attachment_2820\" aria-describedby=\"caption-attachment-2820\" style=\"width: 300px\" class=\"wp-caption alignleft\"><a href=\"http:\/\/sundalsryr.se\/wp-content\/uploads\/2015\/02\/norsk-s\u00e5g.jpg\"><img loading=\"lazy\" decoding=\"async\" class=\"size-medium wp-image-2820\" title=\"norsk s\u00e5g\" src=\"http:\/\/sundalsryr.se\/wp-content\/uploads\/2015\/02\/norsk-s\u00e5g-300x195.jpg\" alt=\"\" width=\"300\" height=\"195\" srcset=\"http:\/\/sundalsryr.se\/wp-content\/uploads\/2015\/02\/norsk-s\u00e5g-300x195.jpg 300w, http:\/\/sundalsryr.se\/wp-content\/uploads\/2015\/02\/norsk-s\u00e5g.jpg 480w\" sizes=\"(max-width: 300px) 100vw, 300px\" \/><\/a><figcaption id=\"caption-attachment-2820\" class=\"wp-caption-text\">  <\/figcaption><\/figure>\n<p>V\u00e5rens motors\u00e5gskurs blev fulltecknad direkt och har redan haft sitt f\u00f6rsta kurstillf\u00e4lle, s\u00e5 denna vecka har verkligen varit en aktiv vecka!<\/p>\n<p>Norrm\u00e4nnen \u00e4r bra p\u00e5 skidor men det d\u00e4r med motors\u00e5g undrar jag om de kan?<\/p>\n","protected":false},"excerpt":{"rendered":"<p>I onsdags kom det inte mindre \u00e4n 55 personer f\u00f6r att titta p\u00e5 filmerna om Rune. Det \u00e4r verkligen kul att byalagets aktiviteter \u00e4r s\u00e5 uppskattade. Till h\u00f6sten blir det troligtvis en visning av de tv\u00e5 n\u00e4sta filmerna om Rune (jag skriver inte de tv\u00e5 sista, f\u00f6r vem vet det kanske kommer fler) \u00c4ven filmen&#8230;<\/p>\n","protected":false},"author":3,"featured_media":0,"comment_status":"open","ping_status":"open","sticky":false,"template":"","format":"standard","meta":{"_monsterinsights_skip_tracking":false,"_monsterinsights_sitenote_active":false,"_monsterinsights_sitenote_note":"","_monsterinsights_sitenote_category":0,"footnotes":""},"categories":[1],"tags":[],"class_list":["post-2819","post","type-post","status-publish","format-standard","hentry","category-aktuellt"],"_links":{"self":[{"href":"http:\/\/sundalsryr.se\/index.php?rest_route=\/wp\/v2\/posts\/2819"}],"collection":[{"href":"http:\/\/sundalsryr.se\/index.php?rest_route=\/wp\/v2\/posts"}],"about":[{"href":"http:\/\/sundalsryr.se\/index.php?rest_route=\/wp\/v2\/types\/post"}],"author":[{"embeddable":true,"href":"http:\/\/sundalsryr.se\/index.php?rest_route=\/wp\/v2\/users\/3"}],"replies":[{"embeddable":true,"href":"http:\/\/sundalsryr.se\/index.php?rest_route=%2Fwp%2Fv2%2Fcomments&post=2819"}],"version-history":[{"count":2,"href":"http:\/\/sundalsryr.se\/index.php?rest_route=\/wp\/v2\/posts\/2819\/revisions"}],"predecessor-version":[{"id":2822,"href":"http:\/\/sundalsryr.se\/index.php?rest_route=\/wp\/v2\/posts\/2819\/revisions\/2822"}],"wp:attachment":[{"href":"http:\/\/sundalsryr.se\/index.php?rest_route=%2Fwp%2Fv2%2Fmedia&parent=2819"}],"wp:term":[{"taxonomy":"category","embeddable":true,"href":"http:\/\/sundalsryr.se\/index.php?rest_route=%2Fwp%2Fv2%2Fcategories&post=2819"},{"taxonomy":"post_tag","embeddable":true,"href":"http:\/\/sundalsryr.se\/index.php?rest_route=%2Fwp%2Fv2%2Ftags&post=2819"}],"curies":[{"name":"wp","href":"https:\/\/api.w.org\/{rel}","templated":true}]}}